{"id":207049,"date":"2026-01-15T18:10:10","date_gmt":"2026-01-15T18:10:10","guid":{"rendered":"https:\/\/www.europesays.com\/pl\/207049\/"},"modified":"2026-01-15T18:10:10","modified_gmt":"2026-01-15T18:10:10","slug":"balon-z-cyrylica-spadl-w-polsce-abw-i-prokuratura-badaja-sprawe","status":"publish","type":"post","link":"https:\/\/www.europesays.com\/pl\/207049\/","title":{"rendered":"Balon z cyrylic\u0105 spad\u0142 w Polsce. ABW i prokuratura badaj\u0105 spraw\u0119"},"content":{"rendered":"<p>Na miejsce skierowani zostali policjanci, kt\u00f3rzy zabezpieczyli obiekt i\u00a0przekazali zg\u0142oszenie do w\u0142a\u015bciwych s\u0142u\u017cb.<\/p>\n<p>Obiekt obejrza\u0142 technik z\u00a0Laboratorium Kryminalistycznego Komendy Wojew\u00f3dzkiej Policji w\u00a0Olsztynie. Wed\u0142ug wst\u0119pnych ustale\u0144, mog\u0142a to by\u0107 radiosonda meteorologiczna wyposa\u017cona w\u00a0urz\u0105dzenia do namierzania GPS. &#8211;\u00a0Taka sonda mo\u017ce wznie\u015b\u0107 si\u0119 na wysoko\u015b\u0107 nawet 30 kilometr\u00f3w &#8211;\u00a0przekaza\u0142 technik cytowany przez RMF24.<\/p>\n<p>Prokuratura prowadzi czynno\u015bci wyja\u015bniaj\u0105ce w\u00a0sprawie pochodzenia balonu &#8211;\u00a0sk\u0105d m\u00f3g\u0142 zosta\u0107 wypuszczony balon oraz do czego s\u0142u\u017cy\u0142. Zapowiedziano, \u017ce specjali\u015bci z\u00a0Agencji Bezpiecze\u0144stwa Wewn\u0119trznego maj\u0105 przeprowadzi\u0107 szczeg\u00f3\u0142owe badania urz\u0105dzenia i\u00a0oznacze\u0144, kt\u00f3re na nim widnia\u0142y.<\/p>\n","protected":false},"excerpt":{"rendered":"Na miejsce skierowani zostali policjanci, kt\u00f3rzy zabezpieczyli obiekt i\u00a0przekazali zg\u0142oszenie do w\u0142a\u015bciwych s\u0142u\u017cb. Obiekt obejrza\u0142 technik z\u00a0Laboratorium Kryminalistycznego&hellip;\n","protected":false},"author":2,"featured_media":207050,"comment_status":"","ping_status":"","sticky":false,"template":"","format":"standard","meta":{"footnotes":""},"categories":[12],"tags":[32,33,36,37,27,34,35,28,31,25,42,38,40,39,41,29,30,26],"class_list":{"0":"post-207049","1":"post","2":"type-post","3":"status-publish","4":"format-standard","5":"has-post-thumbnail","7":"category-polska","8":"tag-breaking-news","9":"tag-breakingnews","10":"tag-featured-news","11":"tag-featurednews","12":"tag-headlines","13":"tag-latest-news","14":"tag-latestnews","15":"tag-naglowki","16":"tag-najwazniejsze-artykuly","17":"tag-news","18":"tag-pl","19":"tag-poland","20":"tag-polish","21":"tag-polska","22":"tag-polski","23":"tag-top-stories","24":"tag-topstories","25":"tag-wiadomosci"},"share_on_mastodon":{"url":"https:\/\/pubeurope.com\/@pl\/115900463424724242","error":""},"_links":{"self":[{"href":"https:\/\/www.europesays.com\/pl\/wp-json\/wp\/v2\/posts\/207049","targetHints":{"allow":["GET"]}}],"collection":[{"href":"https:\/\/www.europesays.com\/pl\/wp-json\/wp\/v2\/posts"}],"about":[{"href":"https:\/\/www.europesays.com\/pl\/wp-json\/wp\/v2\/types\/post"}],"author":[{"embeddable":true,"href":"https:\/\/www.europesays.com\/pl\/wp-json\/wp\/v2\/users\/2"}],"replies":[{"embeddable":true,"href":"https:\/\/www.europesays.com\/pl\/wp-json\/wp\/v2\/comments?post=207049"}],"version-history":[{"count":0,"href":"https:\/\/www.europesays.com\/pl\/wp-json\/wp\/v2\/posts\/207049\/revisions"}],"wp:featuredmedia":[{"embeddable":true,"href":"https:\/\/www.europesays.com\/pl\/wp-json\/wp\/v2\/media\/207050"}],"wp:attachment":[{"href":"https:\/\/www.europesays.com\/pl\/wp-json\/wp\/v2\/media?parent=207049"}],"wp:term":[{"taxonomy":"category","embeddable":true,"href":"https:\/\/www.europesays.com\/pl\/wp-json\/wp\/v2\/categories?post=207049"},{"taxonomy":"post_tag","embeddable":true,"href":"https:\/\/www.europesays.com\/pl\/wp-json\/wp\/v2\/tags?post=207049"}],"curies":[{"name":"wp","href":"https:\/\/api.w.org\/{rel}","templated":true}]}}