{"id":207051,"date":"2026-01-15T18:11:18","date_gmt":"2026-01-15T18:11:18","guid":{"rendered":"https:\/\/www.europesays.com\/pl\/207051\/"},"modified":"2026-01-15T18:11:18","modified_gmt":"2026-01-15T18:11:18","slug":"rzad-chce-zmian-w-800-plus-w-2027-roku-nie-trzeba-bedzie-co-rok-skladac-wnioskow-i-nowa-grupa-osob-zyska-prawo-do-swiadczenia-wychowawczego","status":"publish","type":"post","link":"https:\/\/www.europesays.com\/pl\/207051\/","title":{"rendered":"Rz\u0105d chce zmian w 800 plus w 2027 roku. Nie trzeba b\u0119dzie co rok sk\u0142ada\u0107 wniosk\u00f3w i nowa grupa os\u00f3b zyska prawo do \u015bwiadczenia wychowawczego"},"content":{"rendered":"<p>Rodzice w Polsce b\u0119d\u0105 mogli zapomnie\u0107 o corocznym sk\u0142adaniu wniosk\u00f3w o popularne \u015bwiadczenie wychowawcze w wysoko\u015bci 800 z\u0142 na dziecko. Nowelizacja ustawy o pomocy pa\u0144stwa w wychowywaniu dzieci proponowana przez rz\u0105d wprowadzi\u0107 ma automatyczne, coroczne przed\u0142u\u017canie prawa do \u015bwiadczenia wychowawczego na kolejny roczny okres \u015bwiadczeniowy bez konieczno\u015bci osobistego sk\u0142adania przez rodzica wniosku. To jedna formalno\u015b\u0107 mniej dla milion\u00f3w rodzic\u00f3w. Ponadto nowa kategoria os\u00f3b zyska prawo do \u015bwiadczenia wychowawczego.<\/p>\n<p>    \u200bAutomatyczne przed\u0142u\u017canie prawa do 800 plus<\/p>\n<p>W dniu 13 stycznia 2026 r. w Wykazie prac legislacyjnych i programowych Rady Ministr\u00f3w opublikowano za\u0142o\u017cenia projektu nowelizacji ustawy o pomocy pa\u0144stwa w wychowywaniu dzieci. Ta nowelizacja przewiduje coroczne automatyczne odnawianie prawa do \u015bwiadczenia wychowawczego (popularnie zwanego 800 plus &#8211; wcze\u015bniej 500 plus) bez potrzeby sk\u0142adania wniosku. Rodzice zachowaj\u0105 jednak opcj\u0119 aktualizacji informacji, je\u015bli zmieni si\u0119 ich sytuacja rodzinna, np. poprzez narodziny nowego dziecka lub powr\u00f3t z zagranicy. To rozwi\u0105zanie ma wej\u015b\u0107 w \u017cycie od okresu \u015bwiadczeniowego 2027\/2028 (dok\u0142adnie od 1 czerwca 2027 r.), daj\u0105c Zak\u0142adowi Ubezpiecze\u0144 Spo\u0142ecznych czas na dostosowanie system\u00f3w IT.<\/p>\n<p>Jednocze\u015bnie pozostawiona b\u0119dzie oczywi\u015bcie mo\u017cliwo\u015b\u0107 wnioskowania przez rodzica o \u015bwiadczenie wychowawcze po raz pierwszy na dane dziecko \u2013 np. w przypadku urodzenia dziecka, czy powrotu rodzic\u00f3w z dzieckiem z zagranicy.<\/p>\n<p>Deregulacja niepotrzebnych formalno\u015bci<\/p>\n<p>Inicjatywa wpisuje si\u0119 w deregulacyjny postulat MRPiPS-29-322, ograniczaj\u0105cy biurokratyczne obowi\u0105zki obywateli. Realizuje te\u017c priorytet P43 rz\u0105du, dotycz\u0105cy uproszczenia systemu \u015bwiadcze\u0144 rodzinnych, ich dostosowania do najubo\u017cszych oraz cyfryzacji decyzji administracyjnych.<\/p>\n<p>Zmiany, kt\u00f3re ma przynie\u015b\u0107 ta nowelizacja zwi\u0119ksz\u0105 dost\u0119pno\u015b\u0107 \u015bwiadczenia dzi\u0119ki wykorzystaniu istniej\u0105cych danych ZUS, zapewniaj\u0105c ci\u0105g\u0142o\u015b\u0107 wyp\u0142at. Dla administracji oznacza to oszcz\u0119dno\u015bci i wy\u017csz\u0105 efektywno\u015b\u0107 dzi\u0119ki automatyzacji proces\u00f3w.<\/p>\n<p>Dodatkowe osoby zyskaj\u0105 prawo do \u015bwiadczenia wychowawczego<\/p>\n<p>Dodatkowym elementem tej nowelizacji ma by\u0107 rozszerzenie kr\u0119gu os\u00f3b uprawnionych do \u015bwiadczenia wychowawczego o osoby sprawuj\u0105ce tzw. piecz\u0119 bie\u017c\u0105c\u0105 nad dzieckiem na podstawie orzeczenia s\u0105dowego. To jest postulat Rzecznika Praw Dziecka, z kt\u00f3rym zgadza si\u0119 rz\u0105d.<\/p>\n<p>Kolejne kroki legislacyjne<\/p>\n<p>Nad projektem omawianej nowelizacji pracuje Ministerstwo Rodziny, Pracy i Polityki Spo\u0142ecznej. Rad\u0119 Ministr\u00f3w ma przyj\u0105\u0107 ten projekt w drugim kwartale 2026 roku.<\/p>\n<p>Wnioski o 800 plus &#8211; jak jest obecnie<\/p>\n<p>Od pocz\u0105tku funkcjonowania \u015bwiadcze\u0144 wychowawczych (najpierw tzw. 500 plus, aktualnie 800 plus) rodzice musz\u0105 najpierw z\u0142o\u017cy\u0107 pierwszy wniosek do ZUS (np. po urodzeniu dziecka), a potem corocznie ponawia\u0107 ten wniosek na nowy okres \u015bwiadczeniowy, kt\u00f3ry trwa od 1 czerwca danego roku do 31 maja roku nast\u0119pnego. Ten coroczny wniosek przed\u0142u\u017caj\u0105cy wyp\u0142at\u0119 \u015bwiadczenia mo\u017cna sk\u0142ada\u0107 od 1 lutego do 30 czerwca roku, w kt\u00f3rym zaczyna si\u0119 okres \u015bwiadczeniowy. Je\u017celi rodzic zmie\u015bci si\u0119 w tym terminie otrzymasz 800 plus od 1 czerwca do 31 maja roku nast\u0119pnego (np. je\u015bli z\u0142o\u017cy wniosek od 1 lutego do 30 czerwca 2026 r., otrzyma \u015bwiadczenie od 1 czerwca 2026 r. do 31 maja 2027 r.).<\/p>\n<p>Przy czym je\u017celi rodzi\u0107 z\u0142o\u017cy prawid\u0142owo wype\u0142niony wniosek z wymaganymi dokumentami:<br \/>&#8211; od 1 lutego do 30 kwietnia 2026 r. \u2013 ZUS rozpatrzy wniosek i wyp\u0142aci \u015bwiadczenie w terminie do 30 czerwca 2026 r.,<br \/>&#8211; od 1 do 31 maja 2026 r. \u2013 ZUS rozpatrzy wniosek i wyp\u0142aci \u015bwiadczenie z wyr\u00f3wnaniem za czerwiec &#8211; w terminie do 31 lipca 2026 r.,<br \/>&#8211; od 1 do 30 czerwca 2026 r. &#8211; ZUS rozpatrzy wniosek i wyp\u0142aci \u015bwiadczenie z wyr\u00f3wnaniem za czerwiec &#8211; w terminie do 31 sierpnia 2026 r.,<br \/>&#8211; od 1 do 31 lipca 2026 r. \u2013 ZUS rozpatrzy wniosek i wyp\u0142aci \u015bwiadczenie z wyr\u00f3wnaniem jedynie od lipca &#8211; w terminie do 30 wrze\u015bnia 2026 r.,<br \/>&#8211; od 1 do 31 sierpnia 2026 r. \u2013 ZUS rozpatrzy wniosek i wyp\u0142aci \u015bwiadczenie, z wyr\u00f3wnaniem jedynie od sierpnia &#8211; w terminie do 31 pa\u017adziernika 2026 r.<\/p>\n<p>Jak wyja\u015bnia ZUS, aby otrzyma\u0107 \u015bwiadczenie wychowawcze trzeba z\u0142o\u017cy\u0107 wniosek:<br \/>SW-R \u2013 je\u015bli jeste\u015b matk\u0105 albo ojcem dziecka,<br \/>SW-O \u2013 je\u015bli sprawujesz piecz\u0119 zast\u0119pcz\u0105 nad dzieckiem albo jeste\u015b opiekunem prawnym, albo opiekunem faktycznym,<br \/>SW-D \u2013 je\u015bli jeste\u015b dyrektorem: plac\u00f3wki opieku\u0144czo-wychowawczej, opieku\u0144czo-terapeutycznej, interwencyjnego o\u015brodka preadopcyjnego, domu pomocy spo\u0142ecznej.<\/p>\n<p>ZUS wyja\u015bnia te\u017c, \u017ce je\u015bli dana osoba wyst\u0119puje o \u015bwiadczenie wychowawcze na kilkoro dzieci i forma opieki jest taka sama (np. jest matk\u0105 albo ojcem dzieci), musi z\u0142o\u017cy\u0107 jeden wniosek.<br \/>Ale gdy forma opieki jest inna, np. dana osoba wyst\u0119puje o \u015bwiadczenie wychowawcze na dziecko, kt\u00f3rego jest rodzicem oraz na dziecko, kt\u00f3rego jest opiekunem prawnym, musi z\u0142o\u017cy\u0107 dwa wnioski \u2013 SW-R i SW-O.<\/p>\n<p>Wnioski o \u015bwiadczenie wychowawcze mo\u017cna z\u0142o\u017cy\u0107 tylko elektronicznie.<\/p>\n<p>Wszystkie wnioski (SW-R, SW-O, SW-D) mo\u017cna z\u0142o\u017cy\u0107 przez <a href=\"https:\/\/www.zus.pl\/ezus\/logowanie?jezyk=pl\" rel=\"nofollow noopener\" target=\"_blank\">PUE\/eZUS<\/a>.<\/p>\n<p>Je\u015bli jeste\u015b matk\u0105 lub ojcem dziecka i masz numer PESEL mo\u017cesz z\u0142o\u017cy\u0107 wniosek SW-R tak\u017ce przez:<br \/>&#8211; <a href=\"https:\/\/www.zus.pl\/mzus\" rel=\"nofollow noopener\" target=\"_blank\">aplikacj\u0119 mZUS<\/a>,<br \/>&#8211; <a href=\"https:\/\/empatia.mpips.gov.pl\/\" rel=\"nofollow noopener\" target=\"_blank\">portal Emp@tia<\/a>,<br \/>&#8211; system bankowo\u015bci elektronicznej swojego banku:<br \/>Alior Bank S.A, Bank PKO BP, Bank Pocztowy S.A, BNP Paribas S.A, BPS S.A, Credit Agricole Bank Polska S.A., VeloBank S.A. (poprzednio Getin Noble Bank S.A.), ING Bank \u015al\u0105ski S.A, mBank S.A., Millennium S.A, Nest Bank S.A, PEKAO S.A., Santander, SGB-Bank S.A., SKOK Centrum, SKOK Chmielewskiego, SKOK Energia, Krakowska SKOK, SKOK Kwiatkowskiego, SKOK Progres, Regionalna SKOK im. \u015aw. Brata Alberta, SKOK Stefczyka, SKOK Szopienice, SKOK Unii Lubelskiej, SKOK Wis\u0142a, SKOK Ziemi Rybnickiej, SKOK \u015al\u0105sk, SKOK \u015awidnik.<\/p>\n<p>\u0179r\u00f3d\u0142o: <a href=\"https:\/\/www.gov.pl\/web\/premier\/projekt-ustawy-o-zmianie-ustawy-o-pomocy-panstwa-w-wychowywaniu-dzieci4\" rel=\"nofollow noopener\" target=\"_blank\">Projekt ustawy o zmianie ustawy o pomocy pa\u0144stwa w wychowywaniu dzieci (za\u0142o\u017cenia) &#8211; UDER106<\/a>.<\/p>\n<p>Dalszy ci\u0105g materia\u0142u pod wideo<\/p>\n","protected":false},"excerpt":{"rendered":"Rodzice w Polsce b\u0119d\u0105 mogli zapomnie\u0107 o corocznym sk\u0142adaniu wniosk\u00f3w o popularne \u015bwiadczenie wychowawcze w wysoko\u015bci 800 z\u0142&hellip;\n","protected":false},"author":2,"featured_media":207052,"comment_status":"","ping_status":"","sticky":false,"template":"","format":"standard","meta":{"footnotes":""},"categories":[5],"tags":[1889,32,33,36,37,27,34,35,28,31,25,42,38,40,39,41,39678,29,30,26,39679],"class_list":{"0":"post-207051","1":"post","2":"type-post","3":"status-publish","4":"format-standard","5":"has-post-thumbnail","7":"category-naglowki","8":"tag-800-plus","9":"tag-breaking-news","10":"tag-breakingnews","11":"tag-featured-news","12":"tag-featurednews","13":"tag-headlines","14":"tag-latest-news","15":"tag-latestnews","16":"tag-naglowki","17":"tag-najwazniejsze-artykuly","18":"tag-news","19":"tag-pl","20":"tag-poland","21":"tag-polish","22":"tag-polska","23":"tag-polski","24":"tag-swiadczenie-wychowawcze","25":"tag-top-stories","26":"tag-topstories","27":"tag-wiadomosci","28":"tag-zmiany-prawa-2027"},"share_on_mastodon":{"url":"https:\/\/pubeurope.com\/@pl\/115900467375300839","error":""},"_links":{"self":[{"href":"https:\/\/www.europesays.com\/pl\/wp-json\/wp\/v2\/posts\/207051","targetHints":{"allow":["GET"]}}],"collection":[{"href":"https:\/\/www.europesays.com\/pl\/wp-json\/wp\/v2\/posts"}],"about":[{"href":"https:\/\/www.europesays.com\/pl\/wp-json\/wp\/v2\/types\/post"}],"author":[{"embeddable":true,"href":"https:\/\/www.europesays.com\/pl\/wp-json\/wp\/v2\/users\/2"}],"replies":[{"embeddable":true,"href":"https:\/\/www.europesays.com\/pl\/wp-json\/wp\/v2\/comments?post=207051"}],"version-history":[{"count":0,"href":"https:\/\/www.europesays.com\/pl\/wp-json\/wp\/v2\/posts\/207051\/revisions"}],"wp:featuredmedia":[{"embeddable":true,"href":"https:\/\/www.europesays.com\/pl\/wp-json\/wp\/v2\/media\/207052"}],"wp:attachment":[{"href":"https:\/\/www.europesays.com\/pl\/wp-json\/wp\/v2\/media?parent=207051"}],"wp:term":[{"taxonomy":"category","embeddable":true,"href":"https:\/\/www.europesays.com\/pl\/wp-json\/wp\/v2\/categories?post=207051"},{"taxonomy":"post_tag","embeddable":true,"href":"https:\/\/www.europesays.com\/pl\/wp-json\/wp\/v2\/tags?post=207051"}],"curies":[{"name":"wp","href":"https:\/\/api.w.org\/{rel}","templated":true}]}}