{"id":207078,"date":"2026-01-15T18:25:10","date_gmt":"2026-01-15T18:25:10","guid":{"rendered":"https:\/\/www.europesays.com\/pl\/207078\/"},"modified":"2026-01-15T18:25:10","modified_gmt":"2026-01-15T18:25:10","slug":"byly-minister-pracy-rosji-znaleziony-martwy-o-wszystko-nalezy-winic-moja-zone","status":"publish","type":"post","link":"https:\/\/www.europesays.com\/pl\/207078\/","title":{"rendered":"By\u0142y minister pracy Rosji znaleziony martwy. &#8222;O wszystko nale\u017cy wini\u0107 moj\u0105 \u017con\u0119&#8221;"},"content":{"rendered":"<p class=\"article-p\" data-section=\"detail-body\">Jak podaje portal Lenta.ru, Aleksiej Skliar zosta\u0142 znaleziony martwy na progu swojego domu na osiedlu Filimonkowskoje w <a href=\"https:\/\/sport.fakt.pl\/koszykowka\/maciej-lampe-przyjal-oferte-z-rosji-wiadomo-co-robi-w-moskwie\/085hhqd\" id=\"d955c31c-fd8e-45c9-a731-56c083dbe96e\" rel=\"nofollow noopener\" target=\"_blank\">Moskwie<\/a>. Obok m\u0119\u017cczyzny mia\u0142a le\u017ce\u0107 bro\u0144. S\u0142u\u017cby na miejsce wezwali przyjaciele by\u0142ego rosyjskiego polityka, kt\u00f3rzy nied\u0142ugo wcze\u015bniej otrzymali od niego niepokoj\u0105cy list.<\/p>\n<p class=\"article-p\" data-section=\"detail-body\">Czytaj tak\u017ce: <a href=\"https:\/\/www.fakt.pl\/wydarzenia\/swiat\/tajemnicza-smierc-rosyjskiego-menedzera-na-cyprze-zniknal-a-potem-go-znaleziono\/7n2wx2p\" id=\"64d100aa-63a2-441e-a9b9-71001eab3024\" rel=\"nofollow noopener\" target=\"_blank\">Najpierw dyplomata, teraz by\u0142y szef \u015bwiatowego giganta. Kolejna tajemnicza \u015bmier\u0107 w raju rosyjskich oligarch\u00f3w<\/a><\/p>\n<p>        Nie \u017cyje by\u0142y wiceminister Rosji Aleksiej Skliar<\/p>\n<p class=\"article-p\" data-section=\"detail-body\">&#8222;Czytacie ten list, kiedy mnie ju\u017c nie ma. O wszystko nale\u017cy wini\u0107 moj\u0105 \u017con\u0119&#8221; \u2014 mia\u0142a brzmie\u0107 tre\u015b\u0107 wiadomo\u015bci.<\/p>\n<p class=\"article-p\" data-section=\"detail-body\">Przy ciele Skliara znaleziono tak\u017ce o\u015bwiadczenie skierowane do Ministerstwa Spraw Wewn\u0119trznych z pro\u015bb\u0105 o przeprowadzenie kontroli i wszcz\u0119cie post\u0119powania karnego w sprawie nak\u0142aniania go do <a href=\"https:\/\/www.fakt.pl\/wydarzenia\/swiat\/tragedia-w-calimerze-matka-zabila-syna-a-pozniej-wskoczyla-do-morza\/zrmy5gr\" id=\"ebefffd1-6d64-475b-88f7-e68a05d3da26\" rel=\"nofollow noopener\" target=\"_blank\">samob\u00f3jstwa<\/a>. Obecnie spraw\u0105 \u015bmierci 50-latka zajmuj\u0105 si\u0119 \u015bledczy.<\/p>\n<p>        Odk\u0105d odszed\u0142 z polityki wpad\u0142 w k\u0142opoty<\/p>\n<p class=\"article-p\" data-section=\"detail-body\">Aleksiej Skliar by\u0142 wiceministrem pracy od 2018 r. W 2022 r. straci\u0142 stanowisko i odszed\u0142 z polityki, co wed\u0142ug Lenta.ru spowodowa\u0142o problemy rodzinne i finansowe, a tak\u017ce problemy z alkoholem. Skliar za\u0142o\u017cy\u0142 firm\u0119 zajmuj\u0105c\u0105 si\u0119 tworzeniem oprogramowania. W 2024 r. jej przychody wynios\u0142y ok. 5 mln rubli (ok. 230 tys. z\u0142). Dyrektorem generalnym firmy zosta\u0142a jego druga \u017cona, z kt\u00f3r\u0105 by\u0142 w zwi\u0105zku od 2023 r. Wed\u0142ug bliskich rodziny mi\u0119dzy ma\u0142\u017conkami cz\u0119sto dochodzi\u0142o do k\u0142\u00f3tni o pieni\u0105dze.<\/p>\n<p class=\"article-p\" data-section=\"detail-body\">\u017bona wywiera\u0142a presj\u0119 na Aleksieja, wymagaj\u0105c od niego sukces\u00f3w zawodowych \u2014 powiedzia\u0142 Lenta.ru informator. Wed\u0142ug niego ma\u0142\u017conkowie k\u0142\u00f3cili si\u0119 r\u00f3wnie\u017c z powodu zazdro\u015bci, a \u017cona czasami nocowa\u0142a w innym mieszkaniu. Skliar mia\u0142 wtedy &#8222;zostawa\u0107 sam i pi\u0107&#8221;.<\/p>\n<p>        W domu dochodzi\u0142o do przemocy?<\/p>\n<p class=\"article-p\" data-section=\"detail-body\">Krewni \u017cony 50-latka twierdz\u0105 natomiast, \u017ce w domu ma\u0142\u017conk\u00f3w dochodzi\u0142o do przemocy.<\/p>\n<p class=\"article-p\" data-section=\"detail-body\">&#8222;Bi\u0142 \u017con\u0119, wy\u0142adowuj\u0105c na niej z\u0142o\u015b\u0107, nawet gdy by\u0142a w ci\u0105\u017cy. Miesi\u0105c temu Alina urodzi\u0142a dziecko, ale Aleksiej nadal j\u0105 bi\u0142&#8221; \u2014 poinformowa\u0142o Lenta.ru \u017ar\u00f3d\u0142o.<\/p>\n<p class=\"article-p\" data-section=\"detail-body\">Kobieta mia\u0142a niedawno wr\u00f3ci\u0107 do swojego rodzinnego domu w mie\u015bcie Nalczyk. Wed\u0142ug rosyjskiego portalu Skliar b\u0142aga\u0142 \u017con\u0119, by wr\u00f3ci\u0142a do domu, ale odm\u00f3wi\u0142a.<\/p>\n<p class=\"article-p\" data-section=\"detail-body\">(\u0179r\u00f3d\u0142o: lenta.ru)<\/p>\n<p>        Je\u015bli potrzebujesz natychmiastowej pomocy, mo\u017cesz si\u0119 zg\u0142osi\u0107 do O\u015brodk\u00f3w Interwencji Kryzysowej (OIK), kt\u00f3re s\u0105 w ka\u017cdym wi\u0119kszym mie\u015bcie. Mo\u017cesz tam otrzyma\u0107 pomoc psychologiczn\u0105, prawn\u0105, materialn\u0105. Cz\u0119\u015b\u0107 OIK-\u00f3w jest czynna ca\u0142\u0105 dob\u0119 i np. prowadzi noclegownie. POMOC jest bezp\u0142atna! Nie musisz mie\u0107 ubezpieczenia.<\/p>\n<p>\n        Je\u015bli masz uporczywe i silne my\u015bli samob\u00f3jcze, mo\u017cesz si\u0119 tak\u017ce zg\u0142osi\u0107 do ka\u017cdego szpitala psychiatrycznego. Tam r\u00f3wnie\u017c nie jest potrzebne ubezpieczenie zdrowotne. W sytuacjach nag\u0142ych (o ile powiesz, \u017ce to sprawa pilna), lekarz musi Ci\u0119 przyj\u0105\u0107 tego samego dnia.<\/p>\n<p><\/p>\n<p>        Bezp\u0142atny kryzysowy telefon zaufania dla m\u0142odzie\u017cy: 116 111 (czynny ca\u0142odobowo, 7 dni w tygodniu). Doro\u015bli mog\u0105 korzysta\u0107 z bezp\u0142atnego kryzysowego telefonu zaufania 116 123 (czynny 7 dni w tygodniu od 14:00 do 22:00). Spis organizacji pomocowych i wi\u0119cej informacji znajdziesz na stronie <a class=\"crisis_link\" href=\"https:\/\/www.samobojstwo.pl\" target=\"_blank\" rel=\"nofollow noopener\">www.samobojstwo.pl<\/a>.<\/p>\n<p>        \/1<\/p>\n<p>                    <img decoding=\"async\" class=\"article-image-img\" loading=\"lazy\" alt=\"\" src=\"https:\/\/www.europesays.com\/pl\/wp-content\/uploads\/2026\/01\/1jdk9kuTURBXy8xNjUwNjhhYy00MDhlLTQyZGYtYTBlYS1jYTkwYzBjYWRlM2YuanBlZ5GTAs0DSM0B2N4AAqEwAaExAQ.jpeg\" width=\"840\" height=\"472\"\/><\/p>\n<p>                  mintrud.gov.ru \/ &#8211;<\/p>\n<p class=\"article-gallery-p\">\n        By\u0142y rosyjski polityk pope\u0142ni\u0142 samob\u00f3jstwo.\n    <\/p>\n","protected":false},"excerpt":{"rendered":"Jak podaje portal Lenta.ru, Aleksiej Skliar zosta\u0142 znaleziony martwy na progu swojego domu na osiedlu Filimonkowskoje w Moskwie.&hellip;\n","protected":false},"author":2,"featured_media":207079,"comment_status":"","ping_status":"","sticky":false,"template":"","format":"standard","meta":{"footnotes":""},"categories":[5],"tags":[32,33,36,37,27,34,35,28,31,25,42,38,40,39,41,29,30,26],"class_list":{"0":"post-207078","1":"post","2":"type-post","3":"status-publish","4":"format-standard","5":"has-post-thumbnail","7":"category-naglowki","8":"tag-breaking-news","9":"tag-breakingnews","10":"tag-featured-news","11":"tag-featurednews","12":"tag-headlines","13":"tag-latest-news","14":"tag-latestnews","15":"tag-naglowki","16":"tag-najwazniejsze-artykuly","17":"tag-news","18":"tag-pl","19":"tag-poland","20":"tag-polish","21":"tag-polska","22":"tag-polski","23":"tag-top-stories","24":"tag-topstories","25":"tag-wiadomosci"},"share_on_mastodon":{"url":"https:\/\/pubeurope.com\/@pl\/115900522386713899","error":""},"_links":{"self":[{"href":"https:\/\/www.europesays.com\/pl\/wp-json\/wp\/v2\/posts\/207078","targetHints":{"allow":["GET"]}}],"collection":[{"href":"https:\/\/www.europesays.com\/pl\/wp-json\/wp\/v2\/posts"}],"about":[{"href":"https:\/\/www.europesays.com\/pl\/wp-json\/wp\/v2\/types\/post"}],"author":[{"embeddable":true,"href":"https:\/\/www.europesays.com\/pl\/wp-json\/wp\/v2\/users\/2"}],"replies":[{"embeddable":true,"href":"https:\/\/www.europesays.com\/pl\/wp-json\/wp\/v2\/comments?post=207078"}],"version-history":[{"count":0,"href":"https:\/\/www.europesays.com\/pl\/wp-json\/wp\/v2\/posts\/207078\/revisions"}],"wp:featuredmedia":[{"embeddable":true,"href":"https:\/\/www.europesays.com\/pl\/wp-json\/wp\/v2\/media\/207079"}],"wp:attachment":[{"href":"https:\/\/www.europesays.com\/pl\/wp-json\/wp\/v2\/media?parent=207078"}],"wp:term":[{"taxonomy":"category","embeddable":true,"href":"https:\/\/www.europesays.com\/pl\/wp-json\/wp\/v2\/categories?post=207078"},{"taxonomy":"post_tag","embeddable":true,"href":"https:\/\/www.europesays.com\/pl\/wp-json\/wp\/v2\/tags?post=207078"}],"curies":[{"name":"wp","href":"https:\/\/api.w.org\/{rel}","templated":true}]}}