{"id":207087,"date":"2026-01-15T18:30:13","date_gmt":"2026-01-15T18:30:13","guid":{"rendered":"https:\/\/www.europesays.com\/pl\/207087\/"},"modified":"2026-01-15T18:30:13","modified_gmt":"2026-01-15T18:30:13","slug":"iran-masowe-protesty-matka-wdarla-sie-do-kostnicy-i-wyniosla-cialo-corki","status":"publish","type":"post","link":"https:\/\/www.europesays.com\/pl\/207087\/","title":{"rendered":"Iran. Masowe protesty. Matka wdar\u0142a si\u0119 do kostnicy i wynios\u0142a cia\u0142o c\u00f3rki"},"content":{"rendered":"<p>W skr\u00f3cie<\/p>\n<ul class=\"typography ids-typeset-text ids-typeset-text--preset-large list ids-list ids-list--unordered ids-list--size-large \" datatype=\"disc\">\n<li class=\"ids-list-item\">\n<p>Rubina Aminian, 23-letnia studentka, zosta\u0142a zabita podczas protestu w Teheranie.<\/p>\n<\/li>\n<li class=\"ids-list-item\">\n<p>Matka Rubiny samodzielnie wynios\u0142a cia\u0142o c\u00f3rki z kostnicy po przeszukaniu setek cia\u0142.<\/p>\n<\/li>\n<li class=\"ids-list-item\">\n<p>CBS News szacuje, \u017ce podczas dwutygodniowych protest\u00f3w w Iranie zgin\u0119\u0142o od 12 do 20 tys. os\u00f3b.<\/p>\n<\/li>\n<li class=\"ids-list-item\"><\/li>\n<\/ul>\n<p class=\"typography ids-typeset-body ids-typeset-body--preset-large link paragraph ids-paragraph ids-paragraph--default\">Rubina Aminian\u00a0by\u0142a 23-letni\u0105 studentk\u0105, kt\u00f3ra wraz z tysi\u0105cami innych ludzi przy\u0142\u0105czy\u0142a si\u0119 do\u00a0masowych protest\u00f3w w <a href=\"https:\/\/wydarzenia.interia.pl\/tematy-iran,gsbi,2646\" target=\"_blank\" rel=\"nofollow noopener\">Iranie<\/a>. 8 stycznia wysz\u0142a ze swojej uczelni i ruszy\u0142a razem przetaczaj\u0105cym si\u0119 ulicami <a href=\"https:\/\/wydarzenia.interia.pl\/tematy-teheran,gsbi,6810\" target=\"_blank\" rel=\"nofollow noopener\">Teheranu<\/a> t\u0142umem demonstrant\u00f3w.<\/p>\n<p class=\"typography ids-typeset-body ids-typeset-body--preset-large link paragraph ids-paragraph ids-paragraph--default\">W sobot\u0119 do rodziny 23-latki dotar\u0142a informacja o jej \u015bmierci. &#8211; Mog\u0119 z pe\u0142nym przekonaniem powiedzie\u0107, \u017ce\u00a0to by\u0142 najtrudniejszy dzie\u0144 w moim \u017cyciu &#8211; opowiada\u0142a w rozmowie ze stacj\u0105 CBS News ciotka Rubiny, Hilala Noori.<\/p>\n<p class=\"typography ids-typeset-body ids-typeset-body--preset-large link paragraph ids-paragraph ids-paragraph--default\">&#8211; Kiedy potwierdzili, \u017ce zosta\u0142a zabita, ca\u0142e moje cia\u0142o pali\u0142o si\u0119. Nie wiem, jak opisa\u0107 ten moment &#8211; wspomina\u0142a kobieta. Z relacji rodziny m\u0142odej kobiety wynika, \u017ce zosta\u0142a zabita\u00a0strza\u0142em w g\u0142ow\u0119 z bliskiej odleg\u0142o\u015bci.<\/p>\n<p>Iran. 23-letnia studentka Rubina Aminian jedn\u0105 z ofiar. Matka wynios\u0142a jej cia\u0142o z kostnicy<\/p>\n<p class=\"typography ids-typeset-body ids-typeset-body--preset-large link paragraph ids-paragraph ids-paragraph--default\">Po otrzymaniu tragicznej informacji bliscy 23-latki wyjechali z rodzinnego miasta Kermanszah, po\u0142o\u017cnego na zachodzie kraju, do oddalonej o niemal 500 km stolicy. Tam otrzymali informacj\u0119 o lokalizacji kostnicy, gdzie znajduje si\u0119 cia\u0142o zmar\u0142ej.<\/p>\n<p class=\"typography ids-typeset-body ids-typeset-body--preset-large link paragraph ids-paragraph ids-paragraph--default\">Pocz\u0105tkowo matka Rubiny szuka\u0142a przed budynkiem, gdzie &#8211; jak wynika z relacji &#8211; mia\u0142a zobaczy\u0107 setki pouk\u0142adanych jedno na drugim zw\u0142ok. Wszystkie mia\u0142y rany postrza\u0142owe g\u0142owy lub szyi.<\/p>\n<p class=\"typography ids-typeset-body ids-typeset-body--preset-large link paragraph ids-paragraph ids-paragraph--default\">W ko\u0144cu na w\u0142asn\u0105 r\u0119k\u0119 wesz\u0142a do kostnicy, gdzie odnalaz\u0142a cia\u0142o c\u00f3rki. Kobieta nie mia\u0142a jednak pozwolenia na odebranie zw\u0142ok, wi\u0119c sama postanowi\u0142a wynie\u015b\u0107 zabit\u0105 c\u00f3rk\u0119.<\/p>\n<p class=\"typography ids-typeset-body ids-typeset-body--preset-large link paragraph ids-paragraph ids-paragraph--default\">&#8211; By\u0142a zmuszona do przeniesienia cia\u0142a swojej 40-kilogramowej c\u00f3rki na zewn\u0105trz. Ukrad\u0142a im cia\u0142o i trzyma\u0142a je przez wiele godzin, a\u017c dotarli do Kermanszah &#8211; opowiada\u0142a Hilala Noori. Krewna ofiary uwa\u017ca, \u017ce &#8222;bezpo\u015bredni\u0105 odpowiedzialno\u015b\u0107&#8221; za \u015bmier\u0107 jej siostrzenicy i innych ofiar ponosi\u00a0najwy\u017cszy przyw\u00f3dca Iranu <a href=\"https:\/\/wydarzenia.interia.pl\/tematy-ali-chamenei,gsbi,5163\" rel=\"nofollow noopener\" target=\"_blank\">Ali Chamenei<\/a>.<\/p>\n<p class=\"typography ids-typeset-body ids-typeset-body--preset-large link paragraph ids-paragraph ids-paragraph--default\">CBS News powo\u0142uj\u0105c si\u0119 na swoje \u017ar\u00f3d\u0142a podaje, \u017ce w wyniku dwutygodniowych protest\u00f3w na ulicach ira\u0144skich miast mia\u0142o zgin\u0105\u0107 od 12 do 20 tys. os\u00f3b.<\/p>\n<p>Azyl dla Ziobry. Czarnek o kulisach decyzji by\u0142ego ministraPolsat NewsPolsat News<\/p>\n<p><a class=\"ids-undecorated-link source ids-page-info--source__link\" href=\"https:\/\/www.interia.pl\" rel=\"nofollow noopener\" target=\"_blank\"><img decoding=\"async\" class=\"ids-image-holder__img\" loading=\"lazy\" alt=\"\" title=\"\" height=\"24px\" src=\"https:\/\/www.europesays.com\/pl\/wp-content\/uploads\/2026\/01\/1768417092_915_0009A60QQ5I2TYF7-C202-F4.webp.webp\"\/><\/a><\/p>\n<p>Masz sugestie, uwagi albo widzisz b\u0142\u0105d? Napisz do nas<\/p>\n","protected":false},"excerpt":{"rendered":"W skr\u00f3cie Rubina Aminian, 23-letnia studentka, zosta\u0142a zabita podczas protestu w Teheranie. Matka Rubiny samodzielnie wynios\u0142a cia\u0142o c\u00f3rki&hellip;\n","protected":false},"author":2,"featured_media":207088,"comment_status":"","ping_status":"","sticky":false,"template":"","format":"standard","meta":{"footnotes":""},"categories":[14],"tags":[32,33,27,34,35,28,31,25,40,41,80,29,30,26,82,83,84],"class_list":{"0":"post-207087","1":"post","2":"type-post","3":"status-publish","4":"format-standard","5":"has-post-thumbnail","7":"category-swiat","8":"tag-breaking-news","9":"tag-breakingnews","10":"tag-headlines","11":"tag-latest-news","12":"tag-latestnews","13":"tag-naglowki","14":"tag-najwazniejsze-artykuly","15":"tag-news","16":"tag-polish","17":"tag-polski","18":"tag-swiat","19":"tag-top-stories","20":"tag-topstories","21":"tag-wiadomosci","22":"tag-world","23":"tag-world-news","24":"tag-worldnews"},"share_on_mastodon":{"url":"https:\/\/pubeurope.com\/@pl\/115900542134074829","error":""},"_links":{"self":[{"href":"https:\/\/www.europesays.com\/pl\/wp-json\/wp\/v2\/posts\/207087","targetHints":{"allow":["GET"]}}],"collection":[{"href":"https:\/\/www.europesays.com\/pl\/wp-json\/wp\/v2\/posts"}],"about":[{"href":"https:\/\/www.europesays.com\/pl\/wp-json\/wp\/v2\/types\/post"}],"author":[{"embeddable":true,"href":"https:\/\/www.europesays.com\/pl\/wp-json\/wp\/v2\/users\/2"}],"replies":[{"embeddable":true,"href":"https:\/\/www.europesays.com\/pl\/wp-json\/wp\/v2\/comments?post=207087"}],"version-history":[{"count":0,"href":"https:\/\/www.europesays.com\/pl\/wp-json\/wp\/v2\/posts\/207087\/revisions"}],"wp:featuredmedia":[{"embeddable":true,"href":"https:\/\/www.europesays.com\/pl\/wp-json\/wp\/v2\/media\/207088"}],"wp:attachment":[{"href":"https:\/\/www.europesays.com\/pl\/wp-json\/wp\/v2\/media?parent=207087"}],"wp:term":[{"taxonomy":"category","embeddable":true,"href":"https:\/\/www.europesays.com\/pl\/wp-json\/wp\/v2\/categories?post=207087"},{"taxonomy":"post_tag","embeddable":true,"href":"https:\/\/www.europesays.com\/pl\/wp-json\/wp\/v2\/tags?post=207087"}],"curies":[{"name":"wp","href":"https:\/\/api.w.org\/{rel}","templated":true}]}}