{"id":207089,"date":"2026-01-15T18:31:08","date_gmt":"2026-01-15T18:31:08","guid":{"rendered":"https:\/\/www.europesays.com\/pl\/207089\/"},"modified":"2026-01-15T18:31:08","modified_gmt":"2026-01-15T18:31:08","slug":"dramat-w-chelmnie-nie-zyje-matka-i-trojka-jej-dzieci-onet","status":"publish","type":"post","link":"https:\/\/www.europesays.com\/pl\/207089\/","title":{"rendered":"Dramat w Che\u0142mnie. Nie \u017cyje matka i tr\u00f3jka jej dzieci &#8211; Onet"},"content":{"rendered":"<ol>\n<li><a href=\"https:\/\/news.google.com\/rss\/articles\/CBMivwFBVV95cUxNZzBCWWpGcG1vaGRVcGVsQktkME8wcXZ0LTRfS3d6OF9TMVF2eGFRZ3lxQlF4ZlUzd1R0aktCRHhiSXgwWHFUWk5odFNfZVU4OUNrN1p3VDRqT3VUaS1OUjh3U0JiTlphVHB0bnNuSkRJOWJBM3pNaDVCMUNNdGtCdjMtd2ZYRnVxVFo0OXEzSWtYSXBvb1lMR2p6NHFIRnFRNzROWHhhSk0tVmJGLWQ4SFhFNE9yZ0wwcWhnUmZaaw?oc=5\" target=\"_blank\" rel=\"nofollow noopener\">Dramat w Che\u0142mnie. Nie \u017cyje matka i tr\u00f3jka jej dzieci<\/a>&nbsp;&nbsp;Onet<\/li>\n<li><a href=\"https:\/\/news.google.com\/rss\/articles\/CBMixgFBVV95cUxNQV94NjBnajloMVJaeVZsdExiZ3V3Zk1Cc1pXaTNMN2R1QUJmVmEzdDZXUmdPMnMxa1lhYzZTSnEyWm9aTktBMUZHVmdSbU9zRlhrSVhXV2JNOHI5X1ptS3N3SHBONUZqSHF4UERad0lIdE94T0lmeVhvLTNEVEtaZTdrZjZxZktKTGs3TUc1ZGhNR3VBVk04NW9rVko0M0RkUHU2bmF4NF9venZudWtaSUdqMFZKeWkyQzRldndXWFBfUkcxRVE?oc=5\" target=\"_blank\" rel=\"nofollow noopener\">Tragedia w Che\u0142mnie. Nie \u017cyje kobieta i tr\u00f3jka dzieci<\/a>&nbsp;&nbsp;Wydarzenia w INTERIA.PL<\/li>\n<li><a href=\"https:\/\/news.google.com\/rss\/articles\/CBMisgFBVV95cUxQU0FHT3RpR3RrOXF5U3VjbVJhNl83aXJOaFktYVJmak9EdWJMaDAtUS1UZ0s4R19yYU5NREFZeGNVTU5Bc1dEQUxtbjBTeVFWSmxGbTJDdm50WnBHRFdPZFNkZGZiV04xaDAyQnJxWExMUENwUHVjWmc2Vl9DemNQX1Bsb1ZuOFMyX1ltNU9RdEtSWUZrMVpwLXJwQUNhOG9mZGVjV0ZFZkFzMFJualpSY1l3?oc=5\" target=\"_blank\" rel=\"nofollow noopener\">Dramat w Che\u0142mnie. Nie \u017cyje kobieta i jej troje dzieci<\/a>&nbsp;&nbsp;Gazeta<\/li>\n<li><a href=\"https:\/\/news.google.com\/rss\/articles\/CBMiswFBVV95cUxNbmdoNDNfRlV4RVREQXJBZ0U4M1FKd2U2ZV9aN0QzOHU2ZUhLc0g2OUp0eFpCeVNjLUhEUVNYTkhZa011R3puaXR4NURXT3pia3VDWk9aT1F2WkJpUjFZTG5GbWZkTjQ5N3AzaURWWUo1d2tmZlNzYm1sSEZCTUphNUZ4Zjlfamc0dWh3SVR1QkxKUzB6bWZaSWF5OXVzenFLYWtUQ3ZJY3U1b1lIQThJWmszRQ?oc=5\" target=\"_blank\" rel=\"nofollow noopener\">Tragedia w Che\u0142mnie. Stra\u017cacy znale\u017ali cia\u0142a kobiety i tr\u00f3jki dzieci<\/a>&nbsp;&nbsp;Fakt<\/li>\n<li><a href=\"https:\/\/news.google.com\/rss\/articles\/CBMisAFBVV95cUxQTGY3OUV2UzJuQ3NDUjhuN1JqT1Q4REtya2t4ZzNXX25tQmNtZlhpZ3hNaTlwY1p3SmJXTC1XLXBrRXRKOGRFcmRrekM2NUQ2LTlJMEZZOXdYQ3ZjM1lhcDEwLUF5YlkwSlYzR0xtQjRUcHNYRzY4QVNEWkpwSl95dFJURXc2MDYtVlh6MURiN0RsLUQ5dC01WWdqX2VxeFNaOVNiU0lOQjdTUkVNQ1h6eA?oc=5\" target=\"_blank\" rel=\"nofollow noopener\">Tragedia w Che\u0142mnie. Cztery osoby, w tym troje dzieci, zaczadzi\u0142y si\u0119 w mieszkaniu<\/a>&nbsp;&nbsp;TVP Bydgoszcz<\/li>\n<\/ol>\n","protected":false},"excerpt":{"rendered":"Dramat w Che\u0142mnie. Nie \u017cyje matka i tr\u00f3jka jej dzieci&nbsp;&nbsp;Onet Tragedia w Che\u0142mnie. Nie \u017cyje kobieta i tr\u00f3jka&hellip;\n","protected":false},"author":2,"featured_media":2440,"comment_status":"","ping_status":"","sticky":false,"template":"","format":"standard","meta":{"footnotes":"","_share_on_mastodon":"0"},"categories":[12],"tags":[32,33,22283,19480,245,36,37,27,34,35,28,31,53,25,52,68,51,55,42,38,40,39,41,47,511,5425,29,30,65,50,26,22708],"class_list":["post-207089","post","type-post","status-publish","format-standard","has-post-thumbnail","category-polska","tag-breaking-news","tag-breakingnews","tag-chelmno","tag-czad","tag-dziecko_dzieci_dziecinstwo","tag-featured-news","tag-featurednews","tag-headlines","tag-latest-news","tag-latestnews","tag-naglowki","tag-najwazniejsze-artykuly","tag-new_header","tag-news","tag-onet3","tag-onet3d","tag-onet3d_2i","tag-phx","tag-pl","tag-poland","tag-polish","tag-polska","tag-polski","tag-screening_general","tag-smierc","tag-straz_pozarna_strazak_strazacy_osp_psp","tag-top-stories","tag-topstories","tag-update_me","tag-v2021","tag-wiadomosci","tag-zatrucie"],"share_on_mastodon":{"url":"https:\/\/pubeurope.com\/@pl\/115900546028076482","error":""},"_links":{"self":[{"href":"https:\/\/www.europesays.com\/pl\/wp-json\/wp\/v2\/posts\/207089","targetHints":{"allow":["GET"]}}],"collection":[{"href":"https:\/\/www.europesays.com\/pl\/wp-json\/wp\/v2\/posts"}],"about":[{"href":"https:\/\/www.europesays.com\/pl\/wp-json\/wp\/v2\/types\/post"}],"author":[{"embeddable":true,"href":"https:\/\/www.europesays.com\/pl\/wp-json\/wp\/v2\/users\/2"}],"replies":[{"embeddable":true,"href":"https:\/\/www.europesays.com\/pl\/wp-json\/wp\/v2\/comments?post=207089"}],"version-history":[{"count":0,"href":"https:\/\/www.europesays.com\/pl\/wp-json\/wp\/v2\/posts\/207089\/revisions"}],"wp:featuredmedia":[{"embeddable":true,"href":"https:\/\/www.europesays.com\/pl\/wp-json\/wp\/v2\/media\/2440"}],"wp:attachment":[{"href":"https:\/\/www.europesays.com\/pl\/wp-json\/wp\/v2\/media?parent=207089"}],"wp:term":[{"taxonomy":"category","embeddable":true,"href":"https:\/\/www.europesays.com\/pl\/wp-json\/wp\/v2\/categories?post=207089"},{"taxonomy":"post_tag","embeddable":true,"href":"https:\/\/www.europesays.com\/pl\/wp-json\/wp\/v2\/tags?post=207089"}],"curies":[{"name":"wp","href":"https:\/\/api.w.org\/{rel}","templated":true}]}}