{"id":207507,"date":"2026-01-15T22:32:12","date_gmt":"2026-01-15T22:32:12","guid":{"rendered":"https:\/\/www.europesays.com\/pl\/207507\/"},"modified":"2026-01-15T22:32:12","modified_gmt":"2026-01-15T22:32:12","slug":"justyna-dobrosz-oracz-pokazala-mema-ze-soba-niby-mialo-zabolec-a-smieszy-2","status":"publish","type":"post","link":"https:\/\/www.europesays.com\/pl\/207507\/","title":{"rendered":"Justyna Dobrosz-Oracz pokaza\u0142a mema ze sob\u0105. &#8222;Niby mia\u0142o zabole\u0107, a \u015bmieszy&#8221;"},"content":{"rendered":"<p class=\"Paragraph_desktopParagraph__U31Gm\"><a href=\"https:\/\/plejada.pl\/temat\/justyna-dobrosz-oracz\/qevcnxs\" id=\"6642f9e0-3fc1-40ba-855a-462ca1bcff4e\" rel=\"nofollow noopener\" target=\"_blank\">Justyna Dobrosz-Oracz<\/a>, znana z odwa\u017cnych rozm\u00f3w z politykami i reporterskich materia\u0142\u00f3w, po raz kolejny udowodni\u0142a, \u017ce potrafi \u015bmia\u0107 si\u0119 z samej siebie. Dziennikarka TVP opublikowa\u0142a w mediach spo\u0142eczno\u015bciowych mem z w\u0142asnym udzia\u0142em, czym szybko wywo\u0142a\u0142a lawin\u0119 komentarzy w sieci.<\/p>\n<ul class=\"OchatFollowUps_wrapper__1ry7X\">\n<li class=\"OchatFollowUps_item__Dhyly OchatFollowUps_itemDesktop__R6aBv\">Jaki mem opublikowa\u0142a Justyna Dobrosz-Oracz?<\/li>\n<li class=\"OchatFollowUps_item__Dhyly OchatFollowUps_itemDesktop__R6aBv\">Jak internauci zareagowali na zdj\u0119cie Dobrosz-Oracz?<\/li>\n<li class=\"OchatFollowUps_item__Dhyly OchatFollowUps_itemDesktop__R6aBv\">Co powiedzia\u0142a Dobrosz-Oracz o wyborze samochodu?<\/li>\n<li class=\"OchatFollowUps_item__Dhyly OchatFollowUps_itemDesktop__R6aBv\">Jakie komplementy otrzyma\u0142a Dobrosz-Oracz od internaut\u00f3w?<\/li>\n<\/ul>\n<p>Justyna Dobrosz-Oracz tym postem wywo\u0142a\u0142a \u015bmiech. &#8222;Szybka i w\u015bciek\u0142a&#8221; <\/p>\n<p class=\"Paragraph_desktopParagraph__U31Gm\">Na zdj\u0119ciu, kt\u00f3re sta\u0142o si\u0119 podstaw\u0105 internetowego \u017cartu, Justyna Dobrosz-Oracz pozuje przy charakterystycznym Fiacie Multipli. Ubrana na czarno, w ciemnych okularach, prezentuje si\u0119 na tle miejskich \u015bwiate\u0142, co niekt\u00f3rym przypomnia\u0142o plakat filmowy. Dziennikarka zamie\u015bci\u0142a zdj\u0119cie na Facebooku, opatruj\u0105c je kr\u00f3tkim komentarzem, w kt\u00f3rym podkre\u015bli\u0142a sw\u00f3j dystans do siebie i zapyta\u0142a internaut\u00f3w o autorstwo mema.<\/p>\n<p class=\"Paragraph_desktopParagraph__U31Gm\">Pod postem szybko pojawi\u0142y si\u0119 liczne reakcje u\u017cytkownik\u00f3w. Jeden z nich, zastanawiaj\u0105c si\u0119 nad wyborem samochodu, zapyta\u0142: &#8222;Ale czemu u licha na Multipli?&#8221;. Dobrosz-Oracz odpowiedzia\u0142a: &#8222;To niby mia\u0142o zabole\u0107. A \u015bmieszy&#8221;. W\u015br\u00f3d internaut\u00f3w nie zabrak\u0142o r\u00f3wnie\u017c tych, kt\u00f3rzy docenili wyb\u00f3r nietypowego auta, uznaj\u0105c, \u017ce Multipla, cho\u0107 cz\u0119sto bywa obiektem \u017cart\u00f3w, ma r\u00f3wnie\u017c swoich wiernych fan\u00f3w. &#8222;Super i te\u017c dlatego, \u017ce na Multipli, kt\u00f3rej tak wielu nienawidzi, a ja uwielbiam&#8221; \u2014 napisa\u0142 u\u017cytkownik Facebooka.<\/p>\n<p class=\"Paragraph_desktopParagraph__U31Gm\">Cz\u0119\u015b\u0107 komentuj\u0105cych por\u00f3wna\u0142a zdj\u0119cie do plakatu filmowego, sugeruj\u0105c, \u017ce dziennikarka wygl\u0105da jak gwiazda kina akcji. &#8222;Wygl\u0105da jak plakat zapowiadaj\u0105cy film!&#8221;, &#8222;Szybka i w\u015bciek\u0142a gwiazda polskiego dziennikarstwa&#8221; &#8211; czytamy. Dobrosz-Oracz, zachowuj\u0105c charakterystyczny dla siebie luz, odpar\u0142a: &#8222;Szybka i kochana&#8221;.<\/p>\n<p class=\"Paragraph_desktopParagraph__U31Gm\">W\u015br\u00f3d komentarzy pojawi\u0142y si\u0119 tak\u017ce g\u0142osy podziwu i komplementy pod adresem dziennikarki. &#8222;W mie\u015bcie pojawi\u0142 si\u0119 nowy szeryf, a w\u0142a\u015bciwie szeryfka&#8221;; &#8222;Najwa\u017cniejsze to mie\u0107 dystans do siebie&#8221;; &#8222;Nasz Kubica w dziennikarstwie&#8221; &#8211; pisali internauci.<\/p>\n<p class=\"Paragraph_desktopParagraph__U31Gm\">Dzi\u0119kujemy, \u017ce przeczyta\u0142a\u015b\/e\u015b nasz artyku\u0142 do ko\u0144ca. W serwisie Plejada.pl ka\u017cdego dnia piszemy o najwa\u017cniejszych wydarzeniach show-biznesowych. B\u0105d\u017a na bie\u017c\u0105co! <a rel=\"nofollow noopener\" href=\"https:\/\/profile.google.com\/cp\/Cg0vZy8xMWJ6X19wdHBx\" id=\"0f3092cb-37b1-442b-8578-bfa9f480681b\" target=\"_blank\">Obserwuj<\/a> Plejad\u0119 w Wiadomo\u015bciach Google. Odwied\u017a nas tak\u017ce na <a rel=\"nofollow noopener\" href=\"https:\/\/www.facebook.com\/plejadapl\" id=\"f2503a07-040f-4ef7-8ba4-2ede5ef02f93\" target=\"_blank\">Facebooku<\/a>, <a rel=\"nofollow noopener\" href=\"https:\/\/www.instagram.com\/plejadapl\/\" id=\"88ec4a8a-2ad9-4116-86c4-b4caef355f6c\" target=\"_blank\">Instagramie<\/a>, <a rel=\"nofollow noopener\" href=\"https:\/\/www.youtube.com\/c\/plejada\" id=\"c424d879-1ca7-4aef-a88f-c9f3826aee8b\" target=\"_blank\">YouTube<\/a> oraz <a rel=\"nofollow noopener\" href=\"https:\/\/www.tiktok.com\/@plejada_pl\" id=\"1fd60041-bcfb-4357-b1bb-09f9a6351236\" target=\"_blank\">TikToku<\/a>.<\/p>\n<p class=\"Paragraph_desktopParagraph__U31Gm\">Chcesz podzieli\u0107 si\u0119 ciekawym newsem lub zaproponowa\u0107 temat? Skontaktuj si\u0119 z nami, pisz\u0105c e-maila na adres: <a href=\"https:\/\/www.onet.pl\/styl-zycia\/plejada\/justyna-dobrosz-oracz-pokazala-mema-ze-soba-niby-mialo-zabolec-a-smieszy\/mailto:plejada@redakcjaonet.pl\" id=\"20ed096c-32a3-458a-8cc9-2ee60eae4433\" rel=\"nofollow noopener\" target=\"_blank\">plejada@redakcjaonet.pl<\/a>.<\/p>\n<p><script async src=\"\/\/www.instagram.com\/embed.js\"><\/script><script async src=\"\/\/www.tiktok.com\/embed.js\"><\/script><\/p>\n","protected":false},"excerpt":{"rendered":"Justyna Dobrosz-Oracz, znana z odwa\u017cnych rozm\u00f3w z politykami i reporterskich materia\u0142\u00f3w, po raz kolejny udowodni\u0142a, \u017ce potrafi \u015bmia\u0107&hellip;\n","protected":false},"author":2,"featured_media":207508,"comment_status":"","ping_status":"","sticky":false,"template":"","format":"standard","meta":{"footnotes":""},"categories":[22],"tags":[122,67,9537,23640,53,52,68,51,55,42,38,40,39,41,123,47,39422,196,65,50],"class_list":{"0":"post-207507","1":"post","2":"type-post","3":"status-publish","4":"format-standard","5":"has-post-thumbnail","7":"category-rozrywka","8":"tag-entertainment","9":"tag-intextvideo_splayer","10":"tag-justyna_dobrosz_oracz","11":"tag-memy","12":"tag-new_header","13":"tag-onet3","14":"tag-onet3d","15":"tag-onet3d_2i","16":"tag-phx","17":"tag-pl","18":"tag-poland","19":"tag-polish","20":"tag-polska","21":"tag-polski","22":"tag-rozrywka","23":"tag-screening_general","24":"tag-sg_cleanup_tst1","25":"tag-styl_zycia","26":"tag-update_me","27":"tag-v2021"},"share_on_mastodon":{"url":"https:\/\/pubeurope.com\/@pl\/115901493612913086","error":""},"_links":{"self":[{"href":"https:\/\/www.europesays.com\/pl\/wp-json\/wp\/v2\/posts\/207507","targetHints":{"allow":["GET"]}}],"collection":[{"href":"https:\/\/www.europesays.com\/pl\/wp-json\/wp\/v2\/posts"}],"about":[{"href":"https:\/\/www.europesays.com\/pl\/wp-json\/wp\/v2\/types\/post"}],"author":[{"embeddable":true,"href":"https:\/\/www.europesays.com\/pl\/wp-json\/wp\/v2\/users\/2"}],"replies":[{"embeddable":true,"href":"https:\/\/www.europesays.com\/pl\/wp-json\/wp\/v2\/comments?post=207507"}],"version-history":[{"count":0,"href":"https:\/\/www.europesays.com\/pl\/wp-json\/wp\/v2\/posts\/207507\/revisions"}],"wp:featuredmedia":[{"embeddable":true,"href":"https:\/\/www.europesays.com\/pl\/wp-json\/wp\/v2\/media\/207508"}],"wp:attachment":[{"href":"https:\/\/www.europesays.com\/pl\/wp-json\/wp\/v2\/media?parent=207507"}],"wp:term":[{"taxonomy":"category","embeddable":true,"href":"https:\/\/www.europesays.com\/pl\/wp-json\/wp\/v2\/categories?post=207507"},{"taxonomy":"post_tag","embeddable":true,"href":"https:\/\/www.europesays.com\/pl\/wp-json\/wp\/v2\/tags?post=207507"}],"curies":[{"name":"wp","href":"https:\/\/api.w.org\/{rel}","templated":true}]}}