{"id":207511,"date":"2026-01-15T22:35:08","date_gmt":"2026-01-15T22:35:08","guid":{"rendered":"https:\/\/www.europesays.com\/pl\/207511\/"},"modified":"2026-01-15T22:35:08","modified_gmt":"2026-01-15T22:35:08","slug":"islandia-oczekuje-wyjasnien-od-usa-chodzi-o-wypowiedz-o-stanie-nr-52","status":"publish","type":"post","link":"https:\/\/www.europesays.com\/pl\/207511\/","title":{"rendered":"Islandia oczekuje wyja\u015bnie\u0144 od USA. Chodzi o wypowied\u017a o &#8222;stanie nr 52&#8221;"},"content":{"rendered":"<p class=\"ods-c-paragraph \">&#8222;Ministerstwo skontaktowa\u0142o si\u0119 z ambasad\u0105 USA w Islandii, by zweryfikowa\u0107 prawdziwo\u015b\u0107 domniemanych komentarzy&#8221; \u2014 poda\u0142a islandzka dyplomacja w o\u015bwiadczeniu dla prasy.<\/p>\n<p> Dalszy ci\u0105g artyku\u0142u pod materia\u0142em wideo    <\/p>\n<p> Jakie wyja\u015bnienia prosi Islandia od USA? <\/p>\n<p> Kim jest kandydat na ambasadora USA w Islandii? <\/p>\n<p> Dlaczego Long przeprosi\u0142 za swoj\u0105 wypowied\u017a? <\/p>\n<p> Ile podpis\u00f3w zebrano pod petycj\u0105 przeciwko kandydaturze Longa? <\/p>\n<p class=\"ods-c-paragraph \">Politico poinformowa\u0142o w \u015brod\u0119, \u017ce <a href=\"https:\/\/wiadomosci.onet.pl\/politico\/na-grenlandii-sie-nie-skonczy-islandczycy-oburzeni-zartem-kandydata-na-ambasadora-usa\/84gnpq8\" id=\"63bacd69-754a-468d-9943-89a2c816857e\" rel=\"nofollow noopener\" target=\"_blank\">Long w rozmowie w ameryka\u0144skim Kongresie \u017cartowa\u0142, i\u017c Islandia stanie si\u0119 52 stanem USA<\/a>, a on zostanie jego gubernatorem.<\/p>\n<p class=\"ods-c-paragraph \">Long w wypowiedzi dla portalu Arctic Today w czwartek przeprosi\u0142 za swoje s\u0142owa. T\u0142umaczy\u0142, \u017ce pad\u0142y w rozmowie towarzyskiej i by\u0142y reakcj\u0105 na \u017carty o ameryka\u0144skim wys\u0142anniku na Grenlandi\u0119, Jeffie Landrym, opisanym przez jego rozm\u00f3wc\u00f3w jako &#8222;gubernator Grenlandii&#8221;.<\/p>\n<p class=\"ods-c-paragraph \">USA sk\u0142adaj\u0105 si\u0119 z 50 stan\u00f3w, nie jest jasne, dlaczego Long m\u00f3wi\u0142 o &#8222;52. stanie&#8221;. Mog\u0142o chodzi\u0107 o to, \u017ce uzna\u0142 Grenlandi\u0119 za 51. stan \u2014 skomentowa\u0142 portal islandzkiego nadawcy publicznego RUV.<\/p>\n<p>   Islandia broni swojej niepodleg\u0142o\u015bci. Obywatele apeluj\u0105<\/p>\n<p class=\"ods-c-paragraph \">W internecie pojawi\u0142a si\u0119 petycja wzywaj\u0105ca islandzk\u0105 minister spraw zagranicznych Thorgerdur Katrin Gunnarsdottir, by nie zaakceptowa\u0142a kandydatury Longa na ambasadora. Pod apelem zebrano ponad 3,5 tys. podpis\u00f3w.<\/p>\n<p class=\"ods-c-paragraph \">Nale\u017c\u0105cy do Partii Republika\u0144skiej Long by\u0142 przez 12 lat kongresmenem z Missouri. Po ponownym obj\u0119ciu prezydentury przez Donalda Trumpa pracowa\u0142 w jego rz\u0105dzie, a p\u00f3\u017aniej zosta\u0142 wyznaczony na nowego ambasadora w Islandii.<\/p>\n<p class=\"ods-c-paragraph \">Wzbudzaj\u0105ca kontrowersje wypowied\u017a pad\u0142a w momencie wzrastaj\u0105cego napi\u0119cia wok\u00f3\u0142 Grenlandii. Trump w ostatnich tygodniach kilkakrotnie zapowiada\u0142 przej\u0119cie tej stanowi\u0105cej autonomiczne terytorium Danii wyspy przez USA. Te wypowiedzi spotka\u0142y si\u0119 ze stanowczym sprzeciwem w\u0142adz Grenlandii i Danii.<\/p>\n","protected":false},"excerpt":{"rendered":"&#8222;Ministerstwo skontaktowa\u0142o si\u0119 z ambasad\u0105 USA w Islandii, by zweryfikowa\u0107 prawdziwo\u015b\u0107 domniemanych komentarzy&#8221; \u2014 poda\u0142a islandzka dyplomacja w&hellip;\n","protected":false},"author":2,"featured_media":207512,"comment_status":"","ping_status":"","sticky":false,"template":"","format":"standard","meta":{"footnotes":""},"categories":[14],"tags":[32,33,44,9796,27,13100,34,35,28,31,48,25,46,40,41,47,80,29,30,71,26,82,83,84],"class_list":{"0":"post-207511","1":"post","2":"type-post","3":"status-publish","4":"format-standard","5":"has-post-thumbnail","7":"category-swiat","8":"tag-breaking-news","9":"tag-breakingnews","10":"tag-donald_trump","11":"tag-grenlandia","12":"tag-headlines","13":"tag-islandia","14":"tag-latest-news","15":"tag-latestnews","16":"tag-naglowki","17":"tag-najwazniejsze-artykuly","18":"tag-nat_styl","19":"tag-news","20":"tag-omp","21":"tag-polish","22":"tag-polski","23":"tag-screening_general","24":"tag-swiat","25":"tag-top-stories","26":"tag-topstories","27":"tag-usa","28":"tag-wiadomosci","29":"tag-world","30":"tag-world-news","31":"tag-worldnews"},"share_on_mastodon":{"url":"https:\/\/pubeurope.com\/@pl\/115901505459051829","error":""},"_links":{"self":[{"href":"https:\/\/www.europesays.com\/pl\/wp-json\/wp\/v2\/posts\/207511","targetHints":{"allow":["GET"]}}],"collection":[{"href":"https:\/\/www.europesays.com\/pl\/wp-json\/wp\/v2\/posts"}],"about":[{"href":"https:\/\/www.europesays.com\/pl\/wp-json\/wp\/v2\/types\/post"}],"author":[{"embeddable":true,"href":"https:\/\/www.europesays.com\/pl\/wp-json\/wp\/v2\/users\/2"}],"replies":[{"embeddable":true,"href":"https:\/\/www.europesays.com\/pl\/wp-json\/wp\/v2\/comments?post=207511"}],"version-history":[{"count":0,"href":"https:\/\/www.europesays.com\/pl\/wp-json\/wp\/v2\/posts\/207511\/revisions"}],"wp:featuredmedia":[{"embeddable":true,"href":"https:\/\/www.europesays.com\/pl\/wp-json\/wp\/v2\/media\/207512"}],"wp:attachment":[{"href":"https:\/\/www.europesays.com\/pl\/wp-json\/wp\/v2\/media?parent=207511"}],"wp:term":[{"taxonomy":"category","embeddable":true,"href":"https:\/\/www.europesays.com\/pl\/wp-json\/wp\/v2\/categories?post=207511"},{"taxonomy":"post_tag","embeddable":true,"href":"https:\/\/www.europesays.com\/pl\/wp-json\/wp\/v2\/tags?post=207511"}],"curies":[{"name":"wp","href":"https:\/\/api.w.org\/{rel}","templated":true}]}}