{"id":207521,"date":"2026-01-15T22:41:16","date_gmt":"2026-01-15T22:41:16","guid":{"rendered":"https:\/\/www.europesays.com\/pl\/207521\/"},"modified":"2026-01-15T22:41:16","modified_gmt":"2026-01-15T22:41:16","slug":"donald-trump-w-centrum-napiec-z-fed-polska-obserwuje-rynki-dlugu","status":"publish","type":"post","link":"https:\/\/www.europesays.com\/pl\/207521\/","title":{"rendered":"Donald Trump w centrum napi\u0119\u0107 z Fed. Polska obserwuje rynki d\u0142ugu"},"content":{"rendered":"<p data-section=\"detail-body\">&#8222;Dok\u0142adnie si\u0119 temu przygl\u0105damy&#8221; \u2014 powiedzia\u0142 Karol Czarnecki w rozmowie z Bloomberg News.<\/p>\n<p class=\"article_p\" data-section=\"detail-body\">Dalsza cz\u0119\u015b\u0107 artyku\u0142u pod materia\u0142em wideo:<\/p>\n<p class=\"article_p\" data-section=\"detail-body\">&#8222;Nie mo\u017cemy wykluczy\u0107, \u017ce rozw\u00f3j sytuacji b\u0119dzie niekorzystny dla emitent\u00f3w, ale na razie nie zak\u0142adamy \u017cadnej katastrofy na tym rynku&#8221; \u2014 wyja\u015bnia.<\/p>\n<p>        Polska przygl\u0105da si\u0119 sytuacji za oceanem<\/p>\n<p class=\"article_p\" data-section=\"detail-body\">Komentarz Karola Czarneckiego wyra\u017anie wskazuje, \u017ce sp\u00f3r coraz mocniej zaczyna ci\u0105\u017cy\u0107 na decyzjach dotycz\u0105cych emisji obligacji denominowanych w dolarach na ca\u0142ym \u015bwiecie.<\/p>\n<p>            Czytaj tak\u017ce w BUSINESS INSIDER<\/p>\n<p class=\"article_p\" data-section=\"detail-body\">&#8222;Chocia\u017c Polska jest ma\u0142ym krajem, spodziewam si\u0119, \u017ce ka\u017cdy kraj debatuje nad przysz\u0142\u0105 rol\u0105 dolar\u00f3w w emisji d\u0142ugu i rezerwach walutowych&#8221; \u2014 ocenia Win Thin, g\u0142\u00f3wny ekonomista Bank of Nassau. &#8222;Ostatnie wydarzenia sugeruj\u0105, \u017ce rola ta b\u0119dzie male\u0107 w spos\u00f3b strukturalny&#8221; \u2014 podkre\u015bla.<\/p>\n<p class=\"article_p\" data-section=\"detail-body\">Agencja Bloomberga przypomina, \u017ce cho\u0107 Polska w zdecydowanie wi\u0119kszym stopniu si\u0119ga po obligacje denominowane w euro, to jednak udzia\u0142 papier\u00f3w d\u0142u\u017cnych w dolarach te\u017c jest znaczny. Od 2022 r. Warszawa sprzeda\u0142a je o \u0142\u0105cznej warto\u015bci 21,5 mld dol., z czego 5,5 mld dol. w zesz\u0142ym roku.<\/p>\n<p class=\"article_p\" data-section=\"detail-body\">Czarnecki, w swojej wypowiedzi, zauwa\u017cy\u0142 tak\u017ce, \u017ce w\u015br\u00f3d opcji rozwa\u017canych przez Ministerstwo Finans\u00f3w na przysz\u0142o\u015b\u0107 s\u0105 tak\u017ce mo\u017cliwe emisje w jenach oraz franku szwajcarskim. Warto tutaj przypomnie\u0107, \u017ce Warszawa ostatni raz sprzedawa\u0142a obligacje w jenach w 2024 r. i nie korzysta\u0142a z rynku franka szwajcarskiego od 2015 r.<\/p>\n<p class=\"article_p\" data-section=\"detail-body\">Czytaj tak\u017ce: <a href=\"https:\/\/businessinsider.com.pl\/finanse\/ministerstwo-finansow-szykuje-emisje-obligacji-w-euro-oto-szczegoly-planow\/9pvvmmm\" id=\"15713935-694f-4c67-b9c3-fa2feef513f5\" rel=\"nofollow noopener\" target=\"_blank\">Wielki deficyt i potrzeby po\u017cyczkowe. Polska musi zwr\u00f3ci\u0107 si\u0119 do zagranicznych inwestor\u00f3w<\/a><\/p>\n<p class=\"article_p\" data-section=\"detail-body\">Decyzje dotycz\u0105ce potencjalnych emisji w dolarach lub jenach b\u0119d\u0105 uzale\u017cnione od sytuacji na rynku. &#8222;Jeste\u015bmy praktycznie gotowi na oba rynki&#8221; \u2014 podkre\u015bli\u0142 Czarnecki. Jak doda\u0142, Polska zachowuje elastyczno\u015b\u0107, aby w razie potrzeby dostosowa\u0107 si\u0119 do zmieniaj\u0105cych si\u0119 warunk\u00f3w i wybra\u0107 najkorzystniejszy rynek.<\/p>\n<p>        Konflikt Donalda Trumpa z szefem Fed wywo\u0142uje spore obawy na rynkach<\/p>\n<p class=\"article_p\" data-section=\"detail-body\">Donald Trump od dawna naciska na Rezerw\u0119 Federaln\u0105, by szybciej obni\u017ca\u0142a stopy procentowe, co mia\u0142oby pobudzi\u0107 gospodark\u0119 i z\u0142agodzi\u0107 koszty finansowania d\u0142ugu publicznego USA. Jerome Powell, szef instytucji, okaza\u0142 si\u0119 jednak wyj\u0105tkowo odporny na te wezwania, co doprowadzi\u0142o do konfliktu.<\/p>\n<p class=\"article_p\" data-section=\"detail-body\">O jego skali najlepiej \u015bwiadczy fakt, \u017ce w miniony poniedzia\u0142ek \u015bwiat obieg\u0142a wiadomo\u015b\u0107, \u017ce prokuratorzy w USA wszcz\u0119li dochodzenie karne wobec prezesa Rezerwy Federalnej. Sprawa, zainicjowana przez prezydenta USA, dotyczy kosztownej, wartej 2,5 mld dol. renowacji siedziby Fed.<\/p>\n<p class=\"article_p\" data-section=\"detail-body\">Czytaj tak\u017ce: <a href=\"https:\/\/businessinsider.com.pl\/poradnik-finansowy\/inwestowanie\/koniec-rekordowych-zyskow-z-obligacji-to-zmartwienie-inwestorow-indywidualnych-i\/gv0ty1w\" id=\"6ec48ce0-bc40-425c-ac31-337cd7b76727\" rel=\"nofollow noopener\" target=\"_blank\">Nadchodzi &#8222;\u015bciana wykup\u00f3w&#8221;. Przed nami kluczowy rok dla posiadaczy obligacji skarbowych<\/a><\/p>\n<p class=\"article_p\" data-section=\"detail-body\">Napi\u0119cia wywo\u0142a\u0142y os\u0142abienie dolara i wzrost rentowno\u015bci ameryka\u0144skich obligacji d\u0142ugoterminowych. Jednak reakcja inwestor\u00f3w by\u0142a dot\u0105d umiarkowana, co przypisywane jest obronie niezale\u017cno\u015bci Fed przez jego obecnego prezesa, Jerome\u2019a Powella, oraz wsparciu ze strony niekt\u00f3rych senator\u00f3w Partii Republika\u0144skiej.<\/p>\n","protected":false},"excerpt":{"rendered":"&#8222;Dok\u0142adnie si\u0119 temu przygl\u0105damy&#8221; \u2014 powiedzia\u0142 Karol Czarnecki w rozmowie z Bloomberg News. Dalsza cz\u0119\u015b\u0107 artyku\u0142u pod materia\u0142em&hellip;\n","protected":false},"author":2,"featured_media":207522,"comment_status":"","ping_status":"","sticky":false,"template":"","format":"standard","meta":{"footnotes":""},"categories":[16],"tags":[113,112,42,38,40,39,41],"class_list":{"0":"post-207521","1":"post","2":"type-post","3":"status-publish","4":"format-standard","5":"has-post-thumbnail","7":"category-biznes","8":"tag-biznes","9":"tag-business","10":"tag-pl","11":"tag-poland","12":"tag-polish","13":"tag-polska","14":"tag-polski"},"share_on_mastodon":{"url":"https:\/\/pubeurope.com\/@pl\/115901529049667645","error":""},"_links":{"self":[{"href":"https:\/\/www.europesays.com\/pl\/wp-json\/wp\/v2\/posts\/207521","targetHints":{"allow":["GET"]}}],"collection":[{"href":"https:\/\/www.europesays.com\/pl\/wp-json\/wp\/v2\/posts"}],"about":[{"href":"https:\/\/www.europesays.com\/pl\/wp-json\/wp\/v2\/types\/post"}],"author":[{"embeddable":true,"href":"https:\/\/www.europesays.com\/pl\/wp-json\/wp\/v2\/users\/2"}],"replies":[{"embeddable":true,"href":"https:\/\/www.europesays.com\/pl\/wp-json\/wp\/v2\/comments?post=207521"}],"version-history":[{"count":0,"href":"https:\/\/www.europesays.com\/pl\/wp-json\/wp\/v2\/posts\/207521\/revisions"}],"wp:featuredmedia":[{"embeddable":true,"href":"https:\/\/www.europesays.com\/pl\/wp-json\/wp\/v2\/media\/207522"}],"wp:attachment":[{"href":"https:\/\/www.europesays.com\/pl\/wp-json\/wp\/v2\/media?parent=207521"}],"wp:term":[{"taxonomy":"category","embeddable":true,"href":"https:\/\/www.europesays.com\/pl\/wp-json\/wp\/v2\/categories?post=207521"},{"taxonomy":"post_tag","embeddable":true,"href":"https:\/\/www.europesays.com\/pl\/wp-json\/wp\/v2\/tags?post=207521"}],"curies":[{"name":"wp","href":"https:\/\/api.w.org\/{rel}","templated":true}]}}