{"id":207542,"date":"2026-01-15T22:53:17","date_gmt":"2026-01-15T22:53:17","guid":{"rendered":"https:\/\/www.europesays.com\/pl\/207542\/"},"modified":"2026-01-15T22:53:17","modified_gmt":"2026-01-15T22:53:17","slug":"rycerz-siedmiu-krolestw-rzadko-zdarza-mi-sie-tak-chwalic-serial-recenzja","status":"publish","type":"post","link":"https:\/\/www.europesays.com\/pl\/207542\/","title":{"rendered":"&#8222;Rycerz Siedmiu Kr\u00f3lestw&#8221;. Rzadko zdarza mi si\u0119 tak chwali\u0107 serial [RECENZJA]"},"content":{"rendered":"<p class=\"ods-c-paragraph \">Kultowy ju\u017c temat muzyczny z czo\u0142\u00f3wki <a href=\"https:\/\/kultura.onet.pl\/gra-o-tron-ksiazki-komiksy-seriale-i-gry\" id=\"d9db1823-7947-4db6-9961-a5c3d3093c58\" rel=\"nofollow noopener\" target=\"_blank\">&#8222;Gry o tron&#8221;<\/a>, towarzysz\u0105cy dumnemu uniesieniu ku niebu miecza, zostaje gwa\u0142townie przerwany g\u0142o\u015bnymi d\u017awi\u0119kami wypr\u00f3\u017cnienia. Zgoda, ju\u017c tamten serial bywa\u0142 ma\u0142o subtelny, ale teraz mowa o konwencji komediowej, gdzie charka si\u0119 i wypuszcza gazy niczym na naj\u015bwietniejszych kr\u00f3lewskich dworach. <\/p>\n<p class=\"ods-c-paragraph \">Ale bez obawy, nowa produkcja ze \u015bwiata George&#8217;a R.R. Martina prezentuje poziom wy\u017cszy ni\u017c kloaczny, cho\u0107, i chwa\u0142a siedmiu bogom, nie wstydzi si\u0119 dowcipu godnego flatulisty. Bo ten, zestawiony z dworskim zad\u0119ciem, gadk\u0105 o przeznaczeniu, rycerskim honorze i szlachetno\u015bci wypada, po prostu, piekielnie \u015bmieszne.<\/p>\n<p> Dalszy ci\u0105g artyku\u0142u pod materia\u0142em wideo    <\/p>\n<p> Kiedy premier\u0119 ma 'Rycerz Siedmiu Kr\u00f3lestw&#8217;? <\/p>\n<p> Jak d\u0142ugo trwa ca\u0142y sezon 'Rycerza Siedmiu Kr\u00f3lestw&#8217;? <\/p>\n<p> Kto jest g\u0142\u00f3wnym bohaterem 'Rycerza Siedmiu Kr\u00f3lestw&#8217;? <\/p>\n<p> Jakie s\u0105 g\u0142\u00f3wne motywy humorystyczne w 'Rycerzu Siedmiu Kr\u00f3lestw&#8217;? <\/p>\n<p class=\"ods-c-paragraph \">A przy tym &#8222;Rycerz Siedmiu Kr\u00f3lestw&#8221; to nie \u017caden sitcom osadzony gdzie\u015b na uboczu Westeros, z dala od Wielkich Wydarze\u0144, lecz opowie\u015b\u0107 kanoniczna, w centrum stawiaj\u0105ca postacie jak najwa\u017cniejsze w tej wyimaginowanej historii fikcyjnego kontynentu.<\/p>\n<p>&#8222;Rycerz Siedmiu Kr\u00f3lestw&#8221;: klasyka komedii kumpelskiej<\/p>\n<p class=\"ods-c-paragraph \">Tytu\u0142owy wojownik to niejaki Dunk, giermek, kt\u00f3ry, po \u015bmierci swojego pana, przejmuje jego dobytek i poprzysi\u0119ga kontynuowa\u0107 prastar\u0105 misj\u0119, ju\u017c jako Duncan Wysoki. Idealizuj\u0105c zmar\u0142ego najemnika, pozostaje zabawnie nie\u015bwiadomy jego przywar i przeci\u0119tno\u015bci, ale na tym zasadza si\u0119 ca\u0142y charakterologiczny sens tej postaci, b\u0142\u0119dnego rycerza, kt\u00f3rego donkiszoteria co rusz sprowadza na manowce, pozwalaj\u0105c mu przy tym jednak zachowa\u0107 upragnion\u0105 prawo\u015b\u0107. Duncan na swojej drodze pr\u0119dko spotyka dzieciaka, kt\u00f3ry przedstawia mu si\u0119 imieniem Jajo, wygadanego ch\u0142opca, my\u015bl\u0105cego za dw\u00f3ch. <\/p>\n<p><img decoding=\"async\" src=\"https:\/\/www.europesays.com\/pl\/wp-content\/uploads\/2026\/01\/mFmk9lBaHR0cHM6Ly9vY2RuLmV1L3B1bHNjbXMvTURBXy9mMTQ2ZjRlZDc1ZjhkZTNiNDBmM2I3MTQ0ODMxMmEzZi5qcGeRlQLNB.jpeg\" height=\"627\" width=\"940\" alt=\"Dexter Sol Ansell i Peter Claffey w serialu &quot;Rycerz Siedmiu Kr\u00f3lestw&quot; \" loading=\"lazy\" class=\"ods-c-image__img ods-c-image__img--viewport-width\"\/><\/p>\n<p>Dexter Sol Ansell i Peter Claffey w serialu &#8222;Rycerz Siedmiu Kr\u00f3lestw&#8221;HBO Max \/ mat. prasowe<\/p>\n<p class=\"ods-c-paragraph \">Czyli mowa o niejakiej klasyce komedii kumpelskiej, gdzie jeden ma krzep\u0119, a drugi rozum. Tyle \u017ce Martin to pisarz zbyt spryty, \u017ceby pozwoli\u0107 tym oto nieszcz\u0119\u015bnikom szwenda\u0107 si\u0119 swobodnie tam, gdzie im si\u0119 zachce. Dlatego te\u017c i na ekranie pr\u0119dko trafiaj\u0105 na k\u0142opoty, kt\u00f3rych pocz\u0105tkiem jest pragnienie Duncana, aby stan\u0105\u0107 w szranki z innymi rycerzami podczas lokalnego, acz presti\u017cowego turnieju.<\/p>\n<p class=\"ods-c-paragraph \">Nie ma sensu opowiada\u0107 dalszej fabu\u0142y, bo i historia jest kr\u00f3ciutka \u2014 ca\u0142y sezon to zaledwie trzy godziny ogl\u0105dania \u2014 ale to \u017caden zarzut. Odmierzona jest bowiem idealnie. Kr\u00f3tka nowelka pos\u0142u\u017cy\u0142a tutaj za fundament dla zamaszy\u015bcie rozrysowanej przygody, czerpi\u0105cej ca\u0142ymi gar\u015bciami z opowie\u015bci \u0142otrzykowskich.<\/p>\n<p>   <img decoding=\"async\" src=\"https:\/\/www.europesays.com\/pl\/wp-content\/uploads\/2026\/01\/4NQk9lBaHR0cHM6Ly9vY2RuLmV1L3B1bHNjbXMvTURBXy8xYTg1YzgyYzc3MGEwMWIwODZjMDFmYjZjMjMyMmQ3My5qcGeRlQLNB.jpeg\" height=\"627\" width=\"940\" alt=\"Dexter Sol Ansell w serialu &quot;Rycerz Siedmiu Kr\u00f3lestw&quot;\" loading=\"lazy\" class=\"ods-c-image__img ods-c-image__img--viewport-width\"\/><\/p>\n<p>Dexter Sol Ansell w serialu &#8222;Rycerz Siedmiu Kr\u00f3lestw&#8221;HBO Max \/ mat. prasowe<\/p>\n<p> &#8222;Rycerz Siedmiu Kr\u00f3lestw&#8221;: znakomite od\u015bwie\u017cenie<\/p>\n<p class=\"ods-c-paragraph \">Dlatego te\u017c omawiane dzie\u0142o przyci\u0105ga nie tylko humorem, cz\u0119sto czarnym, makabrycznym, bez ma\u0142a niekomfortowym, ale i scenami, kt\u00f3rych nie powstydzi\u0142by si\u0119 serial macierzysty w swej naj\u015bwietniejszej os\u0142onie. Mowa o ci\u0119tych dialogach i krwawych pojedynkach, gdzie &#8222;Rycerz Siedmiu Kr\u00f3lestw&#8221; b\u0142yszczy, odpowiednio, scenariuszowo i realizacyjnie.<\/p>\n<p class=\"ods-c-paragraph \">S\u0142owem, jest to znakomite od\u015bwie\u017cenie i spuszczenie pary z tej ci\u0105gn\u0105cej si\u0119 ju\u017c tyle lat sagi, bez poziomowych intryg, ci\u0105g\u0142ego spiskowania za plecami i pompatycznej atmosfery. Niema\u0142a w tym zas\u0142uga tak\u017ce znakomitego castingu, bo Peter Claffey, Dexter Sol Ansell i ca\u0142y drugi plan (rewelacyjny!) to mi\u00f3d na um\u0119czone oczy. Rzadko zdarza mi si\u0119 tak chwali\u0107 serial, dumaj\u0105c przy tym, gdzie wbi\u0107 szpil\u0119 i nie znajduj\u0105c takiego miejsca.<\/p>\n<p><img decoding=\"async\" src=\"https:\/\/www.europesays.com\/pl\/wp-content\/uploads\/2026\/01\/3DRk9lBaHR0cHM6Ly9vY2RuLmV1L3B1bHNjbXMvTURBXy9jM2IwYTM0MjI2YjI5YzMwOWNjMjBjMDQxOGM4MWFlMS5qcGeRlQLNB.jpeg\" height=\"627\" width=\"940\" alt=\"Peter Claffey w serialu &quot;Rycerz Siedmiu Kr\u00f3lestw&quot; \" loading=\"lazy\" class=\"ods-c-image__img ods-c-image__img--viewport-width\"\/><\/p>\n<p>Peter Claffey w serialu &#8222;Rycerz Siedmiu Kr\u00f3lestw&#8221;HBO Max \/ mat. prasowe<\/p>\n<p class=\"ods-c-paragraph \">Owszem, zdarzaj\u0105 si\u0119 tu niewykorzystane postacie z ogromnym potencja\u0142em, w\u0105tek romansowy jest niedogotowany, a ksi\u0105\u017c\u0119 Targaryen, g\u0142\u00f3wny adwersarz naszego bohatera, wyci\u0119ty jest z tego samego szablonu, co jego potomkowie (rzecz dzieje si\u0119 jakie\u015b sto lat przed wydarzeniami z &#8222;Gry o tron&#8221;), ale absolutnie nie przeszkadza to cieszy\u0107 si\u0119 seansem. Zw\u0142aszcza \u017ce kolejne p\u00f3\u0142godzinne odcinki mijaj\u0105 jak trza\u015bni\u0119cie morgenszternem.<\/p>\n<p class=\"ods-c-paragraph \">Serial Iry Parkera udowadnia, \u017ce w \u015bwiecie Martina tkwi ogromny potencja\u0142, z kt\u00f3rego mo\u017cna czerpa\u0107 i na kt\u00f3rym mo\u017cna budowa\u0107, odrywaj\u0105c si\u0119 od potyczek o \u017belazny Tron. Szkoda, \u017ce materia\u0142u literackiego jest tylko na trzy sezony, cho\u0107 brytyjski pisarz obiecuje zasi\u0105\u015b\u0107 do roboty nad kolejnymi nowelkami\u2026 jak tylko sko\u0144czy &#8222;Wichry zimy&#8221;. Przy\u0142\u0105czam si\u0119 do czekaj\u0105cych.<\/p>\n","protected":false},"excerpt":{"rendered":"Kultowy ju\u017c temat muzyczny z czo\u0142\u00f3wki &#8222;Gry o tron&#8221;, towarzysz\u0105cy dumnemu uniesieniu ku niebu miecza, zostaje gwa\u0142townie przerwany&hellip;\n","protected":false},"author":2,"featured_media":207543,"comment_status":"","ping_status":"","sticky":false,"template":"","format":"standard","meta":{"footnotes":""},"categories":[22],"tags":[122,39749,26173,8098,48,46,42,38,40,39,41,123,39748,47,218,10633,224],"class_list":{"0":"post-207542","1":"post","2":"type-post","3":"status-publish","4":"format-standard","5":"has-post-thumbnail","7":"category-rozrywka","8":"tag-entertainment","9":"tag-george_r_r_martin","10":"tag-gra_o_tron","11":"tag-hbo_max","12":"tag-nat_styl","13":"tag-omp","14":"tag-pl","15":"tag-poland","16":"tag-polish","17":"tag-polska","18":"tag-polski","19":"tag-rozrywka","20":"tag-rycerz_siedmiu_krolestw","21":"tag-screening_general","22":"tag-seriale","23":"tag-seriale_zagraniczne","24":"tag-telewizja"},"share_on_mastodon":{"url":"https:\/\/pubeurope.com\/@pl\/115901576180367967","error":""},"_links":{"self":[{"href":"https:\/\/www.europesays.com\/pl\/wp-json\/wp\/v2\/posts\/207542","targetHints":{"allow":["GET"]}}],"collection":[{"href":"https:\/\/www.europesays.com\/pl\/wp-json\/wp\/v2\/posts"}],"about":[{"href":"https:\/\/www.europesays.com\/pl\/wp-json\/wp\/v2\/types\/post"}],"author":[{"embeddable":true,"href":"https:\/\/www.europesays.com\/pl\/wp-json\/wp\/v2\/users\/2"}],"replies":[{"embeddable":true,"href":"https:\/\/www.europesays.com\/pl\/wp-json\/wp\/v2\/comments?post=207542"}],"version-history":[{"count":0,"href":"https:\/\/www.europesays.com\/pl\/wp-json\/wp\/v2\/posts\/207542\/revisions"}],"wp:featuredmedia":[{"embeddable":true,"href":"https:\/\/www.europesays.com\/pl\/wp-json\/wp\/v2\/media\/207543"}],"wp:attachment":[{"href":"https:\/\/www.europesays.com\/pl\/wp-json\/wp\/v2\/media?parent=207542"}],"wp:term":[{"taxonomy":"category","embeddable":true,"href":"https:\/\/www.europesays.com\/pl\/wp-json\/wp\/v2\/categories?post=207542"},{"taxonomy":"post_tag","embeddable":true,"href":"https:\/\/www.europesays.com\/pl\/wp-json\/wp\/v2\/tags?post=207542"}],"curies":[{"name":"wp","href":"https:\/\/api.w.org\/{rel}","templated":true}]}}