{"id":207562,"date":"2026-01-15T23:05:19","date_gmt":"2026-01-15T23:05:19","guid":{"rendered":"https:\/\/www.europesays.com\/pl\/207562\/"},"modified":"2026-01-15T23:05:19","modified_gmt":"2026-01-15T23:05:19","slug":"w-takim-stroju-przyszla-na-spotkanie-fason-spodni-jest-blisko-ciala","status":"publish","type":"post","link":"https:\/\/www.europesays.com\/pl\/207562\/","title":{"rendered":"W takim stroju przysz\u0142a na spotkanie. &#8222;Fason spodni jest blisko cia\u0142a&#8221;"},"content":{"rendered":"\n<p>W \u015brod\u0119, 14 stycznia 2026 roku, w\u00a0Pa\u0142acu Prezydenckim odby\u0142o si\u0119 wyj\u0105tkowe spotkanie z\u00a0udzia\u0142em pary prezydenckiej &#8211;\u00a0<a href=\"https:\/\/kobieta.wp.pl\/para-prezydencka-temat-6025192840516737\" rel=\"noopener noreferrer nofollow\" target=\"_blank\">Karola i\u00a0Marty Nawrockich<\/a> &#8211;\u00a0oraz przedstawicieli ko\u015bcio\u0142\u00f3w, zwi\u0105zk\u00f3w wyznaniowych i\u00a0mniejszo\u015bci narodowych dzia\u0142aj\u0105cych w\u00a0Polsce. Uroczysto\u015b\u0107 mia\u0142a nie tylko symboliczny, ale i\u00a0reprezentacyjny charakter, co znalaz\u0142o odzwierciedlenie w\u00a0starannie dobranej stylizacji pierwszej damy.<\/p>\n<p>Marta Nawrocka postawi\u0142a na elegancki garnitur w\u00a0krat\u0119, kt\u00f3ry po\u0142\u0105czy\u0142a z\u00a0wrzosow\u0105 koszul\u0105, klasycznymi czarnymi szpilkami i\u00a0subteln\u0105 broszk\u0105 pod ko\u0142nierzykiem. Jej str\u00f3j skomentowa\u0142a dla Plejady Dorota Goldpoint, projektantka i\u00a0stylistka Agaty Dudy.<\/p>\n<p> <img role=\"presentation\" class=\"absolute left-1\/2 top-1\/2 max-h-[80%] max-w-[100px] -translate-x-1\/2 -translate-y-1\/2\" src=\"https:\/\/v.wpimg.pl\/ZXJfd3AudTkrBBIAbg54LGhcRlAxHQUrPgJGH2MAeGJoSQ1eIBI_K2UHAEVuBTY5KQMMXC0RPyoVERQdMgM9ejc\" loading=\"lazy\" decoding=\"async\"\/> <\/p>\n<p>Dawid Woli\u0144ski o\u00a0stylu Agaty Dudy: &#8222;Zadaniem pierwszej damy nie jest wprowadzanie trend\u00f3w na salony&#8221;<\/p>\n<p>Spotkanie w\u00a0Pa\u0142acu Prezydenckim <\/p>\n<p>Na zaproszenie pary prezydenckiej do Pa\u0142acu Prezydenckiego przybyli hierarchowie Ko\u015bcio\u0142a Rzymskokatolickiego i\u00a0Greckokatolickiego, przedstawiciele wsp\u00f3lnoty \u017cydowskiej oraz muzu\u0142ma\u0144skiej, reprezentanci Ko\u015bcio\u0142\u00f3w zrzeszonych w\u00a0Polskiej Radzie Ekumenicznej, a\u00a0tak\u017ce duchowni duszpasterstw polowych &#8211;\u00a0Ordynariatu Polowego Wojska Polskiego, Prawos\u0142awnego Ordynariatu Wojska Polskiego oraz Ewangelickiego Duszpasterstwa Wojskowego. W\u00a0spotkaniu uczestniczyli r\u00f3wnie\u017c przedstawiciele mniejszo\u015bci narodowych i\u00a0etnicznych dzia\u0142aj\u0105cych w\u00a0Polsce.<\/p>\n<p> <img role=\"presentation\" class=\"absolute left-1\/2 top-1\/2 max-h-[80%] max-w-[100px] -translate-x-1\/2 -translate-y-1\/2\" src=\"https:\/\/v.wpimg.pl\/ZXJfd3AudTkrBBIAbg54LGhcRlAxHQUrPgJGH2MAeGJoSQ1eIBI_K2UHAEVuBTY5KQMMXC0RPyoVERQdMgM9ejc\" loading=\"lazy\" decoding=\"async\"\/>     <img decoding=\"async\" src=\"https:\/\/www.europesays.com\/pl\/wp-content\/uploads\/2026\/01\/YzExOTQ4dhskGjlnfk97DmdCbT04FnVYMFp1dn5Xdkl8TH4sYwJrTWoeJjg0RjwKKlYoJiREOA01Vj84flUpE2oOfns1XSoKKRk2.jpeg\" width=\"3941\" height=\"2627\" loading=\"lazy\" class=\"wp-media-image\" alt=\"Warszawa, 14.01.2026. Prezydent RP Karol Nawrocki (C-P), pierwsza dama Marta Nawrocka (C) i naczelny Rabin Polski Michael Schudrich (C-L) na spotkaniu noworocznym z przedstawicielami ko\u015bcio\u0142\u00f3w i zwi\u0105zk\u00f3w wyznaniowych oraz mniejszo\u015bci narodowych i etnicznych w Polsce, 14 bm. w Pa\u0142acu Prezydenckim w Warszawie. (sko) PAP\/Leszek Szyma\u0144ski\" data-lightbox=\"true\"\/> Marta Nawrocka podczas spotkania z przedstawicielami ko\u015bcio\u0142\u00f3w i mniejszo\u015bci narodowych w Pa\u0142acu Prezydenckim \u00a9 PAP | PAP\/Leszek Szyma\u0144ski<\/p>\n<p>Krata z\u00a0charakterem i\u00a0&#8222;brytyjsk\u0105&#8221; powag\u0105 <\/p>\n<p><a href=\"https:\/\/kobieta.wp.pl\/marta-nawrocka-temat-7164697704078240\" rel=\"noopener noreferrer nofollow\" target=\"_blank\">Marta Nawrocka<\/a> wybra\u0142a na t\u0119 okazj\u0119 dobrze skrojony damski garnitur w\u00a0klasyczn\u0105 krat\u0119. Zdaniem Doroty Goldpoint by\u0142 to wyb\u00f3r trafiony &#8211;\u00a0elegancki, stonowany, a\u00a0jednocze\u015bnie niepozbawiony wyrazistego charakteru.<\/p>\n<blockquote><p>&#8211; Garnitur w\u00a0krat\u0119 jest klasyczny, ale nie zachowawczy &#8211;\u00a0krata dodaje mu intelektualnego charakteru i\u00a0lekko &#8222;brytyjskiej&#8221; powagi. Dopasowany \u017cakiet pi\u0119knie buduje sylwetk\u0119: podkre\u015bla tali\u0119, ramiona s\u0105 wyra\u017anie zarysowane, ca\u0142o\u015b\u0107 wygl\u0105da profesjonalnie i\u00a0zdecydowanie &#8211;\u00a0oceni\u0142a stylistka Dorota Goldpoint w\u00a0rozmowie z\u00a0Plejad\u0105.<\/p><\/blockquote>\n<p> <img role=\"presentation\" class=\"absolute left-1\/2 top-1\/2 max-h-[80%] max-w-[100px] -translate-x-1\/2 -translate-y-1\/2\" src=\"https:\/\/v.wpimg.pl\/ZXJfd3AudTkrBBIAbg54LGhcRlAxHQUrPgJGH2MAeGJoSQ1eIBI_K2UHAEVuBTY5KQMMXC0RPyoVERQdMgM9ejc\" loading=\"lazy\" decoding=\"async\"\/> <\/p>\n<p>Ekspertka zwr\u00f3ci\u0142a jednak uwag\u0119 na detale kroju. &#8211;\u00a0M\u00f3g\u0142by by\u0107 nieco d\u0142u\u017cszy. Fason spodni jest bardzo blisko cia\u0142a &#8211;\u00a0w\u00a0oficjalnych okoliczno\u015bciach delikatnie swobodniejsza linia mog\u0142aby doda\u0107 zestawowi jeszcze wi\u0119cej elegancji i\u00a0dystynkcji &#8211;\u00a0doda\u0142a ekspertka.<\/p>\n<p>     <img decoding=\"async\" src=\"https:\/\/www.europesays.com\/pl\/wp-content\/uploads\/2026\/01\/YWFhOGU4djYnCjl0ek97I2RSbS48FnV1M0p1ZXpXdmV_UXc_ZwBoYWkOJiswRjwnKUYoNSBEOCA2Rj8relUpPmkefmgxXSonKgk2.jpeg\" width=\"2998\" height=\"2416\" loading=\"lazy\" class=\"wp-media-image\" alt=\"Warszawa, 14.01.2026. Prezydent RP Karol Nawrocki (P) i pierwsza dama Marta Nawrocka (C) na spotkaniu noworocznym z przedstawicielami ko\u015bcio\u0142\u00f3w i zwi\u0105zk\u00f3w wyznaniowych oraz mniejszo\u015bci narodowych i etnicznych w Polsce, 14 bm. w Pa\u0142acu Prezydenckim w Warszawie. (sko) PAP\/Leszek Szyma\u0144ski\" data-lightbox=\"true\"\/> Marta Nawrocka postawi\u0142a na elegancki garnitur w krat\u0119 i subtelne dodatki \u00a9 PAP | PAP\/Leszek Szyma\u0144ski <\/p>\n<p>Zobacz te\u017c: <a href=\"https:\/\/kobieta.wp.pl\/stylistka-nawrockiej-zabrala-glos-poczatki-byly-dla-mnie-trudne-7241481081367520a\" rel=\"noopener noreferrer nofollow\" target=\"_blank\">Ods\u0142ania kulisy wsp\u00f3\u0142pracy z\u00a0Nawrock\u0105. &#8222;Pocz\u0105tki by\u0142y dla mnie trudne&#8221;<\/a><\/p>\n<p> <img role=\"presentation\" class=\"absolute left-1\/2 top-1\/2 max-h-[80%] max-w-[100px] -translate-x-1\/2 -translate-y-1\/2\" src=\"https:\/\/v.wpimg.pl\/ZXJfd3AudTkrBBIAbg54LGhcRlAxHQUrPgJGH2MAeGJoSQ1eIBI_K2UHAEVuBTY5KQMMXC0RPyoVERQdMgM9ejc\" loading=\"lazy\" decoding=\"async\"\/><\/p>\n<p>Wrzosowa koszula i\u00a0broszka zamiast bi\u017cuterii <\/p>\n<p>Surowo\u015b\u0107 szarego garnituru zosta\u0142a prze\u0142amana kolorem. Wrzosowa koszula wnios\u0142a do stylizacji lekko\u015b\u0107 i\u00a0\u015bwie\u017co\u015b\u0107, a\u00a0ozdobna broszka zast\u0105pi\u0142a klasyczn\u0105 bi\u017cuteri\u0119.<\/p>\n<blockquote><p>&#8211; Wrzosowa koszula to strza\u0142 w\u00a0dziesi\u0105tk\u0119 &#8211;\u00a0kolor \u0142amie surowo\u015b\u0107 szaro\u015bci, roz\u015bwietla twarz i\u00a0wnosi delikatno\u015b\u0107. Jest mi\u0119kka, elegancka i\u00a0bardzo &#8222;smart&#8221;. Ozdobna broszka pe\u0142ni rol\u0119 bi\u017cuteryjnego akcentu &#8211;\u00a0podkre\u015bli\u0142a Dorota Goldpoint.<\/p><\/blockquote>\n<p>Subtelne dodatki sprawi\u0142y, \u017ce ca\u0142o\u015b\u0107 prezentowa\u0142a si\u0119 elegancko, ale bez przesadnego przepychu. To przyk\u0142ad stonowanej elegancji, po kt\u00f3r\u0105 coraz cz\u0119\u015bciej si\u0119gaj\u0105 kobiety pe\u0142ni\u0105ce funkcje publiczne.<\/p>\n<p> <img role=\"presentation\" class=\"absolute left-1\/2 top-1\/2 max-h-[80%] max-w-[100px] -translate-x-1\/2 -translate-y-1\/2\" src=\"https:\/\/v.wpimg.pl\/ZXJfd3AudTkrBBIAbg54LGhcRlAxHQUrPgJGH2MAeGJoSQ1eIBI_K2UHAEVuBTY5KQMMXC0RPyoVERQdMgM9ejc\" loading=\"lazy\" decoding=\"async\"\/>     <img decoding=\"async\" src=\"https:\/\/www.europesays.com\/pl\/wp-content\/uploads\/2026\/01\/NGNhNjlhYSYvCjhZQxNsM2xSbAMFSmJlO0p0SEMLYXR3UHoSXl57cWEOJwYJGis3IUYpGBkYLzA-Rj4GQwk-LmEef0UIAT03Igk3.jpeg\" width=\"3984\" height=\"2656\" loading=\"lazy\" class=\"wp-media-image\" alt=\"Warszawa, 14.01.2026. Prezydent RP Karol Nawrocki (C), pierwsza dama Marta Nawrocka (C-L) i przewodnicz\u0105cy Konferencji Episkopatu Polski abp Tadeusz Wojda (C-P) na spotkaniu noworocznym z przedstawicielami ko\u015bcio\u0142\u00f3w i zwi\u0105zk\u00f3w wyznaniowych oraz mniejszo\u015bci narodowych i etnicznych w Polsce, 14 bm. w Pa\u0142acu Prezydenckim w Warszawie. (mr) PAP\/Leszek Szyma\u0144ski\" data-lightbox=\"true\"\/> Elegancja w klasycznym wydaniu. Marta Nawrocka w garniturze w krat\u0119 \u00a9 PAP | PAP\/Leszek Szyma\u0144ski<\/p>\n<p>Klasyka z\u00a0nut\u0105 nowoczesno\u015bci <\/p>\n<p>Stylizacja Marty Nawrockiej \u0142\u0105czy\u0142a formalny charakter wydarzenia z\u00a0nowoczesnym podej\u015bciem do mody. Garnitur w\u00a0krat\u0119, stonowana kolorystyka i\u00a0subtelne dodatki stworzy\u0142y sp\u00f3jny, elegancki wizerunek, kt\u00f3ry podkre\u015bla\u0142 rang\u0119 spotkania, a\u00a0jednocze\u015bnie pozwala\u0142 pierwszej damie zachowa\u0107 sw\u00f3j indywidualny styl.<\/p>\n<p>Czytaj tak\u017ce: <a href=\"https:\/\/kobieta.wp.pl\/nawrocka-czy-duda-polacy-wskazali-ktora-pierwsza-dame-oceniaja-lepiej-7231663905188768a\" rel=\"noopener noreferrer nofollow\" target=\"_blank\">Nawrocka czy Duda? Polacy wskazali, kt\u00f3r\u0105 pierwsz\u0105 dam\u0119 oceniaj\u0105 lepiej<\/a><\/p>\n<p> <img role=\"presentation\" class=\"absolute left-1\/2 top-1\/2 max-h-[80%] max-w-[100px] -translate-x-1\/2 -translate-y-1\/2\" src=\"https:\/\/v.wpimg.pl\/ZXJfd3AudTkrBBIAbg54LGhcRlAxHQUrPgJGH2MAeGJoSQ1eIBI_K2UHAEVuBTY5KQMMXC0RPyoVERQdMgM9ejc\" loading=\"lazy\" decoding=\"async\"\/> <\/p>\n<p>Zapraszamy na grup\u0119 FB &#8211;\u00a0<a href=\"https:\/\/www.facebook.com\/groups\/126020819449720\" rel=\"noopener noreferrer nofollow\" target=\"_blank\">#Wszechmocne.<\/a> To tu b\u0119dziemy informowa\u0107 na bie\u017c\u0105co o\u00a0terminach webinar\u00f3w, wywiadach, nowych historiach.<\/p>\n","protected":false},"excerpt":{"rendered":"W \u015brod\u0119, 14 stycznia 2026 roku, w\u00a0Pa\u0142acu Prezydenckim odby\u0142o si\u0119 wyj\u0105tkowe spotkanie z\u00a0udzia\u0142em pary prezydenckiej &#8211;\u00a0Karola i\u00a0Marty Nawrockich&hellip;\n","protected":false},"author":2,"featured_media":207563,"comment_status":"","ping_status":"","sticky":false,"template":"","format":"standard","meta":{"footnotes":""},"categories":[5],"tags":[32,33,36,37,27,34,35,28,31,25,42,38,40,39,41,29,30,26],"class_list":{"0":"post-207562","1":"post","2":"type-post","3":"status-publish","4":"format-standard","5":"has-post-thumbnail","7":"category-naglowki","8":"tag-breaking-news","9":"tag-breakingnews","10":"tag-featured-news","11":"tag-featurednews","12":"tag-headlines","13":"tag-latest-news","14":"tag-latestnews","15":"tag-naglowki","16":"tag-najwazniejsze-artykuly","17":"tag-news","18":"tag-pl","19":"tag-poland","20":"tag-polish","21":"tag-polska","22":"tag-polski","23":"tag-top-stories","24":"tag-topstories","25":"tag-wiadomosci"},"share_on_mastodon":{"url":"https:\/\/pubeurope.com\/@pl\/115901623665215653","error":""},"_links":{"self":[{"href":"https:\/\/www.europesays.com\/pl\/wp-json\/wp\/v2\/posts\/207562","targetHints":{"allow":["GET"]}}],"collection":[{"href":"https:\/\/www.europesays.com\/pl\/wp-json\/wp\/v2\/posts"}],"about":[{"href":"https:\/\/www.europesays.com\/pl\/wp-json\/wp\/v2\/types\/post"}],"author":[{"embeddable":true,"href":"https:\/\/www.europesays.com\/pl\/wp-json\/wp\/v2\/users\/2"}],"replies":[{"embeddable":true,"href":"https:\/\/www.europesays.com\/pl\/wp-json\/wp\/v2\/comments?post=207562"}],"version-history":[{"count":0,"href":"https:\/\/www.europesays.com\/pl\/wp-json\/wp\/v2\/posts\/207562\/revisions"}],"wp:featuredmedia":[{"embeddable":true,"href":"https:\/\/www.europesays.com\/pl\/wp-json\/wp\/v2\/media\/207563"}],"wp:attachment":[{"href":"https:\/\/www.europesays.com\/pl\/wp-json\/wp\/v2\/media?parent=207562"}],"wp:term":[{"taxonomy":"category","embeddable":true,"href":"https:\/\/www.europesays.com\/pl\/wp-json\/wp\/v2\/categories?post=207562"},{"taxonomy":"post_tag","embeddable":true,"href":"https:\/\/www.europesays.com\/pl\/wp-json\/wp\/v2\/tags?post=207562"}],"curies":[{"name":"wp","href":"https:\/\/api.w.org\/{rel}","templated":true}]}}