{"id":207588,"date":"2026-01-15T23:18:16","date_gmt":"2026-01-15T23:18:16","guid":{"rendered":"https:\/\/www.europesays.com\/pl\/207588\/"},"modified":"2026-01-15T23:18:16","modified_gmt":"2026-01-15T23:18:16","slug":"lodowisko-na-drodze-i-chodniku-bylo-dosc-czasu-zeby-je-odsniezyc-i-zadbac-o-ich-stan","status":"publish","type":"post","link":"https:\/\/www.europesays.com\/pl\/207588\/","title":{"rendered":"Lodowisko na drodze i chodniku. \u201eBy\u0142o do\u015b\u0107 czasu, \u017ceby je od\u015bnie\u017cy\u0107 i zadba\u0107 o ich stan\u201d"},"content":{"rendered":"<p>15.01.2026, godz. 09:15<\/p>\n<p>\t\t\t\t\tMieszka\u0144cy Bielska-Bia\u0142ej skar\u017c\u0105 si\u0119 na stan chodnik\u00f3w na kt\u00f3rych zalega b\u0142oto po\u015bniegowa, a cz\u0119sto tak\u017ce l\u00f3d. Bardzo trudna sytuacja jest na ul. M\u0142odzie\u017cowej w Olsz\u00f3wce, gdzie mieszka\u0144cy spaceruj\u0105 ulic\u0105, by nie przewr\u00f3ci\u0107 si\u0119 na chodniku.<\/p>\n<p>Cho\u0107 problem oblodzenia dotyka wielu cz\u0119\u015bci miasta, w tym rejonie sytuacja jest skrajnie niebezpieczna. Chodnikiem nie da si\u0119 przej\u015b\u0107, a jezdnia przypomina szklan\u0105 tafl\u0119, po kt\u00f3rej desperacko pr\u00f3buj\u0105 porusza\u0107 si\u0119 pacjenci pobliskiego centrum medycznego. Dostali\u015bmy list od zaniepokojonego mieszka\u0144ca.<\/p>\n<p>Ulica M\u0142odzie\u017cowa, ze wzgl\u0119du na swoje nachylenie, jest wymagaj\u0105ca nawet w dobrych warunkach. Jednak obecny stan ulicy i chodnika sprawi\u0142, \u017ce sta\u0142a si\u0119 niemal nie do przej\u015bcia. &#8211; Par\u0119 dni temu pada\u0142o. By\u0142o do\u015b\u0107 czasu, \u017ceby je od\u015bnie\u017cy\u0107 i zadba\u0107 o ich\u00a0stan. Po chodniku nie mog\u0105 chodzi\u0107, bo jest za \u015blisko, wi\u0119c przemieszczaj\u0105 si\u0119 po ulicy. A tam je\u017cd\u017c\u0105 samochody i wyst\u0119puje \u201eszklanka\u201d\u00a0\u2013 pisze autor listu, a trasa ta stanowi doj\u015bcie dla pacjent\u00f3w korzystaj\u0105cych z program\u00f3w dziennych Bielskiego Centrum Psychiatrii.<\/p>\n<p>Zgodnie z przepisami, w\u0142a\u015bciciele i zarz\u0105dcy nieruchomo\u015bci s\u0105 zobowi\u0105zani do od\u015bnie\u017cania chodnik\u00f3w. To na nich spoczywa odpowiedzialno\u015b\u0107 za usuni\u0119cie b\u0142ota, \u015bniegu i lodu. Dzi\u0119ki temu piesi\u00a0mog\u0105 bezpiecznie porusza\u0107 si\u0119 po ulicach, a ryzyko gro\u017anych upadk\u00f3w jest minimalizowane. Warto zaznaczy\u0107, \u017ce obowi\u0105zek ten dotyczy sytuacji, gdy chodnik po\u0142o\u017cony jest bezpo\u015brednio przy granicy dzia\u0142ki. Je\u015bli mi\u0119dzy chodnikiem a ogrodzeniem znajduje si\u0119 pas zieleni, obowi\u0105zek od\u015bnie\u017cania zazwyczaj przejmuje gmina.<\/p>\n<p>W przypadku braku reakcji os\u00f3b odpowiedzialnych &#8211; ustawa o utrzymaniu czysto\u015bci i porz\u0105dku w gminach daje funkcjonariuszom mo\u017cliwo\u015b\u0107 egzekwowania odpowiedniego podejmowania przez nich dzia\u0142a\u0144 we wskazanym zakresie, kt\u00f3ra mo\u017ce by\u0107 obarczona mandatem karnym w wysoko\u015bci do 500 z\u0142.<\/p>\n<p style=\"text-align: center;\">bak<\/p>\n<p>Artyku\u0142 wy\u015bwietlono 4451 razy.<\/p>\n<p style=\"&#10;    display: inline-block;&#10;    height: 50px;&#10;    line-height: 44px;&#10;    vertical-align: top;&#10;    position: relative;&#10;    padding-right: 5px;&#10;\">Oce\u0144 artyku\u0142:<\/p>\n<p>\t\t\t\t\t<a href=\"https:\/\/bielsko.biala.pl\/javascript:;\" id=\"w59611_rate_up\" class=\"post-rate-up active\" onclick=\"rate(&#039;aktualnosc&#039;,&#039;w&#039;,59611,1,&#039;26e54396c29c3c52b35b828016108c82&#039;)\" rel=\"nofollow noopener\" target=\"_blank\">45<\/a><br \/>\n\t\t\t\t\t<a href=\"https:\/\/bielsko.biala.pl\/javascript:;\" id=\"w59611_rate_down\" class=\"post-rate-down active\" onclick=\"rate(&#039;aktualnosc&#039;,&#039;w&#039;,59611,-1,&#039;57b057d3e912564506bd856ceaff4393&#039;)\" rel=\"nofollow noopener\" target=\"_blank\">7<\/a><\/p>\n<p>\n\t\t\t\t\t\t\u015arednia ocena 4.5\/5 dla &#8222;Lodowisko na drodze i chodniku. \u201eBy\u0142o do\u015b\u0107 czasu, \u017ceby je od\u015bnie\u017cy\u0107 i zadba\u0107 o ich stan\u201d &#8211; foto&#8221; bazuje na 52 g\u0142osach.\n\t\t\t\t\t<\/p>\n<p>                                         <img decoding=\"async\" itemprop=\"image\" src=\"https:\/\/www.europesays.com\/pl\/wp-content\/uploads\/2025\/11\/logo-bb-white.png\" alt=\"Bielsko-Bia\u0142a\"\/><br \/>\n        Lodowisko na drodze i chodniku. \u201eBy\u0142o do\u015b\u0107 czasu, \u017ceby je od\u015bnie\u017cy\u0107 i zadba\u0107 o ich stan\u201d &#8211; foto<\/p>\n","protected":false},"excerpt":{"rendered":"15.01.2026, godz. 09:15 Mieszka\u0144cy Bielska-Bia\u0142ej skar\u017c\u0105 si\u0119 na stan chodnik\u00f3w na kt\u00f3rych zalega b\u0142oto po\u015bniegowa, a cz\u0119sto tak\u017ce&hellip;\n","protected":false},"author":2,"featured_media":207589,"comment_status":"","ping_status":"","sticky":false,"template":"","format":"standard","meta":{"footnotes":""},"categories":[12],"tags":[39754,32,33,39756,36,37,39755,27,34,35,39753,28,31,25,42,38,40,39,41,29,30,26],"class_list":{"0":"post-207588","1":"post","2":"type-post","3":"status-publish","4":"format-standard","5":"has-post-thumbnail","7":"category-polska","8":"tag-a-czesto-takze-lod-bardzo-trudna-sytuacja-jest-na-ul-mlodziezowej-w-olszowce","9":"tag-breaking-news","10":"tag-breakingnews","11":"tag-by-nie-przewrocic-sie-na-chodniku","12":"tag-featured-news","13":"tag-featurednews","14":"tag-gdzie-mieszkancy-spaceruja-ulica","15":"tag-headlines","16":"tag-latest-news","17":"tag-latestnews","18":"tag-mieszkancy-bielska-bialej-skarza-sie-na-stan-chodnikow-na-ktorych-zalega-bloto-posniegowa","19":"tag-naglowki","20":"tag-najwazniejsze-artykuly","21":"tag-news","22":"tag-pl","23":"tag-poland","24":"tag-polish","25":"tag-polska","26":"tag-polski","27":"tag-top-stories","28":"tag-topstories","29":"tag-wiadomosci"},"share_on_mastodon":{"url":"","error":"Validation failed: Text character limit of 500 exceeded"},"_links":{"self":[{"href":"https:\/\/www.europesays.com\/pl\/wp-json\/wp\/v2\/posts\/207588","targetHints":{"allow":["GET"]}}],"collection":[{"href":"https:\/\/www.europesays.com\/pl\/wp-json\/wp\/v2\/posts"}],"about":[{"href":"https:\/\/www.europesays.com\/pl\/wp-json\/wp\/v2\/types\/post"}],"author":[{"embeddable":true,"href":"https:\/\/www.europesays.com\/pl\/wp-json\/wp\/v2\/users\/2"}],"replies":[{"embeddable":true,"href":"https:\/\/www.europesays.com\/pl\/wp-json\/wp\/v2\/comments?post=207588"}],"version-history":[{"count":0,"href":"https:\/\/www.europesays.com\/pl\/wp-json\/wp\/v2\/posts\/207588\/revisions"}],"wp:featuredmedia":[{"embeddable":true,"href":"https:\/\/www.europesays.com\/pl\/wp-json\/wp\/v2\/media\/207589"}],"wp:attachment":[{"href":"https:\/\/www.europesays.com\/pl\/wp-json\/wp\/v2\/media?parent=207588"}],"wp:term":[{"taxonomy":"category","embeddable":true,"href":"https:\/\/www.europesays.com\/pl\/wp-json\/wp\/v2\/categories?post=207588"},{"taxonomy":"post_tag","embeddable":true,"href":"https:\/\/www.europesays.com\/pl\/wp-json\/wp\/v2\/tags?post=207588"}],"curies":[{"name":"wp","href":"https:\/\/api.w.org\/{rel}","templated":true}]}}