{"id":207605,"date":"2026-01-15T23:27:04","date_gmt":"2026-01-15T23:27:04","guid":{"rendered":"https:\/\/www.europesays.com\/pl\/207605\/"},"modified":"2026-01-15T23:27:04","modified_gmt":"2026-01-15T23:27:04","slug":"tomaszewski-szczerze-o-lewandowskim-nie-mozna-kupic-za-zadne-pieniadze","status":"publish","type":"post","link":"https:\/\/www.europesays.com\/pl\/207605\/","title":{"rendered":"Tomaszewski szczerze o Lewandowskim. &#8222;Nie mo\u017cna kupi\u0107 za \u017cadne pieni\u0105dze&#8221;"},"content":{"rendered":"\n<p class=\"contentpart contentpart--default contentpart--text\" data-position=\"0\"><a href=\"https:\/\/sportowefakty.wp.pl\/pilka-nozna\/jan-tomaszewski\" rel=\"nofollow noopener\" target=\"_blank\">Jan Tomaszewski<\/a>\u00a0regularnie udziela wypowiedzi dla &#8222;Super Expressu&#8221;. W ostatnim czasie legendarny bramkarz wypowiedzia\u0142 si\u0119 o <a href=\"https:\/\/sportowefakty.wp.pl\/pilka-nozna\/robert-lewandowski\" rel=\"nofollow noopener\" target=\"_blank\">Robercie Lewandowskim<\/a>, kt\u00f3ry niedawno zaimponowa\u0142, zdobywaj\u0105c gola dla <a href=\"https:\/\/sportowefakty.wp.pl\/pilka-nozna\/fc-barcelona\" rel=\"nofollow noopener\" target=\"_blank\">FC Barcelony<\/a>\u00a0w finale <a href=\"https:\/\/sportowefakty.wp.pl\/pilka-nozna\/superpuchar-hiszpanii\" rel=\"nofollow noopener\" target=\"_blank\">Superpucharu Hiszpanii<\/a>\u00a0z Realem Madryt (3:2).<\/p>\n<p class=\"contentpart contentpart--default contentpart--text\" data-position=\"1\">&#8211;\u00a0Robert ma nosa, kt\u00f3rego nie mo\u017cna kupi\u0107 za \u017cadne pieni\u0105dze i niech gra jak najd\u0142u\u017cej &#8211; podkre\u015bli\u0142 Tomaszewski, kt\u00f3ry ma w\u0142asn\u0105 teori\u0119 na obecn\u0105 dyspozycj\u0119 &#8222;Lewego&#8221;.<\/p>\n<p>  <img decoding=\"async\" src=\"https:\/\/v.wpimg.pl\/X3dwLnN2d1IFFTpdYUl6R0ZNbgcnEHQREVV2TGEGbUtRT2MdOlZ2RBQUKABgQjQcDRotCStBd1IAAWMeIlM7VgwYIAorQAdEFFk_GCkQJQ\" alt=\"\" width=\"45\" height=\"58\" loading=\"lazy\"\/>  <\/p>\n<p class=\"contentpart contentpart--default contentpart--text\" data-position=\"2\">ZOBACZ WIDEO: Boruc szczerze o \u017cyciu po karierze. &#8222;Problematyczny pocz\u0105tek&#8221;<\/p>\n<p class=\"contentpart contentpart--default contentpart--text\" data-position=\"4\">&#8211;\u00a0Dlaczego Robert w tej chwili strzeli\u0142 te bramki? Dlatego, \u017ce on nie gra na 100 proc., nie gra 100 proc. spotka\u0144, ma du\u017co odpoczynku. I w tym momencie, kiedy on jest wypocz\u0119ty, nadrabia brak si\u0142y. Bo pesel ma, jaki ma &#8211; oceni\u0142 legendarny bramkarz.<\/p>\n<p class=\"contentpart contentpart--default contentpart--text\" data-position=\"5\">Ponadto Tomaszewski wypowiedzia\u0142 si\u0119 o <a href=\"https:\/\/sportowefakty.wp.pl\/pilka-nozna\/polska\" rel=\"nofollow noopener\" target=\"_blank\">reprezentacji Polski<\/a>, kt\u00f3ra w tym roku ponownie stoczy b\u00f3j o miejsce na mistrzostwach \u015bwiata, lecz tym razem w bara\u017cach. Jego zdaniem nasz obecny zesp\u00f3\u0142 sta\u0107 na awans.<\/p>\n<p class=\"contentpart contentpart--default contentpart--text\" data-position=\"6\">&#8211;\u00a0M\u00f3wi\u0119 to z pe\u0142n\u0105 odpowiedzialno\u015bci\u0105 za s\u0142owo, mamy w tej chwili dru\u017cyn\u0119, kt\u00f3ra mo\u017ce zagra\u0107 w fina\u0142ach Mistrzostw \u015awiata. Czy zagra? Zobaczymy, bo to b\u0119dzie zale\u017ca\u0142o od tego dwumeczu. Natomiast mamy prawo oczekiwa\u0107 od zawodnik\u00f3w, \u017ce stworz\u0105 zesp\u00f3\u0142 i stworzyli ju\u017c ten zesp\u00f3\u0142 &#8211; podkre\u015bli\u0142 78-latek.<\/p>\n<p>  <img decoding=\"async\" src=\"https:\/\/v.wpimg.pl\/X3dwLnN2d1IFFTpdYUl6R0ZNbgcnEHQREVV2TGEGbUtRT2MdOlZ2RBQUKABgQjQcDRotCStBd1IAAWMeIlM7VgwYIAorQAdEFFk_GCkQJQ\" alt=\"\" width=\"45\" height=\"58\" loading=\"lazy\"\/>  <\/p>\n<p class=\"contentpart contentpart--default contentpart--text\" data-position=\"7\">Legendarny bramkarz jest pod wra\u017ceniem tego, \u017ce obecnie wielu reprezentant\u00f3w Polski to wa\u017cne postacie w swoich klubach. Z tego powodu, jego zdaniem, Bia\u0142o-Czerwoni nie ust\u0119puj\u0105 nawet Holandii.<\/p>\n<p class=\"contentpart contentpart--default contentpart--text\" data-position=\"8\">Tomaszewski doda\u0142 tak\u017ce, \u017ce Polacy b\u0119d\u0105 faworytami ewentualnego starcia ze Szwedami, je\u017celi przejd\u0105 Albani\u0119. Z kolei Ukrai\u0144c\u00f3w nazwa\u0142 &#8222;psami ogrodnika&#8221; z uwagi na to, i\u017c w przypadku awansu do fina\u0142u bara\u017cy zagraj\u0105 w Walencji, a nie w naszym kraju, gdzie rozgrywali eliminacje.<\/p>\n","protected":false},"excerpt":{"rendered":"Jan Tomaszewski\u00a0regularnie udziela wypowiedzi dla &#8222;Super Expressu&#8221;. W ostatnim czasie legendarny bramkarz wypowiedzia\u0142 si\u0119 o Robercie Lewandowskim, kt\u00f3ry&hellip;\n","protected":false},"author":2,"featured_media":207606,"comment_status":"","ping_status":"","sticky":false,"template":"","format":"standard","meta":{"footnotes":""},"categories":[24],"tags":[272,267,2574,541,269,540,278,42,38,40,39,41,537,539,273,127,126,32826],"class_list":{"0":"post-207605","1":"post","2":"type-post","3":"status-publish","4":"format-standard","5":"has-post-thumbnail","7":"category-sport","8":"tag-fc-barcelona","9":"tag-hiszpania","10":"tag-jan-tomaszewski","11":"tag-kadra-polski","12":"tag-pilka-nozna","13":"tag-pilka-nozna-w-hiszpanii","14":"tag-pilka-w-europie","15":"tag-pl","16":"tag-poland","17":"tag-polish","18":"tag-polska","19":"tag-polski","20":"tag-reprezentacja-polski","21":"tag-reprezentacje","22":"tag-robert-lewandowski","23":"tag-sport","24":"tag-sports","25":"tag-superpuchar-hiszpanii"},"share_on_mastodon":{"url":"https:\/\/pubeurope.com\/@pl\/115901710089292851","error":""},"_links":{"self":[{"href":"https:\/\/www.europesays.com\/pl\/wp-json\/wp\/v2\/posts\/207605","targetHints":{"allow":["GET"]}}],"collection":[{"href":"https:\/\/www.europesays.com\/pl\/wp-json\/wp\/v2\/posts"}],"about":[{"href":"https:\/\/www.europesays.com\/pl\/wp-json\/wp\/v2\/types\/post"}],"author":[{"embeddable":true,"href":"https:\/\/www.europesays.com\/pl\/wp-json\/wp\/v2\/users\/2"}],"replies":[{"embeddable":true,"href":"https:\/\/www.europesays.com\/pl\/wp-json\/wp\/v2\/comments?post=207605"}],"version-history":[{"count":0,"href":"https:\/\/www.europesays.com\/pl\/wp-json\/wp\/v2\/posts\/207605\/revisions"}],"wp:featuredmedia":[{"embeddable":true,"href":"https:\/\/www.europesays.com\/pl\/wp-json\/wp\/v2\/media\/207606"}],"wp:attachment":[{"href":"https:\/\/www.europesays.com\/pl\/wp-json\/wp\/v2\/media?parent=207605"}],"wp:term":[{"taxonomy":"category","embeddable":true,"href":"https:\/\/www.europesays.com\/pl\/wp-json\/wp\/v2\/categories?post=207605"},{"taxonomy":"post_tag","embeddable":true,"href":"https:\/\/www.europesays.com\/pl\/wp-json\/wp\/v2\/tags?post=207605"}],"curies":[{"name":"wp","href":"https:\/\/api.w.org\/{rel}","templated":true}]}}