{"id":207700,"date":"2026-01-16T00:58:12","date_gmt":"2026-01-16T00:58:12","guid":{"rendered":"https:\/\/www.europesays.com\/pl\/207700\/"},"modified":"2026-01-16T00:58:12","modified_gmt":"2026-01-16T00:58:12","slug":"adam-malysz-wskazal-ci-polscy-skoczkowie-powinni-jechac-na-igrzyska-olimpijskie","status":"publish","type":"post","link":"https:\/\/www.europesays.com\/pl\/207700\/","title":{"rendered":"Adam Ma\u0142ysz wskaza\u0142. Ci polscy skoczkowie powinni jecha\u0107 na igrzyska olimpijskie"},"content":{"rendered":"<p class=\"Paragraph_desktopParagraph__Fd2e9\">Polska wy\u015ble na igrzyska olimpijskie do Mediolanu\/Cortiny d&#8217;Ampezzo prawdopodobnie tylko trzech skoczk\u00f3w ze wzgl\u0119du na zbyt s\u0142ab\u0105 pozycj\u0119 naszych reprezentant\u00f3w w rankingu olimpijskim. <a href=\"https:\/\/przegladsportowy.onet.pl\/sporty-zimowe\/skoki-narciarskie\/stalo-sie-przewrot-w-polskich-skokach-kluczowa-wiadomosc-przed-io\/nm9c4l5\" id=\"cc34e1d8-91da-4b08-b524-189c5f1acfe9\" rel=\"nofollow noopener\" target=\"_blank\">A wi\u0119cej o jego zasadach piszemy tutaj &gt;&gt;<\/a><\/p>\n<p class=\"VideoPlayerText_videoPlayerText__zrtJk\">Dalszy ci\u0105g materia\u0142u pod wideo<\/p>\n<p class=\"Paragraph_desktopParagraph__Fd2e9\">Pewniakiem do wyjazdu wydaje si\u0119 Kacper Tomasiak, kt\u00f3ry jest 12. w klasyfikacji generalnej Pucharu \u015awiata (320 pkt).<\/p>\n<p>Adam Ma\u0142ysz o tym, czy Kamil Stoch powinien jecha\u0107 na igrzyska olimpijskie<\/p>\n<p class=\"Paragraph_desktopParagraph__Fd2e9\">Pozostali Polacy s\u0105 du\u017co ni\u017cej. Kamil Stoch jest 24. (148 pkt), Piotr \u017by\u0142a 28. (96 pkt), Maciej Kot 32. (63 pkt), Pawe\u0142 W\u0105sek 37. (54 pkt), a Dawid Kubacki 41. (32 pkt).<\/p>\n<p class=\"Paragraph_desktopParagraph__Fd2e9\">Na kogo by postawi\u0142 Adam Ma\u0142ysz? Oto fragment wywiadu, jakiego udzieli\u0142 Przegl\u0105dowi Sportowemu Onet:<\/p>\n<p class=\"Paragraph_desktopParagraph__Fd2e9\">Kamil Wolnicki: Zdziwi\u0142e\u015b si\u0119, kiedy us\u0142ysza\u0142e\u015b od trenera Macieja Maciusiaka, \u017ce w duetach stawia na Dawida u boku Kacpra?<\/p>\n<p class=\"Paragraph_desktopParagraph__Fd2e9\">Wiedzia\u0142em, \u017ce Kamil skaka\u0142 twardy, jak beton. To nie by\u0142 Kamil z trening\u00f3w dzie\u0144 wcze\u015bniej. Poza tym to trenerzy podejmuj\u0105 decyzje. Rozumia\u0142em ten wyb\u00f3r, bo akurat Dawid skaka\u0142 bardzo stabilnie przez ca\u0142y ten okres. To w\u0142a\u015bnie zawa\u017cy\u0142o, \u017ce by\u0142o r\u00f3wno, a nie w kratk\u0119, raz lepiej, raz gorzej.<\/p>\n<p class=\"Paragraph_desktopParagraph__Fd2e9\">Kamilowi Stochowi Zakopane w og\u00f3le nie wysz\u0142o, a jeste\u015bmy ju\u017c na ostatniej prostej przed igrzyskami i decyzjami o sk\u0142adzie. My\u015blisz, \u017ce mo\u017ce by\u0107 problem, \u017ceby Kamil obroni\u0142 sw\u00f3j wyjazd?<\/p>\n<p class=\"Paragraph_desktopParagraph__Fd2e9\">My\u015bl\u0119, \u017ce Kamil na pewno ma r\u00f3\u017cne my\u015bli, kt\u00f3re nie s\u0105 pozytywne. Zakopane by\u0142o dla niego totalnie nieudane, a jego forma jest w kratk\u0119. Pocz\u0105tek sezonu mia\u0142 bardzo fajny, a p\u00f3\u017aniej prawdopodobnie sta\u0142o si\u0119 to, co w poprzednich latach, czyli za szybko chcia\u0142 by\u0107 w czo\u0142\u00f3wce. W efekcie wida\u0107 w jego skokach za du\u017co kontroli, wszystko chce zrobi\u0107 dobrze i pilnuje, \u017ceby nie zepsu\u0107 tych skok\u00f3w i wychodzi z tego w\u0142a\u015bnie taki efekt.<\/p>\n<p class=\"Paragraph_desktopParagraph__Fd2e9\">Wyobra\u017casz sobie dzisiaj, \u017ce Kamil mo\u017ce nie pojecha\u0107 na igrzyska, bo Kacper, Dawid i Maciek Kot b\u0119d\u0105 lepsi?<\/p>\n<p class=\"Paragraph_desktopParagraph__Fd2e9\">Inaczej, nie wyobra\u017cam sobie, \u017ce w tym momencie m\u00f3g\u0142by nie jecha\u0107 Kacper. Kamil? Trudno powiedzie\u0107, ale te\u017c trudno mi sobie dzisiaj wyobrazi\u0107, \u017ce go tam nie ma. Ma jeszcze chwil\u0119, \u017ceby si\u0119 pozbiera\u0107. Zakopane nie wysz\u0142o, a wiadomo, \u017ce bardzo mu zale\u017ca\u0142o.<\/p>\n<p class=\"Paragraph_desktopParagraph__Fd2e9\"><a href=\"https:\/\/przegladsportowy.onet.pl\/sporty-zimowe\/skoki-narciarskie\/wrze-po-pozegnaniu-stocha-w-zakopanem-malysz-wskazuje-winnego\/9nzj0ml\" id=\"511332bb-7c65-4e9e-9659-4880ebc44299\" rel=\"nofollow noopener\" target=\"_blank\">Ca\u0142\u0105 rozmow\u0119 mo\u017cna przeczyta\u0107 tutaj &gt;&gt;<\/a><\/p>\n","protected":false},"excerpt":{"rendered":"Polska wy\u015ble na igrzyska olimpijskie do Mediolanu\/Cortiny d&#8217;Ampezzo prawdopodobnie tylko trzech skoczk\u00f3w ze wzgl\u0119du na zbyt s\u0142ab\u0105 pozycj\u0119&hellip;\n","protected":false},"author":2,"featured_media":207701,"comment_status":"","ping_status":"","sticky":false,"template":"","format":"standard","meta":{"footnotes":""},"categories":[24],"tags":[4603,67,15023,3515,42,38,40,39,41,136,128,47,1874,127,135,126,39776],"class_list":{"0":"post-207700","1":"post","2":"type-post","3":"status-publish","4":"format-standard","5":"has-post-thumbnail","7":"category-sport","8":"tag-adam_malysz","9":"tag-intextvideo_splayer","10":"tag-kacper_tomasiak","11":"tag-kamil_stoch","12":"tag-pl","13":"tag-poland","14":"tag-polish","15":"tag-polska","16":"tag-polski","17":"tag-ps_detal_new","18":"tag-psv2","19":"tag-screening_general","20":"tag-skoki_narciarskie","21":"tag-sport","22":"tag-sport_sport","23":"tag-sports","24":"tag-zimowe_igrzyska_olimpijske"},"share_on_mastodon":{"url":"https:\/\/pubeurope.com\/@pl\/115902067666411823","error":""},"_links":{"self":[{"href":"https:\/\/www.europesays.com\/pl\/wp-json\/wp\/v2\/posts\/207700","targetHints":{"allow":["GET"]}}],"collection":[{"href":"https:\/\/www.europesays.com\/pl\/wp-json\/wp\/v2\/posts"}],"about":[{"href":"https:\/\/www.europesays.com\/pl\/wp-json\/wp\/v2\/types\/post"}],"author":[{"embeddable":true,"href":"https:\/\/www.europesays.com\/pl\/wp-json\/wp\/v2\/users\/2"}],"replies":[{"embeddable":true,"href":"https:\/\/www.europesays.com\/pl\/wp-json\/wp\/v2\/comments?post=207700"}],"version-history":[{"count":0,"href":"https:\/\/www.europesays.com\/pl\/wp-json\/wp\/v2\/posts\/207700\/revisions"}],"wp:featuredmedia":[{"embeddable":true,"href":"https:\/\/www.europesays.com\/pl\/wp-json\/wp\/v2\/media\/207701"}],"wp:attachment":[{"href":"https:\/\/www.europesays.com\/pl\/wp-json\/wp\/v2\/media?parent=207700"}],"wp:term":[{"taxonomy":"category","embeddable":true,"href":"https:\/\/www.europesays.com\/pl\/wp-json\/wp\/v2\/categories?post=207700"},{"taxonomy":"post_tag","embeddable":true,"href":"https:\/\/www.europesays.com\/pl\/wp-json\/wp\/v2\/tags?post=207700"}],"curies":[{"name":"wp","href":"https:\/\/api.w.org\/{rel}","templated":true}]}}