{"id":207710,"date":"2026-01-16T01:33:14","date_gmt":"2026-01-16T01:33:14","guid":{"rendered":"https:\/\/www.europesays.com\/pl\/207710\/"},"modified":"2026-01-16T01:33:14","modified_gmt":"2026-01-16T01:33:14","slug":"arkadiusz-moryto-przed-startem-me-pilkarzy-recznych-kontuzje-przyzwyczailem-sie-sport-tvp-pl","status":"publish","type":"post","link":"https:\/\/www.europesays.com\/pl\/207710\/","title":{"rendered":"Arkadiusz Moryto przed startem ME pi\u0142karzy r\u0119cznych: kontuzje? przyzwyczai\u0142em si\u0119 &#8211; sport.tvp.pl"},"content":{"rendered":"<ol>\n<li><a href=\"https:\/\/news.google.com\/rss\/articles\/CBMirgFBVV95cUxNRVFUaW52NHBEa09KcFBuZXlUMTl6aFFSNXFSanhOR0ZkTmpHNlZMSkllRXR2N1VKRGdMUlh3aTNUYm50X0RzWENKZUZTb1JzRDQ0MHNyVVpmdFlGN2xUYUdSbWU4eVJHSENYOXpFTk5TemptNWM4endMbjJKMjFlWVppeTN1RkI0cEZUamh0RnVUM0NwZnAtQVkxT3l3dDdpTjZ2RkxqampBREhQNVHSAbMBQVVfeXFMUENkY0gwcUpkcGVkODZnMjJhajF2eERUbFFHdzhHNmJVMDJmWmNnVzMway1GMnlIZmVmUVlfRGtibFE5RG1HNGtoQkY4QV9JcFZ4NTY0MTdoNWs5aS12Z3RtMmk3NEJac0lHLXdpWGVSUm1JcFJnRmE4XzV4SGRUb0M2LUJiWFB4LVM0cUlMbFI5OUN1b0JBWTFqdWVCZW5VTEhzMVhiMGRQc01UUHR3dUJUTE0?oc=5\" target=\"_blank\" rel=\"nofollow noopener\">Arkadiusz Moryto przed startem ME pi\u0142karzy r\u0119cznych: kontuzje? przyzwyczai\u0142em si\u0119<\/a>&nbsp;&nbsp;sport.tvp.pl<\/li>\n<li><a href=\"https:\/\/news.google.com\/rss\/articles\/CBMirwFBVV95cUxOamtLZldSQkRTVGJXSmd4LWJKNmlMVnlQSWJaM2VLbzU2Yi01WFlKbXE3Qm5qM3VlUVd2TGJPV2tsb3VHNzJxUjdCdzJIV3V1QXlDYzhHTXdKWW8yZHFrMXJBdTc3d2tDN2VLSGNlQ3M3bnRPTHk3OWxfOENFWU03QVpULXZoLWZyX3dWTWVMVUpHSzJLcHpaR1NoU3dydzVPRGxMMklQTnVOc2N6ZzBJ?oc=5\" target=\"_blank\" rel=\"nofollow noopener\">Wa\u017cne ostrze\u017cenie dla Polak\u00f3w przed ME. &#8222;Szybko jeste\u015bmy karani&#8221;<\/a>&nbsp;&nbsp;SportoweFakty<\/li>\n<li><a href=\"https:\/\/news.google.com\/rss\/articles\/CBMi3AFBVV95cUxOSVV6Q0lRNWRFRmdKbUR4SVk5OVdiM1dDWTBSd1hMak5uOFpHUjNoT1o3LWliZnpUYXpTNl96cndnOHgwbHZlRUR5enBLYm5qN0YyOVhvMXVGaFRISDNVQjJjYnhVbjRJSkVjZnpLa05lYVlISTBRZUVVSXFfOEZTYmRsZW02YlVGRlYwSUJTdGgzcVFYUlpxemZZTEpDSXdiTVpuendwdUd2SlNpUWtYQnpVekZYRWMtN0FzQmpIckM3blpMLXhXckVHMFNPWFZuV2htdy1nRWN1MnRP?oc=5\" target=\"_blank\" rel=\"nofollow noopener\">Doba do meczu Polak\u00f3w, a w Niemczech szale\u0144stwo. Wolff przes\u0105dzi\u0142<\/a>&nbsp;&nbsp;Sport w INTERIA.PL<\/li>\n<li><a href=\"https:\/\/news.google.com\/rss\/articles\/CBMi1AFBVV95cUxNN1QxcW14cjJEc09lUHBkd2dWQ3drV2tQV24yMVhUMTF1bnNOcDdsRVV0XzBIVWYzOEhNS1hMTUxTVTJnZGVVQ0lHelY2TTRUclo5QU9uUW1RYU9HbGJBRDdOYzhlNlJmazRUZi1GUFlSOFo2aV9FX1VMWGJvRDVtMmlwNC1nMzNVcGxvMmU5b3g3UFo0WnFJcTctck9fc2k1WmhLakUteUlQTzFpN1NYcC1BUkNacEwydGNadFJ3NlRCUUx3TWN0WkpRdkJnX1Atb2hDbw?oc=5\" target=\"_blank\" rel=\"nofollow noopener\">Tak Karol Bielecki m\u00f3wi o szansach Polak\u00f3w w ME<\/a>&nbsp;&nbsp;Przegl\u0105d Sportowy Onet<\/li>\n<li><a href=\"https:\/\/news.google.com\/rss\/articles\/CBMingJBVV95cUxOVHZTdERaeGNvVUVUYnRocTNXbFJCcHBCTHAxTWt5TEhORzFGR2NkYndRU3ltdXQ2aDhqdU5hTzM0TDF3RWxxM1BmMlFOVWwxRk1pcEd1b3hkaTZiVk0wTDVBUHZCZEpHWG1LUEZPVmdDWGlYLUVwcXIyQ3ctMm9PZUx4RmJaMUY1R2VySndUell1eEFJQ2l4QjFWdE1Nd0hQaUg5dWR2Z0NBY2E2cXA4ZkpDbFFlZ05RTmVITHlyWWVQUkJtVW8xWURlTExpQmFzMHhsVXVoc3ZuQ2RhemdyUTFhUGpUZlBEVElzd3l6R0NIWVhoWTAxaHp0R0FFbVpYTGZ2VUhkWTBWVkx3LTkzUTRtVWFiYW5tZTVrWmt3?oc=5\" target=\"_blank\" rel=\"nofollow noopener\">Hiszpania &#8211; Serbia, Niemcy &#8211; Austria: o kt\u00f3rej dzi\u015b mecze mistrzostw Europy? Transmisja TV i online w internecie<\/a>&nbsp;&nbsp;Eurosport Polska<\/li>\n<\/ol>\n","protected":false},"excerpt":{"rendered":"Arkadiusz Moryto przed startem ME pi\u0142karzy r\u0119cznych: kontuzje? przyzwyczai\u0142em si\u0119&nbsp;&nbsp;sport.tvp.pl Wa\u017cne ostrze\u017cenie dla Polak\u00f3w przed ME. &#8222;Szybko jeste\u015bmy&hellip;\n","protected":false},"author":2,"featured_media":207711,"comment_status":"","ping_status":"","sticky":false,"template":"","format":"standard","meta":{"footnotes":""},"categories":[24],"tags":[13516,38931,1905,42,38,40,39,41,8354,127,334,126],"class_list":{"0":"post-207710","1":"post","2":"type-post","3":"status-publish","4":"format-standard","5":"has-post-thumbnail","7":"category-sport","8":"tag-arkadiusz-moryto","9":"tag-me-2026-pilkarzy-recznych","10":"tag-pilka-reczna","11":"tag-pl","12":"tag-poland","13":"tag-polish","14":"tag-polska","15":"tag-polski","16":"tag-reprezentacja-polski-pilkarzy-recznych","17":"tag-sport","18":"tag-sport-tvp-pl","19":"tag-sports"},"share_on_mastodon":{"url":"https:\/\/pubeurope.com\/@pl\/115902205333927544","error":""},"_links":{"self":[{"href":"https:\/\/www.europesays.com\/pl\/wp-json\/wp\/v2\/posts\/207710","targetHints":{"allow":["GET"]}}],"collection":[{"href":"https:\/\/www.europesays.com\/pl\/wp-json\/wp\/v2\/posts"}],"about":[{"href":"https:\/\/www.europesays.com\/pl\/wp-json\/wp\/v2\/types\/post"}],"author":[{"embeddable":true,"href":"https:\/\/www.europesays.com\/pl\/wp-json\/wp\/v2\/users\/2"}],"replies":[{"embeddable":true,"href":"https:\/\/www.europesays.com\/pl\/wp-json\/wp\/v2\/comments?post=207710"}],"version-history":[{"count":0,"href":"https:\/\/www.europesays.com\/pl\/wp-json\/wp\/v2\/posts\/207710\/revisions"}],"wp:featuredmedia":[{"embeddable":true,"href":"https:\/\/www.europesays.com\/pl\/wp-json\/wp\/v2\/media\/207711"}],"wp:attachment":[{"href":"https:\/\/www.europesays.com\/pl\/wp-json\/wp\/v2\/media?parent=207710"}],"wp:term":[{"taxonomy":"category","embeddable":true,"href":"https:\/\/www.europesays.com\/pl\/wp-json\/wp\/v2\/categories?post=207710"},{"taxonomy":"post_tag","embeddable":true,"href":"https:\/\/www.europesays.com\/pl\/wp-json\/wp\/v2\/tags?post=207710"}],"curies":[{"name":"wp","href":"https:\/\/api.w.org\/{rel}","templated":true}]}}