{"id":207736,"date":"2026-01-16T02:02:08","date_gmt":"2026-01-16T02:02:08","guid":{"rendered":"https:\/\/www.europesays.com\/pl\/207736\/"},"modified":"2026-01-16T02:02:08","modified_gmt":"2026-01-16T02:02:08","slug":"odnaleziono-zaginiony-film-andrzeja-wajdy-przez-lata-lezal-na-polce-onet","status":"publish","type":"post","link":"https:\/\/www.europesays.com\/pl\/207736\/","title":{"rendered":"Odnaleziono zaginiony film Andrzeja Wajdy. Przez lata le\u017ca\u0142 na p\u00f3\u0142ce &#8211; Onet"},"content":{"rendered":"<ol>\n<li><a href=\"https:\/\/news.google.com\/rss\/articles\/CBMiswFBVV95cUxQX000b1c0OGYxZmN5Rmx1ZHd6SXRhRmM3RjFGVkZsSl9zXzRkT1RqMVNJOVcwOHdPb1VkMnpOQ1dxc2lIN3IwVU1BTW81MVZpOW83WDdPRkJwWUU0WWJYTU1mZVc4N1ZONTdEOEpzd1FtenVLZElGdzgwUVhVUFI5Q1dac0dzU3Fha2NuOTF0Smxhb29heGJQRjV4RGloOVd5WDVyS2VWV2E0c0liWXJiSmdWZw?oc=5\" target=\"_blank\" rel=\"nofollow noopener\">Odnaleziono zaginiony film Andrzeja Wajdy. Przez lata le\u017ca\u0142 na p\u00f3\u0142ce<\/a>&nbsp;&nbsp;Onet<\/li>\n<li><a href=\"https:\/\/news.google.com\/rss\/articles\/CBMipwFBVV95cUxPSnlHU2M1cHFVbWlVN0lENU44ZzNseXh3VDNoSEJzYml5c1BuWjFSVHBaWjFrSjBxMElrNk1LajlCQk1taC1zcXhhY3h5RXVZU05ldEp3YkhwNVk4eDR6X1l1cG8tRW1HNjN6d21BMVZyakxXUVFzOVVOdkd5RzJvTS0tN09zUHM1cDhhT3QzUDdITjNnaE11LWlvRmV6RnN0LUFJLXlUOA?oc=5\" target=\"_blank\" rel=\"nofollow noopener\">Zaginiony film Andrzeja Wajdy odnaleziony! W obsadzie Marek Perepeczko<\/a>&nbsp;&nbsp;Filmweb<\/li>\n<li><a href=\"https:\/\/news.google.com\/rss\/articles\/CBMivwJBVV95cUxNWVRLajZOSXNxc2dsZkxTZWRFbzl0dXZTOTRKRzdGYm4ydDdyWFA5VjhpMXM1aFJ4TWR2VW9kY1VSSzNXaktMWVpBUF9lc01iZWs2QmVQbGRxNWhoeHRsempYenhBbUNTeVdCMzZ1S3paNERaRktRT1dDWmJaamtKaFRJLUF3U1BSSVZVdmY5cTZSSnMwVnhYa3pGeGVYV3I0X1Mwb2h2ZGFIMEVtQVpwYTN4TG0teXFrMzZ6d1cwcmRfNzhDSllQdEQwemE2cFNsdjV2Z3dKNkpYS29PQjJGQUc0d2FxSlYwcU5GUG85TGZpelVQT0lRWUhuQ1RGeXVXVXJDcUtESEtoVWt6NWJ4YktNN0hNTHdpN1daSU9sWW5KY2VvXy1LUGtESElMTUVRV21LeW52S29RTDk4eVJj?oc=5\" target=\"_blank\" rel=\"nofollow noopener\">Odnaleziono zaginiony film Andrzeja Wajdy. W roli g\u0142\u00f3wnej Marek Perepeczko<\/a>&nbsp;&nbsp;TVP3 \u0141\u00f3d\u017a<\/li>\n<li><a href=\"https:\/\/news.google.com\/rss\/articles\/CBMinwFBVV95cUxNWDgzbWU4WTFKcWlGelVYRzgtUFpjYnNuR3dmVFQ2U2dKWVZ0V2l0TW9MRXg0MUJwWmdJZVAzaURacW9zWE02ZDhKclFoaV9GOS1NLW00T1RId1RkU2h4bU91c3RMQl9JUU1ZcUgzX3luOVphUmhVN0ExRXFUMUhkTjlMVW1hUlRnU2dLMDVzbDE4S1l1VEVCQmR2M3pQX1U?oc=5\" target=\"_blank\" rel=\"nofollow noopener\">Zaginiony film Andrzeja Wajdy odnaleziony. W roli g\u0142\u00f3wnej Marek Perepeczko<\/a>&nbsp;&nbsp;Gram.pl<\/li>\n<\/ol>\n","protected":false},"excerpt":{"rendered":"Odnaleziono zaginiony film Andrzeja Wajdy. Przez lata le\u017ca\u0142 na p\u00f3\u0142ce&nbsp;&nbsp;Onet Zaginiony film Andrzeja Wajdy odnaleziony! W obsadzie Marek&hellip;\n","protected":false},"author":2,"featured_media":207737,"comment_status":"","ping_status":"","sticky":false,"template":"","format":"standard","meta":{"footnotes":""},"categories":[22],"tags":[20586,122,808,67,261,16449,8426,53,52,68,51,55,42,38,40,39,41,123,47,65,50],"class_list":{"0":"post-207736","1":"post","2":"type-post","3":"status-publish","4":"format-standard","5":"has-post-thumbnail","7":"category-rozrywka","8":"tag-andrzej_wajda_rezyser","9":"tag-entertainment","10":"tag-film_filmy_kino_kinematografia_aktorka_aktor_aktorzy_aktorki_rezyserzy","11":"tag-intextvideo_splayer","12":"tag-kultura","13":"tag-marek_perepeczko","14":"tag-najnowsze","15":"tag-new_header","16":"tag-onet3","17":"tag-onet3d","18":"tag-onet3d_2i","19":"tag-phx","20":"tag-pl","21":"tag-poland","22":"tag-polish","23":"tag-polska","24":"tag-polski","25":"tag-rozrywka","26":"tag-screening_general","27":"tag-update_me","28":"tag-v2021"},"share_on_mastodon":{"url":"https:\/\/pubeurope.com\/@pl\/115902319367889071","error":""},"_links":{"self":[{"href":"https:\/\/www.europesays.com\/pl\/wp-json\/wp\/v2\/posts\/207736","targetHints":{"allow":["GET"]}}],"collection":[{"href":"https:\/\/www.europesays.com\/pl\/wp-json\/wp\/v2\/posts"}],"about":[{"href":"https:\/\/www.europesays.com\/pl\/wp-json\/wp\/v2\/types\/post"}],"author":[{"embeddable":true,"href":"https:\/\/www.europesays.com\/pl\/wp-json\/wp\/v2\/users\/2"}],"replies":[{"embeddable":true,"href":"https:\/\/www.europesays.com\/pl\/wp-json\/wp\/v2\/comments?post=207736"}],"version-history":[{"count":0,"href":"https:\/\/www.europesays.com\/pl\/wp-json\/wp\/v2\/posts\/207736\/revisions"}],"wp:featuredmedia":[{"embeddable":true,"href":"https:\/\/www.europesays.com\/pl\/wp-json\/wp\/v2\/media\/207737"}],"wp:attachment":[{"href":"https:\/\/www.europesays.com\/pl\/wp-json\/wp\/v2\/media?parent=207736"}],"wp:term":[{"taxonomy":"category","embeddable":true,"href":"https:\/\/www.europesays.com\/pl\/wp-json\/wp\/v2\/categories?post=207736"},{"taxonomy":"post_tag","embeddable":true,"href":"https:\/\/www.europesays.com\/pl\/wp-json\/wp\/v2\/tags?post=207736"}],"curies":[{"name":"wp","href":"https:\/\/api.w.org\/{rel}","templated":true}]}}