{"id":207750,"date":"2026-01-16T02:23:12","date_gmt":"2026-01-16T02:23:12","guid":{"rendered":"https:\/\/www.europesays.com\/pl\/207750\/"},"modified":"2026-01-16T02:23:12","modified_gmt":"2026-01-16T02:23:12","slug":"skiba-znow-uderza-w-karola-nawrockiego-walczacy-z-wiatrakami-2","status":"publish","type":"post","link":"https:\/\/www.europesays.com\/pl\/207750\/","title":{"rendered":"Skiba zn\u00f3w uderza w Karola Nawrockiego. &#8222;Walcz\u0105cy z wiatrakami&#8221;"},"content":{"rendered":"<p class=\"Paragraph_desktopParagraph__U31Gm\"><a href=\"https:\/\/plejada.pl\/temat\/krzysztof-skiba-muzyk\/x2lepj7\" id=\"99f12682-7b76-4408-843a-4fcde88f453d\" rel=\"nofollow noopener\" target=\"_blank\">Krzysztof Skiba<\/a> s\u0142ynie nie tylko ze swojego dorobku muzycznego, ale te\u017c ci\u0119tego j\u0119zyka i bezkompromisowych wypowiedzi. Artysta nie owija w bawe\u0142n\u0119, a swoimi gorzkimi przemy\u015bleniami cz\u0119sto dzieli si\u0119 z obserwatorami w mediach spo\u0142eczno\u015bciowych.<\/p>\n<ul class=\"OchatFollowUps_wrapper__1ry7X\">\n<li class=\"OchatFollowUps_item__Dhyly OchatFollowUps_itemDesktop__R6aBv\">Dlaczego Krzysztof Skiba skrytykowa\u0142 Karola Nawrockiego?<\/li>\n<li class=\"OchatFollowUps_item__Dhyly OchatFollowUps_itemDesktop__R6aBv\">Co by\u0142o tematem wizyty Nawrockiego w Anglii?<\/li>\n<li class=\"OchatFollowUps_item__Dhyly OchatFollowUps_itemDesktop__R6aBv\">Jakie s\u0105 ulubione tematy \u017cart\u00f3w w Polsce?<\/li>\n<li class=\"OchatFollowUps_item__Dhyly OchatFollowUps_itemDesktop__R6aBv\">Co Skiba powiedzia\u0142 o dyplomacji Nawrockiego?<\/li>\n<\/ul>\n<p>Skiba ostro o Karolu Nawrockim. Nazwa\u0142 go komikiem <\/p>\n<p class=\"Paragraph_desktopParagraph__U31Gm\">W najnowszym po\u015bcie w mediach spo\u0142eczno\u015bciowych Skiba postanowi\u0142 ponownie uderzy\u0107 w <a href=\"https:\/\/plejada.pl\/temat\/karol-nawrocki-prezydent\/nzlwdg6\" id=\"0abccc35-086b-4140-ab95-c6b8befdf8d9\" rel=\"nofollow noopener\" target=\"_blank\">Karola Nawrockiego<\/a>. Tym razem posz\u0142o o jego wizyt\u0119 w Anglii, a tak\u017ce spotkanie z kotem.<\/p>\n<blockquote>\n<p class=\"Paragraph_desktopParagraph__U31Gm\">W Polsce zawsze ceniono dobre \u017carty, humor i satyr\u0119. Nic wi\u0119c dziwnego, \u017ce w kraju dzia\u0142a wiele popularnych kabaret\u00f3w np. Kabaret Moralnego Niepokoju, kabaret Ani Mru Mru, Neon\u00f3wka, czy Kancelaria Prezydenta Nawrockiego. Ten ostatni jest naj\u015bmieszniejszy. W kancelarii prezydenckiej uda\u0142o si\u0119 zgromadzi\u0107 niezwykle ciekawych komik\u00f3w, kt\u00f3rzy bawi\u0105 nie tylko Polak\u00f3w, ale tak\u017ce ca\u0142y \u015bwiat<\/p>\n<\/blockquote>\n<p class=\"Paragraph_desktopParagraph__U31Gm\">\u2014 zacz\u0105\u0142 sw\u00f3j wpis.<\/p>\n<p class=\"Paragraph_desktopParagraph__U31Gm\">&#8222;Ostatnio jej czo\u0142owy dowcipni\u015b zwany Batyrem, Dyzm\u0105 lub Vetomatem pojecha\u0142 z oficjaln\u0105 wizyt\u0105 do Anglii, by spotka\u0107 si\u0119 z kotem premiera Wielkiej Brytanii. Karol zdziwi\u0142 si\u0119, \u017ce kot nie jest na \u0142a\u0144cuchu, ale wiadomo, \u017ce Angole robi\u0105 wszystko inaczej. Na przyk\u0142ad maj\u0105 w swoich samochodach kierownic\u0119 odwrotnie ni\u017c pozostali w Europie. Podczas \u017cartobliwych pieszczot z kotem, satyryk Karol przekaza\u0142 kotu premiera gor\u0105ce pozdrowienia od kota Jaros\u0142awa Kaczy\u0144skiego. By\u0142y te\u017c sympatyczne pogaduszki o karmie i wylegiwaniu si\u0119 na kanapie. Om\u00f3wiono wiele wa\u017cnych kocich problem\u00f3w takich jak czyszczenie kuwety i dostawa \u015bwie\u017cego \u017cwirku&#8221; \u2014 na\u015bmiewa\u0142 si\u0119 muzyk.<\/p>\n<p class=\"Paragraph_desktopParagraph__U31Gm\">Na koniec Skiba doda\u0142:<\/p>\n<p class=\"Paragraph_desktopParagraph__U31Gm\">&#8222;Po raz kolejny okaza\u0142o sie, \u017ce dyplomacja jest dla zawodowc\u00f3w i do\u015bwiadczenie z ringu i sali gimnastycznej niewiele na salonach daj\u0105. Cz\u0142owiek podaj\u0105cy si\u0119 za prezydenta Polski zosta\u0142 podczas oficjalnej wizyty w Anglii, potraktowany jak przechodzie\u0144, kt\u00f3ry pyta, czy mo\u017cna skorzysta\u0107 z toalety. Podczas wywiadu dla BBC zaprezentowa\u0142 sie jako gorliwy pomagier Trumpa, co tylko rozbawi\u0142o Angoli i pogorszy\u0142o og\u00f3lne wra\u017cenie. No c\u00f3\u017c, dyplomacji nie da si\u0119 zast\u0105pi\u0107 okrzykami i odpalaniem racy, a Downing Street 10, to nie stadionowa \u017cyleta, o czym bole\u015bnie przekona\u0142 si\u0119 Karol Nawrocki podczas swej mocno komediowej wizyty na ziemiach Albionu. Z kim\u015b takim jak &#8222;walcz\u0105cy z wiatrakami&#8221; Karol, to my nie zbudujemy pot\u0119gi Polski, a co najwy\u017cej trzeciorz\u0119dny, osiedlowy kabaret z domu kultury&#8221;.<\/p>\n<p class=\"Paragraph_desktopParagraph__U31Gm\">Dzi\u0119kujemy, \u017ce przeczyta\u0142a\u015b\/e\u015b nasz artyku\u0142 do ko\u0144ca. W serwisie Plejada.pl ka\u017cdego dnia piszemy o najwa\u017cniejszych wydarzeniach show-biznesowych. B\u0105d\u017a na bie\u017c\u0105co! <a rel=\"nofollow noopener\" href=\"https:\/\/profile.google.com\/cp\/Cg0vZy8xMWJ6X19wdHBx\" id=\"f0f3c3c7-9311-4e9e-8c70-33dc833c5907\" target=\"_blank\">Obserwuj<\/a> Plejad\u0119 w Wiadomo\u015bciach Google. Odwied\u017a nas tak\u017ce na <a rel=\"nofollow noopener\" href=\"https:\/\/www.facebook.com\/plejadapl\" id=\"9664f1c4-0b06-4963-971b-edc88dc7c164\" target=\"_blank\">Facebooku<\/a>, <a rel=\"nofollow noopener\" href=\"https:\/\/www.instagram.com\/plejadapl\/\" id=\"11b627de-8a50-4fed-8698-818659a52e84\" target=\"_blank\">Instagramie<\/a>, <a rel=\"nofollow noopener\" href=\"https:\/\/www.youtube.com\/c\/plejada\" id=\"5ff99ed4-3b80-4e0b-9bff-fbfd4769df66\" target=\"_blank\">YouTube<\/a> oraz <a rel=\"nofollow noopener\" href=\"https:\/\/www.tiktok.com\/@plejada_pl\" id=\"42340e0c-c24c-48b8-a0a4-b326a4596b8b\" target=\"_blank\">TikToku<\/a>.<\/p>\n<p class=\"Paragraph_desktopParagraph__U31Gm\">Chcesz podzieli\u0107 si\u0119 ciekawym newsem lub zaproponowa\u0107 temat? Skontaktuj si\u0119 z nami, pisz\u0105c e-maila na adres: <a href=\"https:\/\/www.onet.pl\/styl-zycia\/plejada\/skiba-znow-uderza-w-karola-nawrockiego-walczacy-z-wiatrakami\/mailto:plejada@redakcjaonet.pl\" id=\"fbbf144d-8558-4af2-bf85-25083ae13939\" rel=\"nofollow noopener\" target=\"_blank\">plejada@redakcjaonet.pl<\/a>.<\/p>\n<p><script async src=\"\/\/www.instagram.com\/embed.js\"><\/script><script async src=\"\/\/www.tiktok.com\/embed.js\"><\/script><\/p>\n","protected":false},"excerpt":{"rendered":"Krzysztof Skiba s\u0142ynie nie tylko ze swojego dorobku muzycznego, ale te\u017c ci\u0119tego j\u0119zyka i bezkompromisowych wypowiedzi. Artysta nie&hellip;\n","protected":false},"author":2,"featured_media":207751,"comment_status":"","ping_status":"","sticky":false,"template":"","format":"standard","meta":{"footnotes":""},"categories":[22],"tags":[122,67,240,13310,53,52,68,51,55,42,38,40,39,41,123,47,196,65,50],"class_list":{"0":"post-207750","1":"post","2":"type-post","3":"status-publish","4":"format-standard","5":"has-post-thumbnail","7":"category-rozrywka","8":"tag-entertainment","9":"tag-intextvideo_splayer","10":"tag-karol_nawrocki_prezydent","11":"tag-krzysztof_skiba_muzyk","12":"tag-new_header","13":"tag-onet3","14":"tag-onet3d","15":"tag-onet3d_2i","16":"tag-phx","17":"tag-pl","18":"tag-poland","19":"tag-polish","20":"tag-polska","21":"tag-polski","22":"tag-rozrywka","23":"tag-screening_general","24":"tag-styl_zycia","25":"tag-update_me","26":"tag-v2021"},"share_on_mastodon":{"url":"https:\/\/pubeurope.com\/@pl\/115902401897420625","error":""},"_links":{"self":[{"href":"https:\/\/www.europesays.com\/pl\/wp-json\/wp\/v2\/posts\/207750","targetHints":{"allow":["GET"]}}],"collection":[{"href":"https:\/\/www.europesays.com\/pl\/wp-json\/wp\/v2\/posts"}],"about":[{"href":"https:\/\/www.europesays.com\/pl\/wp-json\/wp\/v2\/types\/post"}],"author":[{"embeddable":true,"href":"https:\/\/www.europesays.com\/pl\/wp-json\/wp\/v2\/users\/2"}],"replies":[{"embeddable":true,"href":"https:\/\/www.europesays.com\/pl\/wp-json\/wp\/v2\/comments?post=207750"}],"version-history":[{"count":0,"href":"https:\/\/www.europesays.com\/pl\/wp-json\/wp\/v2\/posts\/207750\/revisions"}],"wp:featuredmedia":[{"embeddable":true,"href":"https:\/\/www.europesays.com\/pl\/wp-json\/wp\/v2\/media\/207751"}],"wp:attachment":[{"href":"https:\/\/www.europesays.com\/pl\/wp-json\/wp\/v2\/media?parent=207750"}],"wp:term":[{"taxonomy":"category","embeddable":true,"href":"https:\/\/www.europesays.com\/pl\/wp-json\/wp\/v2\/categories?post=207750"},{"taxonomy":"post_tag","embeddable":true,"href":"https:\/\/www.europesays.com\/pl\/wp-json\/wp\/v2\/tags?post=207750"}],"curies":[{"name":"wp","href":"https:\/\/api.w.org\/{rel}","templated":true}]}}