{"id":207761,"date":"2026-01-16T02:44:15","date_gmt":"2026-01-16T02:44:15","guid":{"rendered":"https:\/\/www.europesays.com\/pl\/207761\/"},"modified":"2026-01-16T02:44:15","modified_gmt":"2026-01-16T02:44:15","slug":"smierc-stanislawa-soyki-wiemy-co-ze-sledztwem-i-sekcja-zwlok","status":"publish","type":"post","link":"https:\/\/www.europesays.com\/pl\/207761\/","title":{"rendered":"\u015amier\u0107 Stanis\u0142awa Soyki. Wiemy co ze \u015bledztwem i sekcj\u0105 zw\u0142ok"},"content":{"rendered":"<p class=\"article-p\" data-section=\"detail-body\">Stanis\u0142aw Soyka mia\u0142 wyst\u0105pi\u0107 na Top of the Top Sopot Festival, prezentuj\u0105c swoje najwi\u0119ksze przeboje. Wyst\u0119p artysty zaplanowany na wiecz\u00f3r 21 sierpnia 2025 r., nie doszed\u0142 jednak do skutku. Artysta zosta\u0142 znaleziony martwy w sopockim hotelu. Stanis\u0142aw Soyka zmar\u0142 w wieku 66 lat, cierpia\u0142 na szereg chor\u00f3b.<\/p>\n<p class=\"article-p\" data-section=\"detail-body\">\u2014 21 sierpnia 2025 r.przeprowadzono czynno\u015bci w sprawie \u015bmierci artysty. W sopockim hotelu ujawniono zw\u0142oki Stanis\u0142awa Soyki. Prokuratura wszcz\u0119\u0142a \u015bledztwo w sprawie nieumy\u015blnego spowodowania \u015bmierci \u2014 m\u00f3wi\u0142 w\u00f3wczas w rozmowie z &#8222;Faktem&#8221; prok. Micha\u0142 \u0141ukasiewicz, szef prokuratury rejonowej w Sopocie.<\/p>\n<p class=\"article-p\" data-section=\"detail-body\">Po \u015bmierci artysty przeprowadzono sekcj\u0119 zw\u0142ok, kt\u00f3ra wykaza\u0142a, \u017ce na ciele Soyki nie by\u0142o \u017cadnych obra\u017ce\u0144, a tak\u017ce nie stwierdzono udzia\u0142u os\u00f3b trzecich. Tym samym prokuratura nie znalaz\u0142a podstaw do kontynuowania \u015bledztwa. Jak zaznaczono, z uwagi na wol\u0119 rodziny zmar\u0142ego, dalsze szczeg\u00f3\u0142y dotycz\u0105ce sprawy nie zosta\u0142y jednak ujawnione.<\/p>\n<p class=\"article-p\" data-section=\"detail-body\"><a href=\"https:\/\/ludzie.fakt.pl\/piekne-pozegnanie-stanislawa-soyki-morze-bialych-kwiatow-na-grobie-muzyka\/wmg2cdz\" id=\"faa85518-c940-4a40-b473-488f332a2bf3\" rel=\"nofollow noopener\" target=\"_blank\">Pogrzeb Stanis\u0142awa Soyki odby\u0142 si\u0119 we wrze\u015bniu 2025 r. i mia\u0142 charakter pa\u0144stwowy.<\/a> W ceremonii wzi\u0119li udzia\u0142 bliscy, przyjaciele oraz wsp\u00f3\u0142pracownicy artysty. Podczas uroczysto\u015bci rodzina Soyki wyg\u0142osi\u0142a wzruszaj\u0105ce przem\u00f3wienia, wspominaj\u0105c jego \u017cycie i tw\u00f3rczo\u015b\u0107.<\/p>\n<p>        Prokuratura w Sopocie zako\u0144czy\u0142a \u015bledztwo w sprawie \u015bmierci Stanis\u0142awa Soyki<\/p>\n<p class=\"article-p\" data-section=\"detail-body\">Sopocka prokuratura ju\u017c nie prowadzi \u015bledztwa w sprawie tej \u015bmierci.<\/p>\n<p class=\"article-p\" data-section=\"detail-body\">\u2014 \u015aledztwo zosta\u0142o umorzone. Nie wypowiadamy si\u0119 te\u017c na temat przyczyn \u015bmierci oraz wniosk\u00f3w z sekcji zw\u0142ok Stanis\u0142awa Soyki. Na to nie wyrazi\u0142a zgody rodzina artysty \u2014 poinformowa\u0142 &#8222;Fakt&#8221; prok. Micha\u0142 \u0141ukasiewicz, szef Prokuratury Rejonowej w Sopocie, kt\u00f3ra bada\u0142a przyczyny nag\u0142ego zgonu Stanis\u0142awa Soyki.<\/p>\n","protected":false},"excerpt":{"rendered":"Stanis\u0142aw Soyka mia\u0142 wyst\u0105pi\u0107 na Top of the Top Sopot Festival, prezentuj\u0105c swoje najwi\u0119ksze przeboje. Wyst\u0119p artysty zaplanowany&hellip;\n","protected":false},"author":2,"featured_media":207762,"comment_status":"","ping_status":"","sticky":false,"template":"","format":"standard","meta":{"footnotes":""},"categories":[22],"tags":[122,42,38,40,39,41,123],"class_list":{"0":"post-207761","1":"post","2":"type-post","3":"status-publish","4":"format-standard","5":"has-post-thumbnail","7":"category-rozrywka","8":"tag-entertainment","9":"tag-pl","10":"tag-poland","11":"tag-polish","12":"tag-polska","13":"tag-polski","14":"tag-rozrywka"},"share_on_mastodon":{"url":"https:\/\/pubeurope.com\/@pl\/115902485034309881","error":""},"_links":{"self":[{"href":"https:\/\/www.europesays.com\/pl\/wp-json\/wp\/v2\/posts\/207761","targetHints":{"allow":["GET"]}}],"collection":[{"href":"https:\/\/www.europesays.com\/pl\/wp-json\/wp\/v2\/posts"}],"about":[{"href":"https:\/\/www.europesays.com\/pl\/wp-json\/wp\/v2\/types\/post"}],"author":[{"embeddable":true,"href":"https:\/\/www.europesays.com\/pl\/wp-json\/wp\/v2\/users\/2"}],"replies":[{"embeddable":true,"href":"https:\/\/www.europesays.com\/pl\/wp-json\/wp\/v2\/comments?post=207761"}],"version-history":[{"count":0,"href":"https:\/\/www.europesays.com\/pl\/wp-json\/wp\/v2\/posts\/207761\/revisions"}],"wp:featuredmedia":[{"embeddable":true,"href":"https:\/\/www.europesays.com\/pl\/wp-json\/wp\/v2\/media\/207762"}],"wp:attachment":[{"href":"https:\/\/www.europesays.com\/pl\/wp-json\/wp\/v2\/media?parent=207761"}],"wp:term":[{"taxonomy":"category","embeddable":true,"href":"https:\/\/www.europesays.com\/pl\/wp-json\/wp\/v2\/categories?post=207761"},{"taxonomy":"post_tag","embeddable":true,"href":"https:\/\/www.europesays.com\/pl\/wp-json\/wp\/v2\/tags?post=207761"}],"curies":[{"name":"wp","href":"https:\/\/api.w.org\/{rel}","templated":true}]}}