{"id":207775,"date":"2026-01-16T03:11:13","date_gmt":"2026-01-16T03:11:13","guid":{"rendered":"https:\/\/www.europesays.com\/pl\/207775\/"},"modified":"2026-01-16T03:11:13","modified_gmt":"2026-01-16T03:11:13","slug":"lks-commercecon-lodz-z-czwarta-porazka-w-lidze-mistrzyn-z-rzedu","status":"publish","type":"post","link":"https:\/\/www.europesays.com\/pl\/207775\/","title":{"rendered":"\u0141KS Commercecon \u0141\u00f3d\u017a z czwart\u0105 pora\u017ck\u0105 w Lidze Mistrzy\u0144 z rz\u0119du"},"content":{"rendered":"<p>Przed spotkaniem sytuacja \u0141odzianek nie nale\u017ca\u0142a do najlepszych, bowiem wszystkie 3 mecze zako\u0144czy\u0142y si\u0119 ich pora\u017ckami. Na pocz\u0105tku podopieczne Adriana Chyli\u0144skiego przegra\u0142y 1:3 z Dresdner SC, nast\u0119pnie uleg\u0142y 0:3 Turczynkom, a w trzeciej kolejce, r\u00f3wnie\u017c &#8222;do zera&#8221;, lideruj\u0105cym w\u00f3wczas grupie A.Carraro Prosecco Doc Conegliano.<\/p>\n<p>\u00a0<\/p>\n<p>W pierwszym secie przyjezdne do\u015b\u0107 szybko wysz\u0142y na pi\u0119ciopunktowe prowadzenie i na tablicy wy\u015bwietla\u0142 si\u0119 wynik 5:10. Trzeba przyzna\u0107, \u017ce Turczynki by\u0142y lepsze i bardziej skuteczne, co mia\u0142o swoje odzwierciedlenie w wyniku. Co prawda pod koniec gospodynie zbli\u017cy\u0142y si\u0119 do przeciwniczek na dwa punkty (18:20), jednak te zanotowa\u0142y w\u00f3wczas czteropunktow\u0105 seri\u0119 i ostatecznie domkn\u0119\u0142y parti\u0119 rezultatem 25:21.<\/p>\n<p>\u00a0<\/p>\n<p>ZOBACZ TAK\u017bE: <a href=\"https:\/\/www.polsatsport.pl\/wiadomosc\/2026-01-14\/siatkarki-chemika-police-zagraja-w-cwiercfinale-pewna-wygrana-na-wyjezdzie\/\" target=\"_blank\" rel=\"noopener noreferrer nofollow\">Siatkarki Chemika Police zagraj\u0105 w \u0107wier\u0107finale! Pewna wygrana na wyje\u017adzie<\/a><\/p>\n<p>\u00a0<\/p>\n<p>Drug\u0105 \u0141odzianki rozpocz\u0119\u0142y z animuszem i po raz pierwszy wysz\u0142y nawet na prowadzenie (5:4). Niestety ich gra zacz\u0119\u0142a si\u0119 sypa\u0107 przy wyniku 8:6, kiedy to rywalki na nowo zacz\u0119\u0142y kontrolowa\u0107 spotkanie i w pewnym momencie prowadzi\u0142y nawet czterema punktami. Po chwili, podobnie jak w pierwszym secie, na tablicy wy\u015bwietla\u0142o si\u0119 18:20 i ponownie przyjezdne tego prowadzenia nie odda\u0142y. Co wi\u0119cej, nie straci\u0142y ju\u017c nawet jednego punktu, domykaj\u0105c drugiego seta wynikiem 25:18.<\/p>\n<p>\u00a0<\/p>\n<p>ZOBACZ TAK\u017bE: <a href=\"https:\/\/www.polsatsport.pl\/wiadomosc\/2026-01-14\/polska-siatkarka-wznowila-kariere-w-ostatnich-latach-walczyla-z-kontuzja\/\" target=\"_blank\" rel=\"noopener noreferrer nofollow\">Polska siatkarka wznowi\u0142a karier\u0119! W ostatnich latach walczy\u0142a z kontuzj\u0105<\/a><\/p>\n<p>\u00a0<\/p>\n<p>R\u00f3wnie\u017c trzeci set rozpocz\u0105\u0142 si\u0119 od obiecuj\u0105cej gry gospody\u0144, kt\u00f3re doprowadzi\u0142y do prowadzenia 6:4, jednak dalsza cz\u0119\u015b\u0107 przebieg\u0142a pod dyktando Turczynek i stanowi\u0142a popis ich dominacji, co potwierdza\u0142 wynik. Ekipa z Ankary prowadzi\u0142a 18:11, nast\u0119pnie 22:13, 24:15 i ostatecznie 25:17.<\/p>\n<p>\u00a0<\/p>\n<p>Taki wynik oznacza, \u017ce podopieczne trenera Chyli\u0144skiego nie poprawi\u0142y swojej sytuacji w grupie i ca\u0142y czas zajmuj\u0105 ostatnie miejsce, z zerowym dorobkiem punktowym. Z kolei Turczynki zast\u0105pi\u0142y W\u0142oszki na pierwszym miejscu, gdy\u017c ekipa Joanny Wo\u0142osz z klubem z Drezna zagra dopiero w czwartek.<\/p>\n<p>\u00a0<\/p>\n<p>MVP spotkania zosta\u0142a Anna \u0141azariewa.<\/p>\n<p>\u00a0<\/p>\n<p><img decoding=\"async\" src=\"https:\/\/www.europesays.com\/pl\/wp-content\/uploads\/2026\/01\/drq2riemzboojdhb4qi9i8n4a35m6vmj.jpg\" alt=\"\" itemprop=\"contentUrl\" style=\"position:absolute; width: 100%; max-height: 100%;\"\/><video controls=\"\" controlslist=\"nodownload\" poster=\"https:\/\/www.europesays.com\/pl\/wp-content\/uploads\/2026\/01\/drq2riemzboojdhb4qi9i8n4a35m6vmj.jpg\" class=\"videoPlayer player7309776 news__video\" data-id=\"7309776\">Twoja przegl\u0105darka nie wspiera odtwarzacza wideo&#8230;<\/video><\/p>\n<p>\u00a0<\/p>\n<p>\u0141KS Commercecon \u0141\u00f3d\u017a &#8211; Zeren Sport Kulubu 0:3 (21:25, 18:25, 17:25)<\/p>\n<p>\u00a0<\/p>\n<p>\u0141KS Commercecon \u0141\u00f3d\u017a: Angelika Gajer, Mariana Brambilla, Sonia Stefanik, Daria Szczyrba, Anna Obia\u0142a, Thana Fayad \u2013 Regiane Bidias (libero) oraz Weronika Centka-Tietianiec, Wiktoria Kowalczyk.<\/p>\n<p>\u00a0<\/p>\n<p>Zeren SK Ankara: Ofelia Malinov, Anna \u0141azariewa, Saliha Sahin, Kubra Akman, Maja Aleksi\u0107, Aleksandra Uzelac &#8211; Ozlem Alkan (libero) oraz Seyma Ercan, Janset Erkul, Eylul Karadas.<\/p>\n<p>Polsat Sport<\/p>\n<p><a class=\"news__read-more-button\" href=\"https:\/\/www.polsatsport.pl\/\" rel=\"nofollow noopener\" target=\"_blank\">Przejd\u017a na Polsatsport.pl<\/a><\/p>\n","protected":false},"excerpt":{"rendered":"Przed spotkaniem sytuacja \u0141odzianek nie nale\u017ca\u0142a do najlepszych, bowiem wszystkie 3 mecze zako\u0144czy\u0142y si\u0119 ich pora\u017ckami. Na pocz\u0105tku&hellip;\n","protected":false},"author":2,"featured_media":207776,"comment_status":"","ping_status":"","sticky":false,"template":"","format":"standard","meta":{"footnotes":""},"categories":[24],"tags":[42,38,40,39,41,127,126],"class_list":{"0":"post-207775","1":"post","2":"type-post","3":"status-publish","4":"format-standard","5":"has-post-thumbnail","7":"category-sport","8":"tag-pl","9":"tag-poland","10":"tag-polish","11":"tag-polska","12":"tag-polski","13":"tag-sport","14":"tag-sports"},"share_on_mastodon":{"url":"https:\/\/pubeurope.com\/@pl\/115902590918882722","error":""},"_links":{"self":[{"href":"https:\/\/www.europesays.com\/pl\/wp-json\/wp\/v2\/posts\/207775","targetHints":{"allow":["GET"]}}],"collection":[{"href":"https:\/\/www.europesays.com\/pl\/wp-json\/wp\/v2\/posts"}],"about":[{"href":"https:\/\/www.europesays.com\/pl\/wp-json\/wp\/v2\/types\/post"}],"author":[{"embeddable":true,"href":"https:\/\/www.europesays.com\/pl\/wp-json\/wp\/v2\/users\/2"}],"replies":[{"embeddable":true,"href":"https:\/\/www.europesays.com\/pl\/wp-json\/wp\/v2\/comments?post=207775"}],"version-history":[{"count":0,"href":"https:\/\/www.europesays.com\/pl\/wp-json\/wp\/v2\/posts\/207775\/revisions"}],"wp:featuredmedia":[{"embeddable":true,"href":"https:\/\/www.europesays.com\/pl\/wp-json\/wp\/v2\/media\/207776"}],"wp:attachment":[{"href":"https:\/\/www.europesays.com\/pl\/wp-json\/wp\/v2\/media?parent=207775"}],"wp:term":[{"taxonomy":"category","embeddable":true,"href":"https:\/\/www.europesays.com\/pl\/wp-json\/wp\/v2\/categories?post=207775"},{"taxonomy":"post_tag","embeddable":true,"href":"https:\/\/www.europesays.com\/pl\/wp-json\/wp\/v2\/tags?post=207775"}],"curies":[{"name":"wp","href":"https:\/\/api.w.org\/{rel}","templated":true}]}}