{"id":207777,"date":"2026-01-16T03:12:18","date_gmt":"2026-01-16T03:12:18","guid":{"rendered":"https:\/\/www.europesays.com\/pl\/207777\/"},"modified":"2026-01-16T03:12:18","modified_gmt":"2026-01-16T03:12:18","slug":"emily-blunt-przestaje-przypominac-siebie-sama-wszystkie-cos-sobie-robia-2","status":"publish","type":"post","link":"https:\/\/www.europesays.com\/pl\/207777\/","title":{"rendered":"Emily Blunt przestaje przypomina\u0107 siebie sam\u0105. &#8222;Wszystkie co\u015b sobie robi\u0105&#8221;"},"content":{"rendered":"<p class=\"ods-c-paragraph \">Cho\u0107 <a href=\"https:\/\/plejada.pl\/temat\/emily-blunt-aktorka\/1h905f7\" id=\"a05ffc31-5dae-4b08-8067-449171cd7f54\" rel=\"nofollow noopener\" target=\"_blank\">Emily Blunt<\/a> ju\u017c od lat uchodzi za jedn\u0105 z najpi\u0119kniejszych kobiet zagranicznego show-biznesu, nie nale\u017cy do celebrytek, kt\u00f3re ca\u0142y sw\u00f3j sukces zawdzi\u0119czaj\u0105 wy\u0142\u0105cznie urodzie i warunkom fizycznym. Aktorka ma na swoim koncie wiele docenionych r\u00f3l i presti\u017cowych nagr\u00f3d, a krytycy dobrze oceniaj\u0105 jej dotychczasowy dorobek artystyczny. Najwi\u0119ksz\u0105 popularno\u015b\u0107 przynios\u0142a jej rola w &#8222;Diabe\u0142 ubiera si\u0119 u Prady&#8221;, gdzie zagra\u0142a pierwsz\u0105 asystentk\u0119 Mirandy Priestly. Nast\u0119pnie pojawi\u0142y si\u0119 kolejne du\u017ce anga\u017ce, do takich produkcji jak &#8222;Wojna Charliego Wilsona&#8221;, &#8222;M\u0142oda Wiktoria&#8221;, &#8222;Wilko\u0142ak&#8221; i &#8222;Na skraju jutra&#8221;.<\/p>\n<p> Dalszy ci\u0105g artyku\u0142u pod materia\u0142em wideo    <\/p>\n<p> Co sprawi\u0142o, \u017ce Emily Blunt przyci\u0105ga uwag\u0119 na salonach? <\/p>\n<p> Jakie imprezy odwiedzi\u0142a ostatnio Emily Blunt? <\/p>\n<p> Co internauci s\u0105dz\u0105 o zmianach w wygl\u0105dzie Emily Blunt? <\/p>\n<p> Jakie zabiegi mog\u0105 mie\u0107 na my\u015bli specjali\u015bci w kontek\u015bcie Emily Blunt? <\/p>\n<p>  Emily Blunt zaprezentowa\u0142a &#8222;now\u0105 twarz&#8221;. &#8222;Nikt nie jest pi\u0119kny, b\u0119d\u0105c sob\u0105&#8221;<\/p>\n<p class=\"ods-c-paragraph \">Emily Blunt nie opuszcza ostatnio \u017cadnej imprezy show-biznesowej \u2014 11 stycznia aktorka ol\u015bni\u0142a podczas ceremonii wr\u0119czenia Z\u0142otych Glob\u00f3w, a ju\u017c dwa dni p\u00f3\u017aniej pojawi\u0142a si\u0119 w Nowym Jorku na National Board of Review Gala 2026, stawiaj\u0105c na nieco mniej strojn\u0105 stylizacj\u0119.<\/p>\n<p class=\"ods-c-paragraph \">Jednak ju\u017c od jakiego\u015b czasu, bardziej ni\u017c kreacje, uwag\u0119 fan\u00f3w Emily Blunt przykuwa jej &#8222;nowa twarz&#8221;. Wielu internaut\u00f3w twierdzi, \u017ce gwiazda Hollywood nie przypomina ju\u017c siebie samej \u2014 jedni oceniaj\u0105 t\u0119 zmian\u0119 pozytywnie, inni za\u015b zupe\u0142nie przeciwnie.<\/p>\n<p class=\"ods-c-paragraph \">Pod zdj\u0119ciami aktorki z gali National Board of Review opublikowanym w mediach spo\u0142eczno\u015bciowych pojawi\u0142a si\u0119 lawina komentarzy, dotycz\u0105ca obecnego wygl\u0105du Blunt.<\/p>\n<p>   <img decoding=\"async\" src=\"https:\/\/www.europesays.com\/pl\/wp-content\/uploads\/2026\/01\/JFtk9lGaHR0cHM6Ly9vY2RuLmV1L3B1bHNjbXMvTURBXy82ZGQxODM0Ni05MDRkLTQwY2UtYTUxZC0xZjBjZjYyZTdmNzMuanBlZ.jpeg\" height=\"627\" width=\"940\" alt=\"epa12647708 - USA CINEMA (The National Board of Review Awards Gala red carpet)\" loading=\"lazy\" class=\"ods-c-image__img ods-c-image__img--viewport-width\"\/><\/p>\n<p>epa12647708 &#8211; USA CINEMA (The National Board of Review Awards Gala red carpet)PAP\/EPA\/SARAH YENESEL<\/p>\n<p> <img decoding=\"async\" src=\"https:\/\/www.europesays.com\/pl\/wp-content\/uploads\/2026\/01\/pz1k9lGaHR0cHM6Ly9vY2RuLmV1L3B1bHNjbXMvTURBXy8wZGFiM2Y3Mi1kNGQ0LTQ0ZTEtYmQzNC0xZjViMDg1OTJjNGEuanBlZ.jpeg\" height=\"529\" width=\"940\" alt=\"epa12647707 - USA CINEMA (The National Board of Review Awards Gala red carpet)\" loading=\"lazy\" class=\"ods-c-image__img ods-c-image__img--vertical\"\/><\/p>\n<p>epa12647707 &#8211; USA CINEMA (The National Board of Review Awards Gala red carpet)PAP\/EPA\/SARAH YENESEL<\/p>\n<p class=\"ods-c-paragraph \">&#8222;Nie mo\u017cna powiedzie\u0107, \u017ce Emily nie by\u0142a pi\u0119kna ju\u017c wcze\u015bniej&#8221;, &#8222;Gorszy kszta\u0142t z\u0119b\u00f3w, poprzedni zdecydowanie lepszy&#8221;, &#8222;Wcze\u015bniej by\u0142o lepiej&#8221;, &#8222;One wszystkie co\u015b sobie robi\u0105, taka bran\u017ca&#8221;, &#8222;Hollywood komunikuje, \u017ce nikt nie jest pi\u0119kny, b\u0119d\u0105c sob\u0105&#8221;, &#8222;Co\u015b si\u0119 tutaj wydarzy\u0142o&#8230;&#8221; \u2014 czytamy w komentarzach.<\/p>\n<p class=\"ods-c-paragraph \">W sieci mo\u017cna znale\u017a\u0107 wiele nagra\u0144, na kt\u00f3rych \u015bwiatowej s\u0142awy specjali\u015bci chirurgii plastycznej i medycyny estetycznej analizuj\u0105 zmiany w wygl\u0105dzie Emily Blunt. Wed\u0142ug dr Heleny Costy aktorka mog\u0142a mie\u0107 robion\u0105 wolumetri\u0119 i lifting, a tak\u017ce zabiegi przeszczepiania t\u0142uszczu i modelowania ust. Sama gwiazda nigdy nie zaprzeczy\u0142a ani nie potwierdzi\u0142a doniesie\u0144 dotycz\u0105cych zmian na jej twarzy.<\/p>\n<p><img decoding=\"async\" src=\"https:\/\/www.europesays.com\/pl\/wp-content\/uploads\/2026\/01\/U4jk9lBaHR0cHM6Ly9vY2RuLmV1L3B1bHNjbXMvTURBXy9jN2ExNWUyZDQyMTU3NWIwNjYwMjUzODI1ZjY4MzFkNi5qcGeRlQLNA.jpeg\" height=\"529\" width=\"940\" alt=\"Emily Blunt i John Krasinski\" loading=\"lazy\" class=\"ods-c-image__img ods-c-image__img--vertical\"\/><\/p>\n<p>Emily Blunt i John KrasinskiDFree \/ Shutterstock<\/p>\n<p> <img decoding=\"async\" src=\"https:\/\/www.europesays.com\/pl\/wp-content\/uploads\/2026\/01\/fafk9lBaHR0cHM6Ly9vY2RuLmV1L3B1bHNjbXMvTURBXy81OGJjYzJjNjVmNGY1Njc2NDgzMWFjNjQwZWQ2OGQ4YS5qcGeRlQLNA.jpeg\" height=\"529\" width=\"940\" alt=\"Emily Blunt i John Krasinski\" loading=\"lazy\" class=\"ods-c-image__img ods-c-image__img--vertical\"\/><\/p>\n<p>Emily Blunt i John KrasinskiDFree \/ Shutterstock<\/p>\n<p> <img decoding=\"async\" src=\"https:\/\/www.europesays.com\/pl\/wp-content\/uploads\/2026\/01\/wGNk9lBaHR0cHM6Ly9vY2RuLmV1L3B1bHNjbXMvTURBXy80MmZjYzI0ODBkMTUzZDZhMDc5MmMyODZlOWZiZjkxMS5qcGeRlQLNA.jpeg\" height=\"529\" width=\"940\" alt=\"Emily Blunt i John Krasinski\" loading=\"lazy\" class=\"ods-c-image__img ods-c-image__img--vertical\"\/><\/p>\n<p>Emily Blunt i John KrasinskiTinseltown \/ Shutterstock<\/p>\n<p class=\"ods-c-paragraph \">Dzi\u0119kujemy, \u017ce przeczyta\u0142a\u015b\/e\u015b nasz artyku\u0142 do ko\u0144ca. W serwisie Plejada.pl ka\u017cdego dnia piszemy o najwa\u017cniejszych wydarzeniach show-biznesowych. B\u0105d\u017a na bie\u017c\u0105co! <a rel=\"nofollow noopener\" href=\"https:\/\/profile.google.com\/cp\/Cg0vZy8xMWJ6X19wdHBx\" id=\"27ed18f0-af05-4bab-a0cd-028f03ddfb2a\" target=\"_blank\">Obserwuj<\/a> Plejad\u0119 w Google. Odwied\u017a nas tak\u017ce na <a rel=\"nofollow noopener\" href=\"https:\/\/www.facebook.com\/plejadapl\" id=\"112254e0-db88-48dc-a15b-80a9fdcf29d6\" target=\"_blank\">Facebooku<\/a>, <a rel=\"nofollow noopener\" href=\"https:\/\/www.instagram.com\/plejadapl\/\" id=\"2cb233d3-95a7-4d3e-a160-7b3f64d8c993\" target=\"_blank\">Instagramie<\/a>, <a rel=\"nofollow noopener\" href=\"https:\/\/www.youtube.com\/c\/plejada\" id=\"0b5c6128-025e-406a-9785-dbdfd34153b6\" target=\"_blank\">YouTubie<\/a> oraz <a rel=\"nofollow noopener\" href=\"https:\/\/www.tiktok.com\/@plejada_pl\" id=\"fc478112-dd90-4bfd-b064-da747504201a\" target=\"_blank\">TikToku<\/a>.<\/p>\n<p class=\"ods-c-paragraph \">Chcesz podzieli\u0107 si\u0119 ciekawym newsem lub zaproponowa\u0107 temat? Skontaktuj si\u0119 z nami, pisz\u0105c maila na adres: <a rel=\"nofollow noopener\" href=\"https:\/\/plejada.pl\/newsy\/emily-blunt-przestaje-przypominac-siebie-sama-wszystkie-cos-sobie-robia\/mailto:plejada@redakcjaonet.pl\" id=\"0c0af39b-190e-4c53-990f-d0f1666ff5c6\" target=\"_blank\">plejada@redakcjaon<\/a><a href=\"https:\/\/et.pl\" id=\"784d3264-e4fa-4a99-876e-b4a65e282b45\" rel=\"nofollow noopener\" target=\"_blank\">et.pl<\/a>.<\/p>\n<p><script async src=\"\/\/www.instagram.com\/embed.js\"><\/script><script async src=\"\/\/www.tiktok.com\/embed.js\"><\/script><\/p>\n","protected":false},"excerpt":{"rendered":"Cho\u0107 Emily Blunt ju\u017c od lat uchodzi za jedn\u0105 z najpi\u0119kniejszych kobiet zagranicznego show-biznesu, nie nale\u017cy do celebrytek,&hellip;\n","protected":false},"author":2,"featured_media":207778,"comment_status":"","ping_status":"","sticky":false,"template":"","format":"standard","meta":{"footnotes":""},"categories":[22],"tags":[12580,122,1664,21129,48,125,46,14930,42,38,40,39,41,123,47,5475],"class_list":{"0":"post-207777","1":"post","2":"type-post","3":"status-publish","4":"format-standard","5":"has-post-thumbnail","7":"category-rozrywka","8":"tag-emily_blunt","9":"tag-entertainment","10":"tag-medycyna_estetyczna","11":"tag-metamorfozy_gwiazd","12":"tag-nat_styl","13":"tag-newsy","14":"tag-omp","15":"tag-operacje_plastyczne","16":"tag-pl","17":"tag-poland","18":"tag-polish","19":"tag-polska","20":"tag-polski","21":"tag-rozrywka","22":"tag-screening_general","23":"tag-uroda_gwiazd"},"share_on_mastodon":{"url":"https:\/\/pubeurope.com\/@pl\/115902594619964371","error":""},"_links":{"self":[{"href":"https:\/\/www.europesays.com\/pl\/wp-json\/wp\/v2\/posts\/207777","targetHints":{"allow":["GET"]}}],"collection":[{"href":"https:\/\/www.europesays.com\/pl\/wp-json\/wp\/v2\/posts"}],"about":[{"href":"https:\/\/www.europesays.com\/pl\/wp-json\/wp\/v2\/types\/post"}],"author":[{"embeddable":true,"href":"https:\/\/www.europesays.com\/pl\/wp-json\/wp\/v2\/users\/2"}],"replies":[{"embeddable":true,"href":"https:\/\/www.europesays.com\/pl\/wp-json\/wp\/v2\/comments?post=207777"}],"version-history":[{"count":0,"href":"https:\/\/www.europesays.com\/pl\/wp-json\/wp\/v2\/posts\/207777\/revisions"}],"wp:featuredmedia":[{"embeddable":true,"href":"https:\/\/www.europesays.com\/pl\/wp-json\/wp\/v2\/media\/207778"}],"wp:attachment":[{"href":"https:\/\/www.europesays.com\/pl\/wp-json\/wp\/v2\/media?parent=207777"}],"wp:term":[{"taxonomy":"category","embeddable":true,"href":"https:\/\/www.europesays.com\/pl\/wp-json\/wp\/v2\/categories?post=207777"},{"taxonomy":"post_tag","embeddable":true,"href":"https:\/\/www.europesays.com\/pl\/wp-json\/wp\/v2\/tags?post=207777"}],"curies":[{"name":"wp","href":"https:\/\/api.w.org\/{rel}","templated":true}]}}