{"id":207781,"date":"2026-01-16T04:08:10","date_gmt":"2026-01-16T04:08:10","guid":{"rendered":"https:\/\/www.europesays.com\/pl\/207781\/"},"modified":"2026-01-16T04:08:10","modified_gmt":"2026-01-16T04:08:10","slug":"adrian-szymaniak-zdradza-szczegoly-swojego-stanu-zdrowia-mowi-jak-sie-czuje-2","status":"publish","type":"post","link":"https:\/\/www.europesays.com\/pl\/207781\/","title":{"rendered":"Adrian Szymaniak zdradza szczeg\u00f3\u0142y swojego stanu zdrowia. M\u00f3wi jak si\u0119 czuje"},"content":{"rendered":"<p class=\"Paragraph_desktopParagraph__U31Gm\">W po\u0142owie stycznia min\u0119\u0142o sze\u015b\u0107 tygodni od zako\u0144czenia przez <a href=\"https:\/\/plejada.pl\/temat\/adrian-szymaniak\/2ql7z42\" id=\"ca7cf7cd-b39b-4700-ba6d-ce7ef387f513\" rel=\"nofollow noopener\" target=\"_blank\">Adriana Szymaniaka<\/a> radioterapii i chemioterapii. Jak wyja\u015bni\u0142 swoim obserwatorom na InstaStories, pod koniec terapii pojawi\u0142a si\u0119 szansa na udzia\u0142 w specjalnych badaniach klinicznych. Niestety, kontrolny rezonans g\u0142owy wykaza\u0142 niewielk\u0105 aktywno\u015b\u0107 w miejscu wcze\u015bniej usuni\u0119tego guza.<\/p>\n<p class=\"Paragraph_desktopParagraph__U31Gm\">&#8222;W poniedzia\u0142ek, 12 stycznia, mia\u0142em kontrolny rezonans g\u0142owy, kt\u00f3ry pokaza\u0142, \u017ce w miejscu wyci\u0119cia guza pojawia si\u0119 ma\u0142a aktywno\u015b\u0107. M\u00f3wi\u0119 tutaj ma\u0142a, bo m\u00f3wimy o dwu\/trzymilimetrowej zmianie. Wykluczy\u0142o mnie to ca\u0142kowicie z wzi\u0119cia udzia\u0142u w tym badaniu&#8221; \u2014 wyzna\u0142.<\/p>\n<ul class=\"OchatFollowUps_wrapper__1ry7X\">\n<li class=\"OchatFollowUps_item__Dhyly OchatFollowUps_itemDesktop__R6aBv\">Jakie ma problemy zdrowotne Adrian Szymaniak?<\/li>\n<li class=\"OchatFollowUps_item__Dhyly OchatFollowUps_itemDesktop__R6aBv\">Co pokaza\u0142 kontrolny rezonans g\u0142owy Adriana?<\/li>\n<li class=\"OchatFollowUps_item__Dhyly OchatFollowUps_itemDesktop__R6aBv\">Jakie leczenie czeka Adriana w najbli\u017cszych miesi\u0105cach?<\/li>\n<li class=\"OchatFollowUps_item__Dhyly OchatFollowUps_itemDesktop__R6aBv\">Jak czuje si\u0119 Adrian Szymaniak po terapii?<\/li>\n<\/ul>\n<p>Adrian Szymaniak m\u00f3wi, jak si\u0119 czuje. Musi kontynuowa\u0107 chemioterapi\u0119 <\/p>\n<p class=\"Paragraph_desktopParagraph__U31Gm\">Adrian Szymaniak podkre\u015bli\u0142, \u017ce badania kliniczne s\u0105 przeznaczone dla os\u00f3b z pierwotnymi zmianami nowotworowymi, a nie wznowami, z kt\u00f3rymi sam si\u0119 mierzy. W zwi\u0105zku z tym w najbli\u017cszych sze\u015bciu miesi\u0105cach czeka go dalsza chemioterapia oraz leczenie metod\u0105 TTF.<\/p>\n<blockquote>\n<p class=\"Paragraph_desktopParagraph__U31Gm\">Na ten moment ta zmiana nie jest jaka\u015b du\u017ca. (&#8230;) Nawet nie jest to operacyjne. (&#8230;) Najwa\u017cniejsze jest to, \u017ce jestem w dobrej formie \u2014 psychicznej przede wszystkim \u2014 fizycznej r\u00f3wnie\u017c<\/p>\n<\/blockquote>\n<p class=\"Paragraph_desktopParagraph__U31Gm\">\u2014 doda\u0142.<\/p>\n<p class=\"Paragraph_desktopParagraph__U31Gm\">Przed wypowiedzi\u0105 Adriana g\u0142os zabra\u0142a jego \u017cona, Anita, kt\u00f3ra zamie\u015bci\u0142a w mediach spo\u0142eczno\u015bciowych poruszaj\u0105cy wpis. &#8222;Bydgoszcz \u017cegna nas deszczem. Nie powiem, bo do\u0142o\u017cy\u0142am w ostatnich dniach kilka kropel. Czuj\u0119 si\u0119, jakby\u015bmy wr\u00f3cili do punktu wyj\u015bcia, ale czasem trzeba zrobi\u0107 krok w ty\u0142, aby i\u015b\u0107 do przodu. Ci\u0119\u017cko napisa\u0107 cokolwiek&#8221; \u2014 przekaza\u0142a na Instagramie.<\/p>\n<p><img decoding=\"async\" class=\"Image_image__0tuHp Image_autoHeight__f2n87 \" height=\"587\" width=\"331\" src=\"https:\/\/www.europesays.com\/pl\/wp-content\/uploads\/2026\/01\/d2Hk9kpTURBXy9mNWEyNzMyZTU4ZDlkZjU2MWJkMTc2N2U1Y2Q3Y2Y5Ni5qcGeSlQLNA6wAwsOVAgDNAkvCw94AA6EwAaExAaEzw.jpeg\" alt=\"Adrian Szymaniak\" loading=\"lazy\" \/>instagram.com\/adrian_szz\/<\/p>\n<p>Adrian Szymaniak<\/p>\n<p><img decoding=\"async\" class=\"Image_image__0tuHp Image_autoHeight__f2n87 \" height=\"587\" width=\"323\" src=\"https:\/\/www.europesays.com\/pl\/wp-content\/uploads\/2026\/01\/jmsk9kpTURBXy9kZWExOTRhNzFhYzlhOWE4YjQ4MDVmYzgxOTUzNTQ4Mi5qcGeSlQLNA6wAwsOVAgDNAkvCw94AA6EwAaExAaEzw.jpeg\" alt=\"Adrian Szymaniak\" loading=\"lazy\" \/>instagram.com\/adrian_szz\/<\/p>\n<p>Adrian Szymaniak<\/p>\n<p class=\"Paragraph_desktopParagraph__U31Gm\">Dzi\u0119kujemy, \u017ce przeczyta\u0142a\u015b\/e\u015b nasz artyku\u0142 do ko\u0144ca. W serwisie Plejada.pl ka\u017cdego dnia piszemy o najwa\u017cniejszych wydarzeniach show-biznesowych. B\u0105d\u017a na bie\u017c\u0105co! <a rel=\"nofollow noopener\" href=\"https:\/\/profile.google.com\/cp\/Cg0vZy8xMWJ6X19wdHBx\" id=\"cd55c5e3-01da-4018-a355-66d728dc89d7\" target=\"_blank\">Obserwuj<\/a> Plejad\u0119 w Wiadomo\u015bciach Google. Odwied\u017a nas tak\u017ce na <a rel=\"nofollow noopener\" href=\"https:\/\/www.facebook.com\/plejadapl\" id=\"d47cb715-f8af-435f-afae-061f2819dcc9\" target=\"_blank\">Facebooku<\/a>, <a rel=\"nofollow noopener\" href=\"https:\/\/www.instagram.com\/plejadapl\/\" id=\"9809bc90-8112-4b9d-9468-f7db7b393ca5\" target=\"_blank\">Instagramie<\/a>, <a rel=\"nofollow noopener\" href=\"https:\/\/www.youtube.com\/c\/plejada\" id=\"ca672299-46f9-46d7-b449-2f64ef8c0eb5\" target=\"_blank\">YouTube<\/a> oraz <a rel=\"nofollow noopener\" href=\"https:\/\/www.tiktok.com\/@plejada_pl\" id=\"5a2d07e9-3991-4a05-b793-058ff8b01395\" target=\"_blank\">TikToku<\/a>.<\/p>\n<p class=\"Paragraph_desktopParagraph__U31Gm\">Chcesz podzieli\u0107 si\u0119 ciekawym newsem lub zaproponowa\u0107 temat? Skontaktuj si\u0119 z nami, pisz\u0105c e-maila na adres: <a href=\"https:\/\/www.onet.pl\/styl-zycia\/plejada\/adrian-szymaniak-zdradza-szczegoly-swojego-stanu-zdrowia-mowi-jak-sie-czuje\/mailto:plejada@redakcjaonet.pl\" id=\"ec49a466-f52b-471c-8995-ac97094e6314\" rel=\"nofollow noopener\" target=\"_blank\">plejada@redakcjaonet.pl<\/a>.<\/p>\n<p><script async src=\"\/\/www.instagram.com\/embed.js\"><\/script><script async src=\"\/\/www.tiktok.com\/embed.js\"><\/script><\/p>\n","protected":false},"excerpt":{"rendered":"W po\u0142owie stycznia min\u0119\u0142o sze\u015b\u0107 tygodni od zako\u0144czenia przez Adriana Szymaniaka radioterapii i chemioterapii. Jak wyja\u015bni\u0142 swoim obserwatorom&hellip;\n","protected":false},"author":2,"featured_media":207782,"comment_status":"","ping_status":"","sticky":false,"template":"","format":"standard","meta":{"footnotes":""},"categories":[22],"tags":[5589,122,67,53,52,68,51,55,42,38,40,39,41,123,47,4767,196,65,50],"class_list":{"0":"post-207781","1":"post","2":"type-post","3":"status-publish","4":"format-standard","5":"has-post-thumbnail","7":"category-rozrywka","8":"tag-adrian_szymaniak","9":"tag-entertainment","10":"tag-intextvideo_splayer","11":"tag-new_header","12":"tag-onet3","13":"tag-onet3d","14":"tag-onet3d_2i","15":"tag-phx","16":"tag-pl","17":"tag-poland","18":"tag-polish","19":"tag-polska","20":"tag-polski","21":"tag-rozrywka","22":"tag-screening_general","23":"tag-slub_od_pierwszego_wejrzenia","24":"tag-styl_zycia","25":"tag-update_me","26":"tag-v2021"},"share_on_mastodon":{"url":"https:\/\/pubeurope.com\/@pl\/115902814795103335","error":""},"_links":{"self":[{"href":"https:\/\/www.europesays.com\/pl\/wp-json\/wp\/v2\/posts\/207781","targetHints":{"allow":["GET"]}}],"collection":[{"href":"https:\/\/www.europesays.com\/pl\/wp-json\/wp\/v2\/posts"}],"about":[{"href":"https:\/\/www.europesays.com\/pl\/wp-json\/wp\/v2\/types\/post"}],"author":[{"embeddable":true,"href":"https:\/\/www.europesays.com\/pl\/wp-json\/wp\/v2\/users\/2"}],"replies":[{"embeddable":true,"href":"https:\/\/www.europesays.com\/pl\/wp-json\/wp\/v2\/comments?post=207781"}],"version-history":[{"count":0,"href":"https:\/\/www.europesays.com\/pl\/wp-json\/wp\/v2\/posts\/207781\/revisions"}],"wp:featuredmedia":[{"embeddable":true,"href":"https:\/\/www.europesays.com\/pl\/wp-json\/wp\/v2\/media\/207782"}],"wp:attachment":[{"href":"https:\/\/www.europesays.com\/pl\/wp-json\/wp\/v2\/media?parent=207781"}],"wp:term":[{"taxonomy":"category","embeddable":true,"href":"https:\/\/www.europesays.com\/pl\/wp-json\/wp\/v2\/categories?post=207781"},{"taxonomy":"post_tag","embeddable":true,"href":"https:\/\/www.europesays.com\/pl\/wp-json\/wp\/v2\/tags?post=207781"}],"curies":[{"name":"wp","href":"https:\/\/api.w.org\/{rel}","templated":true}]}}