{"id":207793,"date":"2026-01-16T04:40:11","date_gmt":"2026-01-16T04:40:11","guid":{"rendered":"https:\/\/www.europesays.com\/pl\/207793\/"},"modified":"2026-01-16T04:40:11","modified_gmt":"2026-01-16T04:40:11","slug":"mama-wyszla-z-domu-we-wrzesniu-policja-przywiozla-ja-tutaj","status":"publish","type":"post","link":"https:\/\/www.europesays.com\/pl\/207793\/","title":{"rendered":"Mama wysz\u0142a z domu we wrze\u015bniu. Policja przywioz\u0142a j\u0105 tutaj"},"content":{"rendered":"<p><a href=\"https:\/\/premium.wp.pl\" class=\"wp-label-wppremium\" rel=\"nofollow noopener\" target=\"_blank\"> <\/p>\n<p>Prawdziwe dziennikarstwo. Niezale\u017cna redakcja. ZA DARMO.<\/p>\n<p><\/a> <\/p>\n<p><a href=\"https:\/\/informacje.wp.pl\/wiadomosci\/lublin-tragedia-na-posesji-pod-miastem-nie-zyje-93-latka-7241593870674049a\" rel=\"noopener noreferrer nofollow\" target=\"_blank\">Cia\u0142o 93-letniej babci odnalaz\u0142a w\u00a0pi\u0105tek 9\u00a0stycznia jej wnuczka.<\/a> Starsza kobieta zamarz\u0142a w\u00a0swoim w\u0142asnym domu w\u00a0gminie Konopnica pod Lublinem. Tylko tego dnia mrozy zabi\u0142y na Lubelszczy\u017anie jeszcze dwie inne osoby.<\/p>\n<p>Nast\u0119pnego dnia rano, w\u00a0sobot\u0119 10 stycznia, na termometrze w\u00a0Lublinie by\u0142o -14 stopni. Stoj\u0119 przed d\u0142ugim budynkiem pokrytym brudnobia\u0142ym sidingiem, kt\u00f3ry bardziej przypomina magazyn, a\u00a0nie miejsce, w\u00a0kt\u00f3rym mo\u017cna znale\u017a\u0107 schronienie. Kiedy\u015b dzia\u0142a\u0142a tu hurtownia elektryczna, ale przenios\u0142a si\u0119 do bardziej presti\u017cowego budynku po drugiej stronie ulicy. Na drzwiach napis &#8222;Ogrzewalnia dla kobiet. Czynne 16-8&#8221;. <a href=\"https:\/\/wiadomosci.wp.pl\/arktyczne-zimno-wleje-sie-do-polski-temperatura-spadnie-do-22-st-c-7243595047450720a\" rel=\"noopener noreferrer nofollow\" target=\"_blank\">Ale teraz, kiedy Polska przypomnia\u0142a sobie prawdziw\u0105 zim\u0119, mo\u017cna tu by\u0107 nawet przez ca\u0142\u0105 dob\u0119.<\/a><\/p>\n<p><a class=\"wp-video-title-link\" href=\"https:\/\/tech.wp.pl\/robot-sprzatajacy-z-bionicznym-ramieniem-dreame-cyber-10-ultra,7243701285426241v\" rel=\"nofollow noopener\" target=\"_blank\">Robot sprz\u0105taj\u0105cy z\u00a0bionicznym ramieniem. Dreame Cyber 10\u00a0Ultra <\/a>  <\/p>\n<p>Przez okno macha mi Marzena, koordynatorka ogrzewalni prowadzonej przez Centrum Wolontariatu w\u00a0Lublinie. Otwiera drzwi, a\u00a0za nimi ju\u017c poranne o\u017cywienie. Czuj\u0119 si\u0119 troch\u0119 g\u0142upio, bo jest 8\u00a0rano, a\u00a0okazuje si\u0119, \u017ce z\u00a0ulicy wchodz\u0119 prosto do czyjej\u015b sypialni. A\u00a0dok\u0142adnie do sypialni 10 kobiet, kt\u00f3re sp\u0119dzi\u0142y t\u0119 noc w\u00a0na oko 40-metrowym pomieszczeniu. Jest tak ciasno, \u017ce niekt\u00f3re \u0142\u00f3\u017cka s\u0105 ju\u017c ze sob\u0105 z\u0142\u0105czone. W\u00a0oczy rzuca si\u0119 tablica z\u00a0imionami pa\u0144 i\u00a0list\u0105 dy\u017curu porz\u0105dkowego na\u00a0kolejne dni tygodnia. Na krze\u015ble w\u0142\u0105czony telewizor z\u00a0programem informacyjnym.<\/p>\n<p> <img role=\"presentation\" class=\"absolute left-1\/2 top-1\/2 max-h-[80%] max-w-[100px] -translate-x-1\/2 -translate-y-1\/2\" src=\"https:\/\/v.wpimg.pl\/ZXJfd3AudTkrBBIAbg54LGhcRlAxHQUrPgJGH2MAeGJoSQ1eIBI_K2UHAEVuBTY5KQMMXC0RPyoVERQdMgM9ejc\" loading=\"lazy\" decoding=\"async\"\/> <\/p>\n<p>Marzena prowadzi mnie do swojego pokoiku, kt\u00f3ry jest jednocze\u015bnie biurem. Mijamy cz\u0119\u015b\u0107 \u0142azienkow\u0105, z\u00a0kt\u00f3rej s\u0142ycha\u0107 jak jedna z\u00a0pa\u0144 pop\u0119dza drug\u0105: &#8211;\u00a0Szybciej, ja \u015bpiesz\u0119 si\u0119 do pracy. Po kilkunastu minutach ta sama 25-letnia dziewczyna wsuwa g\u0142ow\u0119 do Marzeny. &#8211;\u00a0Do widzenia, id\u0119 do pracy, dzi\u0119kuj\u0119! &#8211;\u00a0rzuca z\u00a0u\u015bmiechem.<\/p>\n<p>Po godzinie 9\u00a0w\u00a0ogrzewalni pozostaj\u0105 ju\u017c tylko trzy panie. Reszta ma jakie\u015b prace dorywcze, takie jak np. od\u015bnie\u017canie ulic czy sprz\u0105tanie klatek schodowych. Albo inne zaj\u0119cia, o\u00a0kt\u00f3rych Marzena nie wie.<\/p>\n<p>Wi\u0119kszo\u015b\u0107 z\u00a0nich to sta\u0142e bywalczynie. Ale s\u0105 te\u017c nowe. Jak kobieta, kt\u00f3ra w\u00a0Cz\u0119stochowie &#8222;wsiad\u0142a do poci\u0105gu byle jakiego&#8221;. Wysiad\u0142a w\u00a0Lublinie i\u00a0trzy tygodnie b\u0142\u0105ka\u0142a si\u0119 po ulicach, a\u017c znalaz\u0142a j\u0105 policja i\u00a0przywioz\u0142a na Wro\u0144sk\u0105 1a. Tutaj mog\u0142a si\u0119 umy\u0107, zmieni\u0107 ubranie, napi\u0107 czego\u015b ciep\u0142ego, spr\u00f3bowa\u0107 troch\u0119 si\u0119 otrz\u0105sn\u0105\u0107. Czasami zdarza si\u0119, \u017ce policja przyje\u017cd\u017ca z\u00a0kim\u015b w\u00a0\u015brodku nocy. Ale to tylko wtedy, kiedy przypadkowy przechodzie\u0144 nie odwr\u00f3ci g\u0142owy i\u00a0zg\u0142osi na 112, \u017ce na przystanku noc\u0105 siedzi sobie cz\u0142owiek. Od pocz\u0105tku listopada w\u00a0ca\u0142ej Polsce z\u00a0powodu wych\u0142odzenia zmar\u0142y ju\u017c 22 osoby.<\/p>\n<p> <img role=\"presentation\" class=\"absolute left-1\/2 top-1\/2 max-h-[80%] max-w-[100px] -translate-x-1\/2 -translate-y-1\/2\" src=\"https:\/\/v.wpimg.pl\/ZXJfd3AudTkrBBIAbg54LGhcRlAxHQUrPgJGH2MAeGJoSQ1eIBI_K2UHAEVuBTY5KQMMXC0RPyoVERQdMgM9ejc\" loading=\"lazy\" decoding=\"async\"\/> <\/p>\n<p>Dzi\u015b, mimo siarczystego mrozu, noc by\u0142a spokojna i\u00a0nikt nowy si\u0119 nie pojawi\u0142.<\/p>\n<p>&#8211; W\u00a0tej chwili mamy ju\u017c komplet, 10 \u0142\u00f3\u017cek zaj\u0119tych. Ale gdyby si\u0119 kto\u015b trafi\u0142, to i\u00a0tak z\u00a0nami zostanie. Mamy w\u00a0planie, \u017ce do\u0142o\u017cymy jakie\u015b 2-3 polowe \u0142\u00f3\u017cka. Ju\u017c nie bardzo jest miejsce, gdzie je postawi\u0107, ale dziewczyny zgodzi\u0142y si\u0119, \u017ce zsun\u0105 sobie \u0142\u00f3\u017cka i\u00a0b\u0119d\u0105 spa\u0142y we trzy na dw\u00f3ch. Jako\u015b damy rad\u0119 &#8211;\u00a0m\u00f3wi Marzena.<\/p>\n<p>Koordynatorka jest ju\u017c po 24-godzinnym dy\u017curze w\u00a0ogrzewalni i\u00a0za chwil\u0119 przyjdzie zmiennik. Chwali si\u0119, \u017ce jej najwi\u0119ksza \u017cyciowa duma to doro\u015bli ju\u017c synowie. W\u00a0przesz\u0142o\u015bci pracowa\u0142a w\u00a0sklepie obuwniczym, garma\u017cerce, biurze nieruchomo\u015bci, wyje\u017cd\u017ca\u0142a te\u017c do Niemiec do opieki. Trudno sobie wyobrazi\u0107, \u017ceby praca w\u00a0ogrzewalni dla bezdomnych kobiet mog\u0142a by\u0107 dla kogo\u015b wymarzon\u0105 prac\u0105. Ale dla niej jest.<\/p>\n<p> <img role=\"presentation\" class=\"absolute left-1\/2 top-1\/2 max-h-[80%] max-w-[100px] -translate-x-1\/2 -translate-y-1\/2\" src=\"https:\/\/v.wpimg.pl\/ZXJfd3AudTkrBBIAbg54LGhcRlAxHQUrPgJGH2MAeGJoSQ1eIBI_K2UHAEVuBTY5KQMMXC0RPyoVERQdMgM9ejc\" loading=\"lazy\" decoding=\"async\"\/> <\/p>\n<blockquote><p>&#8211; Robi\u0119 to, co kocham. Dla mnie zawsze drugi cz\u0142owiek by\u0142 bardzo wa\u017cny. Wiem, \u017ce nie uratuj\u0119 \u015bwiata, ale je\u017celi z\u00a050 os\u00f3b, kt\u00f3rymi mam si\u0119 zaj\u0105\u0107, chocia\u017c jedn\u0105 uda mi si\u0119 wyprowadzi\u0107 na lepsz\u0105 drog\u0119, to b\u0119dzie dla mnie ogromna satysfakcja i\u00a0sens tego, co robi\u0119 &#8211;\u00a0przekonuje Marzena.<\/p><\/blockquote>\n<p>Historie kobiet s\u0105 r\u00f3\u017cne, ale nigdy dobre. Marzena nie docieka, je\u015bli widzi, \u017ce kto\u015b woli nie opowiada\u0107. Lepiej skupi\u0107 si\u0119 na przysz\u0142o\u015bci: wskaza\u0107, gdzie p\u00f3j\u015b\u0107, \u017ceby wyrobi\u0107 dow\u00f3d osobisty, ubezpieczenie zdrowotne. M\u0142odsze dziewczyny motywuje, \u017ceby posz\u0142y si\u0119 zarejestrowa\u0107 do urz\u0119du pracy i\u00a0znalaz\u0142y cho\u0107by co\u015b dorywczego.<\/p>\n<p>&#8211; Staram si\u0119 rozmawia\u0107, ale po to, \u017ceby szuka\u0107 dla nich rozwi\u0105za\u0144 na przysz\u0142o\u015b\u0107, a\u00a0nie grzeba\u0107 si\u0119 w\u00a0ich przesz\u0142o\u015bci &#8211;\u00a0m\u00f3wi Marzena.<\/p>\n<p> <img role=\"presentation\" class=\"absolute left-1\/2 top-1\/2 max-h-[80%] max-w-[100px] -translate-x-1\/2 -translate-y-1\/2\" src=\"https:\/\/v.wpimg.pl\/ZXJfd3AudTkrBBIAbg54LGhcRlAxHQUrPgJGH2MAeGJoSQ1eIBI_K2UHAEVuBTY5KQMMXC0RPyoVERQdMgM9ejc\" loading=\"lazy\" decoding=\"async\"\/> <a href=\"https:\/\/wiadomosci.wp.pl\/sasiedzi-wstrzasnieci-smiercia-emilii-nieoficjalne-informacje-o-malzonkach-7242630179285504a\" class=\"teaser-inline\" rel=\"nofollow noopener\" target=\"_blank\">  <img decoding=\"async\" src=\"https:\/\/www.europesays.com\/pl\/wp-content\/uploads\/2026\/01\/Y2VmZDkxdlM3Dyx3RAN7RnRXeC0CWnUQI09gZkRJawpmFXUiAhQ8QDMdNWoMCixCNxoqahsUdlMmBHUyWlc9WyUdNiUSVzxfNAg-.jpeg\" width=\"0\" height=\"0\" loading=\"lazy\" class=\"wp-media-image cropped\" alt=\"S\u0105siedzi wstrz\u0105\u015bni\u0119ci \u015bmierci\u0105 Emilii. Nieoficjalne informacje o ma\u0142\u017conkach\"\/><\/p>\n<p>S\u0105siedzi wstrz\u0105\u015bni\u0119ci \u015bmierci\u0105 Emilii. Nieoficjalne informacje o ma\u0142\u017conkach<\/p>\n<p><\/a><\/p>\n<p>Mam dom pod Rzeszowem <\/p>\n<p>Noc z\u00a0pi\u0105tku na sobot\u0119 w\u00a0ogrzewalni sp\u0119dzi\u0142a 55-letnia Krystyna*, kt\u00f3ra ch\u0119tnie dzieli si\u0119 swoimi ostatnimi miesi\u0105cami. To mama dw\u00f3ch doros\u0142ych ju\u017c c\u00f3rek.<\/p>\n<p>&#8211; Ja z\u00a0okolic Rzeszowa pochodz\u0119, tam mam dom: parter, pi\u0119tro, poddasze. Dlaczego mnie tam nie ma? Mog\u0119 zaraz by\u0107, mo\u017ce w\u00a0poniedzia\u0142ek pojad\u0119? Musz\u0119 tylko wyrobi\u0107 dow\u00f3d, bo mi taka dziewczyna ukrad\u0142a. Jeszcze te\u017c s\u0105siadce wisz\u0119 200 z\u0142otych. A\u00a0w\u00a0domu, jak to w\u00a0domu, m\u00f3j by\u0142y popija\u0142. Ja nie mam rozwodu, 15 lat nie \u015bpimy razem, bo on mnie zdradza\u0142. Ale ja tam nie mam meldunku, a\u00a0to by\u0142 dom budowany podczas ma\u0142\u017ce\u0144stwa. Raz mnie m\u0105\u017c zamkn\u0105\u0142 w\u00a0\u015brodku, \u017ceby wyj\u015b\u0107, to przez kot\u0142owni\u0119 skoczy\u0142am, mia\u0142am wstrz\u0105s m\u00f3zgu &#8211;\u00a0opowiada.<\/p>\n<p> <img role=\"presentation\" class=\"absolute left-1\/2 top-1\/2 max-h-[80%] max-w-[100px] -translate-x-1\/2 -translate-y-1\/2\" src=\"https:\/\/v.wpimg.pl\/ZXJfd3AudTkrBBIAbg54LGhcRlAxHQUrPgJGH2MAeGJoSQ1eIBI_K2UHAEVuBTY5KQMMXC0RPyoVERQdMgM9ejc\" loading=\"lazy\" decoding=\"async\"\/> <\/p>\n<p>Ostatni raz Krystyna w\u00a0domu by\u0142a w\u00a0po\u0142owie wrze\u015bnia.<\/p>\n<p>&#8211; Kolega spyta\u0142, czy b\u0119d\u0119 zbiera\u0107 jab\u0142ka, pojecha\u0142am do Sandomierza. Potem by\u0142 po\u017car domu, dobrze \u017ce mnie w\u00a0ten czas na mieszkaniu nie by\u0142o. W\u0142a\u015bcicielka, ta co od niej wynajmowa\u0142am pok\u00f3j, by\u0142a dziabni\u0119ta, wyskoczy\u0142a, z\u0142ama\u0142a nog\u0119. To by\u0142a ulica Cicha, ale ja m\u00f3wi\u0142am zawsze, \u017ce g\u0142o\u015bna. I\u00a0ten dom poszed\u0142 z\u00a0dymem &#8211;\u00a0opowiada Krystyna.<\/p>\n<p>Potem trafi\u0142a do Poniatowej na Lubelszczy\u017anie. Ponad tydzie\u0144 mieszka\u0142a u\u00a0starszego pana, robi\u0142a mu zakupy, gra\u0142a z\u00a0nim w\u00a0karty, ale by\u0142 problem, bo on ca\u0142y czas chcia\u0142 wygrywa\u0107.<\/p>\n<p> <img role=\"presentation\" class=\"absolute left-1\/2 top-1\/2 max-h-[80%] max-w-[100px] -translate-x-1\/2 -translate-y-1\/2\" src=\"https:\/\/v.wpimg.pl\/ZXJfd3AudTkrBBIAbg54LGhcRlAxHQUrPgJGH2MAeGJoSQ1eIBI_K2UHAEVuBTY5KQMMXC0RPyoVERQdMgM9ejc\" loading=\"lazy\" decoding=\"async\"\/> <\/p>\n<p>Na pocz\u0105tku grudnia trafi\u0142a do ogrzewalni w\u00a0Lublinie. Wszystko zacz\u0119\u0142o si\u0119 od imprezy w\u00a0parku w\u00a0Poniatowej.<\/p>\n<p>&#8211; Pozna\u0142am takiego pana, co mnie zagada\u0142, poszli\u015bmy do parku, no flaszka, piwo, pocz\u0119stowa\u0142 papierosami, tak siedzieli\u015bmy do wieczora. Na polu ju\u017c by\u0142o minus. Przysz\u0142o takie pa\u0144stwo, &#8222;\u0142iskacza&#8221; mi da\u0142y. By\u0142am wstawiona na maksa, kol\u0119dy ju\u017c \u015bpiewam, m\u00f3wi\u0119 &#8222;ja tu b\u0119d\u0119 spa\u0107, mnie grzeje od \u015brodka&#8221;. Ale przyszed\u0142 taki wojskowy i\u00a0m\u00f3wi &#8222;zadzwoni\u0119 na policj\u0119, pojedziesz sobie do Lublina, tam jest takie co\u015b, \u017ce mo\u017cesz spa\u0107&#8221;. Przyjechali te policjanty, ja m\u00f3wi\u0119 &#8222;w\u0142\u0105czcie disco polo&#8221;, pojechali\u015bmy &#8211;\u00a0opowiada Krystyna.<\/p>\n<blockquote><p>&#8211; Alkohol. To jest podstawowa przyczyna tego, \u017ce tu s\u0105. Alkohol niszczy wszystko &#8211;\u00a0odpowiada Marzena na pytanie o\u00a0przyczyny, dlaczego kobiety l\u0105duj\u0105 na ulicy.<\/p><\/blockquote>\n<p>Czasami tak\u017ce brak odwagi do zmiany swojego losu.<\/p>\n<p>&#8211; Pani z\u00a0Ukrainy zosta\u0142a przywieziona tu przez policj\u0119 ze zg\u0142oszenia o\u00a0przemocy domowej, a\u00a0ju\u017c przed p\u00f3\u0142noc\u0105 powiedzia\u0142a, \u017ce wychodzi, \u017ce nie chce tu by\u0107. No i\u00a0wysz\u0142a, nikogo nie mo\u017cemy zatrzyma\u0107 na si\u0142\u0119. Co z\u00a0ni\u0105 dalej, nie wiem. Zazwyczaj kobiety podejmuj\u0105 bardzo z\u0142e decyzje. Mimo przemocy domowej, mimo \u017ce partner je bije, to one ca\u0142y czas \u017cyj\u0105 nadziej\u0105, \u017ce mo\u017ce si\u0119 zmieni. I\u00a0nie robi\u0105 z\u00a0tym nic &#8211;\u00a0m\u00f3wi Marzena.<\/p>\n<p>     <img decoding=\"async\" src=\"https:\/\/www.europesays.com\/pl\/wp-content\/uploads\/2026\/01\/OGMxYmE2YCYsGi9eakltM29CewQsEGNlOFpjT2pRYHV9SGkVdAN9cWIeMAEgQCo3IlY-HzBCLjA9VikBalM_LmIOaEIhWzw3IRkg.jpeg\" width=\"2000\" height=\"1126\" loading=\"lazy\" class=\"wp-media-image\" alt=\"Ogrzewalnia dla kobiet w Lublinie\" data-lightbox=\"true\"\/> Ogrzewalnia dla kobiet w Lublinie \u00a9 WP<\/p>\n<p>46 dni na\u00a0Po\u0142udniowej <\/p>\n<p>Marzena sama te\u017c by\u0142a kiedy\u015b w\u00a0bardzo trudnej sytuacji. Nie takiej, jak jej podopieczne z\u00a0ogrzewalni, nigdy nie mia\u0142a problem\u00f3w z\u00a0alkoholem. Ale sp\u0119dzi\u0142a 46 dni za kratkami. Wszystko dlatego, \u017ce nie wykona\u0142a wyroku, jaki orzek\u0142 s\u0105d: nie zap\u0142aci\u0142a 500 z\u0142 grzywny i\u00a0300 z\u0142 nawi\u0105zki za podrapanie i\u00a0szarpanie policjanta podczas interwencji wobec niej 11 lat temu.<\/p>\n<p>&#8211; By\u0142am ju\u017c po rozwodzie, zmienia\u0142am stancj\u0119, nie mia\u0142am meldunku. S\u0105d wysy\u0142a\u0142 pisma, tylko nie wiem gdzie, bo ja \u017cadnego nie dosta\u0142am. Ta grzywna to by\u0142y \u015bmieszne pieni\u0105dze, ale zosta\u0142o mi to p\u00f3\u017aniej zamienione na prace spo\u0142eczne, a\u00a0potem na areszt, a\u00a0ja nic o\u00a0tym nie wiedzia\u0142am &#8211;\u00a0przekonuje Marzena.<\/p>\n<p>W ko\u0144cu odnalaz\u0142 j\u0105 dzielnicowy i\u00a0powiedzia\u0142, \u017ce jest zatrzymana i\u00a0odwozi j\u0105 na Po\u0142udniow\u0105, gdzie mie\u015bci si\u0119 lubelski areszt. Wtedy dla niej to by\u0142 koniec \u015bwiata.<\/p>\n<blockquote><p>&#8211; Najgorsze za kratkami jest to, \u017ce jeste\u015b traktowana jakby\u015b by\u0142a nikim. Przez stra\u017cniczki, wsp\u00f3\u0142osadzone. Zwracaj\u0105 si\u0119 do ciebie jak do \u015bmiecia. Ale ja ju\u017c po tygodniu mia\u0142am w\u00a0sobie tak\u0105 moc, \u017ce wiedzia\u0142am, \u017ce dam rad\u0119. Trzeba by\u0142o kogo\u015b zamkn\u0105\u0107, \u017ceby si\u0119 otworzy\u0142. Do dzi\u015b jednak nie zapomn\u0119 s\u0142\u00f3w stra\u017cniczki w\u00a0dniu mojego wyj\u015bcia: i\u00a0tak tu wr\u00f3cisz, wszystkie wracaj\u0105. To by\u0142o pi\u0119kne po\u017cegnanie, prawda? &#8211;\u00a0ironizuje Marzena.<\/p><\/blockquote>\n<p>Ona sama chce inaczej podchodzi\u0107 do ludzi w\u00a0kryzysie.<\/p>\n<p>&#8211; Zanim trafi\u0142am do Centrum Wolontariatu, praktycznie codziennie spotyka\u0142am cz\u0142owieka, kt\u00f3ry zbiera\u0142 puszki na osiedlu. Kiedy\u015b kupi\u0142am mu zapiekank\u0119, innym razem zacz\u0119li\u015bmy rozmawia\u0107, da\u0142am mu obiad, kupowa\u0142am drobiazgi. Powiedzia\u0142, \u017ce choruje na gru\u017alic\u0119, to zawioz\u0142am do szpitala do Poniatowej, leczy\u0142 si\u0119 tam p\u00f3\u0142 roku. Jak wyszed\u0142 ze szpitala teraz przed \u015bwi\u0119tami, to zadzwoni\u0142, \u017ce dostanie rent\u0119. To s\u0105 pi\u0119kne momenty. Ja nigdy nikogo nie skre\u015blam. Id\u0105c ulic\u0105, jak widz\u0119 kogo\u015b, czy jest pijany, czy nie, dla mnie zawsze to cz\u0142owiek &#8211;\u00a0m\u00f3wi Marzena.<\/p>\n<p>Mimo \u017ce wyrok ju\u017c si\u0119 zatar\u0142, Marzena opowiada o\u00a0nim otwarcie. B\u0119d\u0105c jeszcze za kratami, zacz\u0119\u0142a pisa\u0107 dziennik o\u00a0tym, jak wygl\u0105da \u017cycie po drugiej stronie.<\/p>\n<blockquote><p>&#8211; Zawsze mia\u0142am \u015bwiadomo\u015b\u0107 z\u00a0ty\u0142u g\u0142owy, \u017ce jestem taka s\u0142aba. A\u00a0dzi\u015b wiem, \u017ce jestem cholernie silna. Nie \u017ca\u0142uj\u0119 tego wszystkiego, czym mnie \u017cycie do\u015bwiadczy\u0142o. Widocznie by\u0142o to potrzebne po to, \u017cebym zrozumia\u0142a, kim naprawd\u0119 jestem i\u00a0co mog\u0119 &#8211;\u00a0m\u00f3wi.<\/p><\/blockquote>\n<p>Ogrzewalnia dla kobiet Centrum Wolontariatu przy ulicy Wro\u0144skiej 1a dzia\u0142a dopiero od listopada, wcze\u015bniej funkcjonowa\u0142a w\u00a0innym miejscu. Na pocz\u0105tku by\u0142y tylko go\u0142e \u015bciany, ale Marzena ca\u0142y czas szuka sposob\u00f3w, \u017ceby tu by\u0142o przytulniej. Na jednej ze \u015bcian powstaje co\u015b w\u00a0rodzaju instalacji artystycznej &#8211;\u00a0drzewa z\u00a0wizerunkami bywalczy\u0144. Marzena prosi te\u017c, \u017ceby napisa\u0107, \u017ce w\u00a0ogrzewalni bardzo przyda\u0142yby si\u0119 zimowe buty i\u00a0ciep\u0142e kurtki dla kobiet oraz bielizna. Centrum Wolontariatu w\u00a0Lublinie pomaga osobom bezdomnym i\u00a0ubogim, uchod\u017acom, osobom po konflikcie z\u00a0prawem, w\u00a0tym tak\u017ce dzieciom i\u00a0m\u0142odzie\u017cy. <a href=\"https:\/\/wolontariat.lublin.pl\/wesprzyj-nas\/\" rel=\"noopener noreferrer nofollow\" target=\"_blank\">Opr\u00f3cz zaanga\u017cowania si\u0119 w\u00a0dzia\u0142alno\u015b\u0107 wolontariack\u0105, mo\u017cna r\u00f3wnie\u017c wesprze\u0107 dzia\u0142alno\u015b\u0107 organizacji finansowo.<\/a><\/p>\n<p>     <img decoding=\"async\" src=\"https:\/\/www.europesays.com\/pl\/wp-content\/uploads\/2026\/01\/MmI5ZGNhYgwoVyx0YRNvGWsPeC4nSmFPPBdgZWELYl95BWo_f1l_W2ZTMysrGigdJhs9NTsYLBo5GyorYQk9BGZDa2gqAT4dJVQj.jpeg\" width=\"2000\" height=\"1126\" loading=\"lazy\" class=\"wp-media-image\" alt=\"Ogrzewalnia dla kobiet w Lublinie\" data-lightbox=\"true\"\/> Ogrzewalnia dla kobiet w Lublinie \u00a9 WP<\/p>\n<p>Niczego nie \u017ca\u0142uj\u0119 <\/p>\n<p>Krystyna przyznaje, \u017ce ma dwie doros\u0142e c\u00f3rki, kt\u00f3re wiedz\u0105, gdzie teraz jest, ale t\u0142umaczy je, \u017ce nie maj\u0105 mo\u017cliwo\u015bci wzi\u0105\u0107 matki do siebie. Kobieta \u017cyje z\u00a0dnia na dzie\u0144, bo jak m\u00f3wi, cierpi na wiele chor\u00f3b i\u00a0nie wie, jak to wszystko si\u0119 potoczy. Gdy by\u0142a u\u00a0lekarza w\u00a0sierpniu, to nie mia\u0142 dla niej dobrych wiadomo\u015bci.<\/p>\n<p>Pytam Krystyn\u0119, czy czego\u015b \u017ca\u0142uje w\u00a0swoim \u017cyciu.<\/p>\n<p>&#8211; Niczego nie \u017ca\u0142uj\u0119, co mam \u017ca\u0142owa\u0107? No mo\u017ce tego, \u017ce wysz\u0142am za m\u0105\u017c za takiego durnia. Mog\u0142am lepszego mie\u0107 &#8211;\u00a0\u015bmieje si\u0119.<\/p>\n<p>Pawe\u0142 Buczkowski, dziennikarz Wirtualnej Polski<\/p>\n<p>Napisz do autora: pawel.buczkowski@grupawp.pl<\/p>\n","protected":false},"excerpt":{"rendered":"Prawdziwe dziennikarstwo. Niezale\u017cna redakcja. ZA DARMO. Cia\u0142o 93-letniej babci odnalaz\u0142a w\u00a0pi\u0105tek 9\u00a0stycznia jej wnuczka. Starsza kobieta zamarz\u0142a w\u00a0swoim&hellip;\n","protected":false},"author":2,"featured_media":207794,"comment_status":"","ping_status":"","sticky":false,"template":"","format":"standard","meta":{"footnotes":""},"categories":[12],"tags":[32,33,36,37,27,34,35,28,31,25,42,38,40,39,41,29,30,26],"class_list":{"0":"post-207793","1":"post","2":"type-post","3":"status-publish","4":"format-standard","5":"has-post-thumbnail","7":"category-polska","8":"tag-breaking-news","9":"tag-breakingnews","10":"tag-featured-news","11":"tag-featurednews","12":"tag-headlines","13":"tag-latest-news","14":"tag-latestnews","15":"tag-naglowki","16":"tag-najwazniejsze-artykuly","17":"tag-news","18":"tag-pl","19":"tag-poland","20":"tag-polish","21":"tag-polska","22":"tag-polski","23":"tag-top-stories","24":"tag-topstories","25":"tag-wiadomosci"},"share_on_mastodon":{"url":"https:\/\/pubeurope.com\/@pl\/115902940757753708","error":""},"_links":{"self":[{"href":"https:\/\/www.europesays.com\/pl\/wp-json\/wp\/v2\/posts\/207793","targetHints":{"allow":["GET"]}}],"collection":[{"href":"https:\/\/www.europesays.com\/pl\/wp-json\/wp\/v2\/posts"}],"about":[{"href":"https:\/\/www.europesays.com\/pl\/wp-json\/wp\/v2\/types\/post"}],"author":[{"embeddable":true,"href":"https:\/\/www.europesays.com\/pl\/wp-json\/wp\/v2\/users\/2"}],"replies":[{"embeddable":true,"href":"https:\/\/www.europesays.com\/pl\/wp-json\/wp\/v2\/comments?post=207793"}],"version-history":[{"count":0,"href":"https:\/\/www.europesays.com\/pl\/wp-json\/wp\/v2\/posts\/207793\/revisions"}],"wp:featuredmedia":[{"embeddable":true,"href":"https:\/\/www.europesays.com\/pl\/wp-json\/wp\/v2\/media\/207794"}],"wp:attachment":[{"href":"https:\/\/www.europesays.com\/pl\/wp-json\/wp\/v2\/media?parent=207793"}],"wp:term":[{"taxonomy":"category","embeddable":true,"href":"https:\/\/www.europesays.com\/pl\/wp-json\/wp\/v2\/categories?post=207793"},{"taxonomy":"post_tag","embeddable":true,"href":"https:\/\/www.europesays.com\/pl\/wp-json\/wp\/v2\/tags?post=207793"}],"curies":[{"name":"wp","href":"https:\/\/api.w.org\/{rel}","templated":true}]}}