{"id":207821,"date":"2026-01-16T05:22:10","date_gmt":"2026-01-16T05:22:10","guid":{"rendered":"https:\/\/www.europesays.com\/pl\/207821\/"},"modified":"2026-01-16T05:22:10","modified_gmt":"2026-01-16T05:22:10","slug":"karol-nawrocki-krytykuje-unie-europejska-gasnaca-gwiazda","status":"publish","type":"post","link":"https:\/\/www.europesays.com\/pl\/207821\/","title":{"rendered":"Karol Nawrocki krytykuje Uni\u0119 Europejsk\u0105. &#8222;Gasn\u0105ca gwiazda&#8221;"},"content":{"rendered":"<ul class=\"typography ids-typeset-text ids-typeset-text--preset-large list ids-list ids-list--unordered ids-list--size-large \" datatype=\"disc\">\n<li class=\"ids-list-item\">\n<p>Karol Nawrocki skrytykowa\u0142 polityk\u0119 Unii Europejskiej, zaznaczaj\u0105c jednocze\u015bnie, \u017ce chce silnej Polski we wsp\u00f3lnocie.<\/p>\n<\/li>\n<li class=\"ids-list-item\">\n<p>Prezydent podkre\u015bli\u0142 zagro\u017cenie rosyjskim imperializmem oraz konieczno\u015b\u0107 wzmacniania bezpiecze\u0144stwa regionu.<\/p>\n<\/li>\n<li class=\"ids-list-item\">\n<p>Prezydent poruszy\u0142 r\u00f3wnie\u017c temat reparacji wojennych od Niemiec.<\/p>\n<\/li>\n<li class=\"ids-list-item\">Wi\u0119cej wa\u017cnych informacji znajdziesz na <a class=\"ids-undecorated-link link ids-link link\" href=\"https:\/\/www.interia.pl\/#utm_source=wydarzenia&amp;utm_medium=bullet&amp;utm_campaign=powrot_z_wew&amp;iwa_source=bullet\" target=\"_blank\" rel=\"nofollow noopener\">stronie g\u0142\u00f3wnej Interii<\/a><\/li>\n<\/ul>\n<p class=\"typography ids-typeset-body ids-typeset-body--preset-large link paragraph ids-paragraph ids-paragraph--default\">W przem\u00f3wieniu na noworocznym spotkaniu z Korpusem Dyplomatycznym <a href=\"https:\/\/wydarzenia.interia.pl\/tematy-karol-nawrocki,gsbi,5330\" rel=\"nofollow noopener\" target=\"_blank\">Karol Nawrocki<\/a> m\u00f3wi\u0142 m.in. o Unii Europejskiej, kt\u00f3r\u0105 por\u00f3wna\u0142 do gasn\u0105cej gwiazdy. Podkre\u015bli\u0142 jednak, \u017ce chcia\u0142by, aby unikn\u0119\u0142a ona tego scenariusza. Skrytykowa\u0142 m.in. umow\u0119 z pa\u0144stwami Mercosur, Zielony \u0141ad, tendencje centralistyczne czy polityk\u0119 migracyjn\u0105.<\/p>\n<p class=\"typography ids-typeset-body ids-typeset-body--preset-large link paragraph ids-paragraph ids-paragraph--default\">&#8211; Uwa\u017cam, \u017ce Polska powinna stan\u0105\u0107 na czele obozu reformy <a href=\"https:\/\/wydarzenia.interia.pl\/tematy-unia-europejska,gsbi,46\" rel=\"nofollow noopener\" target=\"_blank\">Unii Europejskiej<\/a>, otwartego na wszystkie pa\u0144stwa, kt\u00f3re nie zgadzaj\u0105 si\u0119 na kontynuacj\u0119 dotychczasowych polityk, a jednocze\u015bnie nie chc\u0105 by\u0107 zaliczone do grona przeciwnik\u00f3w samej idei Zjednoczonej Europy &#8211; powiedzia\u0142 prezydent Nawrocki.<\/p>\n<p class=\"typography ids-typeset-body ids-typeset-body--preset-large link paragraph ids-paragraph ids-paragraph--default\">Jak zaznaczy\u0142, zale\u017cy mu na &#8222;integracji europejskiej, ale opartej o zdrowe zasady&#8221;, a tak\u017ce, \u017ce chce &#8222;silnej <a href=\"https:\/\/wydarzenia.interia.pl\/tematy-polska,gsbi,2628\" rel=\"nofollow noopener\" target=\"_blank\">Polski<\/a> w zdrowej UE&#8221;. &#8211; B\u0119d\u0119 zach\u0119ca\u0142 do takiego podej\u015bcia rz\u0105d Rzeczypospolitej Polskiej z panem premierem, z panem wicepremierem i ze wszystkimi ministrami &#8211; m\u00f3wi\u0142 prezydent.<\/p>\n<p>Karol Nawrocki o rosyjskim imperializmie: Element to\u017csamo\u015bci narodowej Rosji<\/p>\n<p class=\"typography ids-typeset-body ids-typeset-body--preset-large link paragraph ids-paragraph ids-paragraph--default\">Innym tematem przem\u00f3wienia prezydenta by\u0142 rosyjski imperializm. Nawrocki podkre\u015bli\u0142, \u017ce mowa tu o &#8222;trwa\u0142ym mechanizmie pa\u0144stwowym g\u0142\u0119boko zakorzenionym w historii, geografii i kulturze politycznej tego kraju&#8221;.<\/p>\n<p class=\"typography ids-typeset-body ids-typeset-body--preset-large link paragraph ids-paragraph ids-paragraph--default\">Prezydent wskaza\u0142, \u017ce jednym z cel\u00f3w <a href=\"https:\/\/wydarzenia.interia.pl\/tematy-rosja,gsbi,3125\" rel=\"nofollow noopener\" target=\"_blank\">Rosji<\/a>, &#8222;poza prze\u015bladowaniem w\u0142asnych obywateli, jest ekspansja terytorialna, masowe mordy i ataki na cele cywilne, w tym na szpitale i na szko\u0142y&#8221;.<\/p>\n<p class=\"typography ids-typeset-body ids-typeset-body--preset-large link paragraph ids-paragraph ids-paragraph--default\">&#8211; Takim pa\u0144stwem jest w\u0142a\u015bnie Rosja, kt\u00f3rej przyk\u0142ady imperialnej polityki mo\u017cemy obserwowa\u0107 od wiek\u00f3w i mo\u017cemy obserwowa\u0107 ka\u017cdego dnia. Polska, kt\u00f3ra graniczy z Rosj\u0105 od stuleci, jak ma\u0142o kto jest \u015bwiadoma zagro\u017cenia p\u0142yn\u0105cego ze strony <a href=\"https:\/\/wydarzenia.interia.pl\/tematy-moskwa,gsbi,4412\" rel=\"nofollow noopener\" target=\"_blank\">Moskwy<\/a> &#8211; podkre\u015bli\u0142.<\/p>\n<p class=\"typography ids-typeset-body ids-typeset-body--preset-large link paragraph ids-paragraph ids-paragraph--default\">Prezydent stwierdzi\u0142 r\u00f3wnie\u017c, \u017ce &#8222;imperializm jest elementem rosyjskiej to\u017csamo\u015bci pa\u0144stwowej&#8221; i &#8222;s\u0142u\u017cy legitymizacji w\u0142adzy, kt\u00f3ra nie mo\u017ce pochwali\u0107 si\u0119 sukcesami modernizacyjnymi, czy atrakcyjnym modelem rozwojowym&#8221;.<\/p>\n<p class=\"typography ids-typeset-body ids-typeset-body--preset-large link paragraph ids-paragraph ids-paragraph--default\">&#8211; Rosyjski imperializm nie jest zatem \u017cadn\u0105 anomali\u0105, ani wy\u0142\u0105cznie tym, co nazywamy putinizmem. Niestety, musimy sobie zdawa\u0107 z tego na ca\u0142ym \u015bwiecie spraw\u0119, \u017ce ten imperializm nie zniknie wraz z obecnym gospodarzem na <a href=\"https:\/\/wydarzenia.interia.pl\/tematy-kreml,gsbi,4409\" rel=\"nofollow noopener\" target=\"_blank\">Kremlu<\/a> &#8211; podkre\u015bli\u0142 Nawrocki.<\/p>\n<p>Cztery lata od pocz\u0105tku wojny w Ukrainie. &#8222;B\u0119d\u0119 mobilizowa\u0107&#8221;<\/p>\n<p class=\"typography ids-typeset-body ids-typeset-body--preset-large link paragraph ids-paragraph ids-paragraph--default\">&#8211; W przysz\u0142ym miesi\u0105cu up\u0142yn\u0105 cztery lata od momentu pe\u0142noskalowego ataku Rosji na <a href=\"https:\/\/wydarzenia.interia.pl\/tematy-ukraina,gsbi,3144\" rel=\"nofollow noopener\" target=\"_blank\">Ukrain\u0119<\/a>. Nasze do\u015bwiadczenia historyczne potwierdzaj\u0105 prawd\u0119, \u017ce niewa\u017cne (&#8230;) czy Rosja jest carska, czy jest bia\u0142a, czy czerwona, jej celem jest zawsze ch\u0119\u0107 podboju. (&#8230;) Dlatego wspiera\u0142em i nadal b\u0119d\u0119 wspiera\u0142 wysi\u0142ki, kt\u00f3re mog\u0105 doprowadzi\u0107 do wypracowania trwa\u0142ego i sprawiedliwego pokoju oraz zapewni\u0105 Europie bezpiecze\u0144stwo &#8211; podkre\u015bli\u0142 Nawrocki.<\/p>\n<p class=\"typography ids-typeset-body ids-typeset-body--preset-large link paragraph ids-paragraph ids-paragraph--default\">Prezydent powiedzia\u0142, \u017ce Rosja nie porzuci dalszej ekspansji, gdy zostanie podpisane z ni\u0105 porozumienie ko\u0144cz\u0105ce agresj\u0119 na Ukrainie. Doda\u0142, \u017ce tylko &#8222;zwi\u0119kszenie zdolno\u015bci obronnych wszystkich sojusznik\u00f3w i nasza jedno\u015b\u0107 mog\u0105 powstrzyma\u0107 i odstraszy\u0107 Rosj\u0119&#8221;.<\/p>\n<p class=\"typography ids-typeset-body ids-typeset-body--preset-large link paragraph ids-paragraph ids-paragraph--default\">Prezydent zaznaczy\u0142, \u017ce r\u00f3wnie\u017c Polsk\u0119 dotkn\u0119\u0142a rosyjska agresja, w postaci atak\u00f3w cybernetycznych, wtargni\u0119\u0107 dron\u00f3w, sztucznej presji migracyjnej czy dezinformacji. W zwi\u0105zku z tym &#8211; jak podkre\u015bli\u0142 &#8211; rozbudowujemy w Polsce w\u0142asne si\u0142y zbrojne i ich zdolno\u015bci do obrony, a &#8222;chroni\u0105c Polsk\u0119, chronimy tak\u017ce <a href=\"https:\/\/wydarzenia.interia.pl\/tematy-europa,gsbi,4992\" rel=\"nofollow noopener\" target=\"_blank\">Europ\u0119<\/a> i wywi\u0105zujemy si\u0119 ze wszystkich sojuszniczych zobowi\u0105za\u0144&#8221;.<\/p>\n<p class=\"typography ids-typeset-body ids-typeset-body--preset-large link paragraph ids-paragraph ids-paragraph--default\">&#8211; B\u0119d\u0119 mobilizowa\u0107 pa\u0144stwa regionu, a tak\u017ce naszych dalej po\u0142o\u017conych sojusznik\u00f3w do wsp\u00f3lnych decyzji, kt\u00f3re skutecznie odstrasz\u0105 i zniech\u0119c\u0105 Rosj\u0119 do kontynuowania agresywnej, neoimperialnej polityki. Stawk\u0105 jest pok\u00f3j w Europie i bezpieczny rozw\u00f3j naszych pa\u0144stw &#8211; podkre\u015bli\u0142.<\/p>\n<p class=\"typography ids-typeset-body ids-typeset-body--preset-large link paragraph ids-paragraph ids-paragraph--default\">Nawrocki podkre\u015bli\u0142, \u017ce nadal b\u0119dzie wspiera\u0142 dzia\u0142ania zmierzaj\u0105ce do\u00a0modernizacji polskiej armii, oraz \u017ce wa\u017cne jest, by Polska korzysta\u0142a przy tym z mocy produkcyjnych w\u0142asnego przemys\u0142u zbrojeniowego, &#8222;ale tak\u017ce kontynuowa\u0142a zakupy najnowocze\u015bniejszego sprz\u0119tu od naszych sprawdzonych sojusznik\u00f3w&#8221;. &#8211; W tym przede wszystkim Stan\u00f3w Zjednoczonych Ameryki i Republiki <a href=\"https:\/\/wydarzenia.interia.pl\/tematy-korea-poludniowa,gsbi,4316\" rel=\"nofollow noopener\" target=\"_blank\">Korei Po\u0142udniowej<\/a> &#8211; doda\u0142.<\/p>\n<p>Reparacje wojenne od Niemiec. &#8222;Wyci\u0105gam r\u0119k\u0119 do wsp\u00f3\u0142pracy&#8221;<\/p>\n<p class=\"typography ids-typeset-body ids-typeset-body--preset-large link paragraph ids-paragraph ids-paragraph--default\">Prezydent nawi\u0105za\u0142 r\u00f3wnie\u017c do kwestii reparacji wojennych. Wyrazi\u0142 nadziej\u0119, \u017ce &#8222;uda si\u0119 znale\u017a\u0107 rozwi\u0105zanie dla niezamkni\u0119tych spraw dotycz\u0105cych przesz\u0142o\u015bci&#8221;.<\/p>\n<p class=\"typography ids-typeset-body ids-typeset-body--preset-large link paragraph ids-paragraph ids-paragraph--default\">&#8211; Poza odpowiedzialno\u015bci\u0105 prawn\u0105 jest jeszcze odpowiedzialno\u015b\u0107 moralna, polityczna i finansowa, kt\u00f3re nie ulegaj\u0105 przedawnieniu. Ponad 80 lat od zako\u0144czenia II wojny \u015bwiatowej niemiecki d\u0142ug reparacyjny nie zosta\u0142 Polsce sp\u0142acony. Wyci\u0105gam r\u0119k\u0119 do wsp\u00f3\u0142pracy, licz\u0105c na odwzajemnienie tego podej\u015bcia &#8211; powiedzia\u0142.<\/p>\n<p class=\"typography ids-typeset-body ids-typeset-body--preset-large link paragraph ids-paragraph ids-paragraph--default\">Prezydent przypomnia\u0142, \u017ce podczas ubieg\u0142orocznej wizyty w <a href=\"https:\/\/wydarzenia.interia.pl\/tematy-berlin,gsbi,5439\" rel=\"nofollow noopener\" target=\"_blank\">Berlinie<\/a> przedstawia\u0142 konkretne propozycje w sprawie reparacji. &#8211; Rosn\u0105ce wydatki obronne <a href=\"https:\/\/wydarzenia.interia.pl\/tematy-niemcy,gsbi,2629\" rel=\"nofollow noopener\" target=\"_blank\">Niemiec<\/a> mog\u0142yby zosta\u0107 wykorzystane na zakup najnowocze\u015bniejszego sprz\u0119tu, w tym sprz\u0119tu ameryka\u0144skiego, kt\u00f3ry nast\u0119pnie zosta\u0142by przekazany Polsce. M\u00f3j kraj jako kluczowe pa\u0144stwo wschodniej flanki <a href=\"https:\/\/wydarzenia.interia.pl\/tematy-nato,gsbi,1028\" rel=\"nofollow noopener\" target=\"_blank\">NATO<\/a> stabilizuje bezpiecze\u0144stwo regionu, w tym tak\u017ce bezpiecze\u0144stwo Niemiec &#8211; powiedzia\u0142 Nawrocki.<\/p>\n<ul class=\"typography ids-typeset-text ids-typeset-text--preset-small list--article-list ids-list ids-list--unordered ids-list--size-small \" datatype=\"disc\">\n<li class=\"ids-list-item ids-list-item__content brief-list-item\"><a class=\"ids-undecorated-link link ids-link \" data-spons=\"false\" href=\"https:\/\/wydarzenia.interia.pl\/kraj\/news-rocznica-stanu-wojennego-w-polsce-nawrocki-mowil-o-zlu-w-czy,nId,22498259\" rel=\"nofollow noopener\" target=\"_blank\">Rocznica stanu wojennego w Polsce. Nawrocki m\u00f3wi\u0142 o &#8222;z\u0142u w czystej istocie&#8221;<\/a><\/li>\n<li class=\"ids-list-item ids-list-item__content brief-list-item\"><a class=\"ids-undecorated-link link ids-link \" data-spons=\"false\" href=\"https:\/\/wydarzenia.interia.pl\/kraj\/news-poczytuje-to-za-sukces-prezydent-o-niepodpisaniu-kluczowego,nId,22466418\" rel=\"nofollow noopener\" target=\"_blank\">&#8222;Poczytuj\u0119 to za sukces&#8221;. Prezydent o niepodpisaniu kluczowego dokumentu bezpiecze\u0144stwa<\/a><\/li>\n<\/ul>\n<p>Imperium Kontratakuje, czyli nowe ugrupowanie S\u0142awomira MentzenaPolsat News<\/p>\n<p><a class=\"ids-undecorated-link source ids-page-info--source__link\" href=\"https:\/\/p.iplsc.com\/-\/000L0SCEGA4O3ESS.pdf\" rel=\"nofollow noopener\" target=\"_blank\"><img decoding=\"async\" class=\"ids-image-holder__img\" loading=\"lazy\" alt=\"\" title=\"\" height=\"24px\" src=\"https:\/\/www.europesays.com\/pl\/wp-content\/uploads\/2026\/01\/1767424989_457_0009A6098CYXTC6T-C202-F4.webp.webp\"\/><\/a><\/p>\n<p>Masz sugestie, uwagi albo widzisz b\u0142\u0105d? Napisz do nas<\/p>\n","protected":false},"excerpt":{"rendered":"Karol Nawrocki skrytykowa\u0142 polityk\u0119 Unii Europejskiej, zaznaczaj\u0105c jednocze\u015bnie, \u017ce chce silnej Polski we wsp\u00f3lnocie. Prezydent podkre\u015bli\u0142 zagro\u017cenie rosyjskim&hellip;\n","protected":false},"author":2,"featured_media":207822,"comment_status":"","ping_status":"","sticky":false,"template":"","format":"standard","meta":{"footnotes":""},"categories":[12],"tags":[32,33,36,37,27,34,35,28,31,25,42,38,40,39,41,29,30,26],"class_list":{"0":"post-207821","1":"post","2":"type-post","3":"status-publish","4":"format-standard","5":"has-post-thumbnail","7":"category-polska","8":"tag-breaking-news","9":"tag-breakingnews","10":"tag-featured-news","11":"tag-featurednews","12":"tag-headlines","13":"tag-latest-news","14":"tag-latestnews","15":"tag-naglowki","16":"tag-najwazniejsze-artykuly","17":"tag-news","18":"tag-pl","19":"tag-poland","20":"tag-polish","21":"tag-polska","22":"tag-polski","23":"tag-top-stories","24":"tag-topstories","25":"tag-wiadomosci"},"share_on_mastodon":{"url":"https:\/\/pubeurope.com\/@pl\/115903105828835528","error":""},"_links":{"self":[{"href":"https:\/\/www.europesays.com\/pl\/wp-json\/wp\/v2\/posts\/207821","targetHints":{"allow":["GET"]}}],"collection":[{"href":"https:\/\/www.europesays.com\/pl\/wp-json\/wp\/v2\/posts"}],"about":[{"href":"https:\/\/www.europesays.com\/pl\/wp-json\/wp\/v2\/types\/post"}],"author":[{"embeddable":true,"href":"https:\/\/www.europesays.com\/pl\/wp-json\/wp\/v2\/users\/2"}],"replies":[{"embeddable":true,"href":"https:\/\/www.europesays.com\/pl\/wp-json\/wp\/v2\/comments?post=207821"}],"version-history":[{"count":0,"href":"https:\/\/www.europesays.com\/pl\/wp-json\/wp\/v2\/posts\/207821\/revisions"}],"wp:featuredmedia":[{"embeddable":true,"href":"https:\/\/www.europesays.com\/pl\/wp-json\/wp\/v2\/media\/207822"}],"wp:attachment":[{"href":"https:\/\/www.europesays.com\/pl\/wp-json\/wp\/v2\/media?parent=207821"}],"wp:term":[{"taxonomy":"category","embeddable":true,"href":"https:\/\/www.europesays.com\/pl\/wp-json\/wp\/v2\/categories?post=207821"},{"taxonomy":"post_tag","embeddable":true,"href":"https:\/\/www.europesays.com\/pl\/wp-json\/wp\/v2\/tags?post=207821"}],"curies":[{"name":"wp","href":"https:\/\/api.w.org\/{rel}","templated":true}]}}