{"id":207867,"date":"2026-01-16T05:57:07","date_gmt":"2026-01-16T05:57:07","guid":{"rendered":"https:\/\/www.europesays.com\/pl\/207867\/"},"modified":"2026-01-16T05:57:07","modified_gmt":"2026-01-16T05:57:07","slug":"zawisza-kontra-pawliczak-awantura-w-studiu-pani-mi-grozi","status":"publish","type":"post","link":"https:\/\/www.europesays.com\/pl\/207867\/","title":{"rendered":"Zawisza kontra Pawliczak. Awantura w studiu. &#8222;Pani mi grozi&#8221;"},"content":{"rendered":"\n<p>&#13;<br \/>\nGo\u015b\u0107mi czwartkowego wydania &#8222;Debaty Gozdyry&#8221; w\u00a0Polsat News byli: Marcelina Zawisza (partia Razem), Karolina Pawliczak (Koalicja Obywatelska), Krzysztof Cieci\u00f3ra (Prawo i\u00a0Sprawiedliwo\u015b\u0107) oraz\u00a0Krystian Kami\u0144ski (Konfederacja). Politycy dyskutowali o\u00a0decyzji S\u0105du Rejonowego dla\u00a0Warszawy-Mokotowa, kt\u00f3ry odroczy\u0142 na\u00a05 lutego posiedzenie aresztowe Zbigniewa Ziobry. &#13;\n<\/p>\n<p>&#13;<br \/>\n\u2013 Przeci\u0119tny obywatel, jak ma\u00a0odraczan\u0105 rozpraw\u0119, to\u00a0nie o\u00a02-3 tygodnie, tylko kilka miesi\u0119cy, nawet p\u00f3\u0142 roku, poniewa\u017c dany s\u0119dzia mia\u0142 by\u0107 wy\u0142\u0105czony. Ludzie czekaj\u0105 latami na\u00a0wyrok pierwszej, a\u00a0p\u00f3\u017aniej drugiej instancji. Polski system sprawiedliwo\u015bci dzia\u0142a naprawd\u0119 \u017ale. Znowu rozmawiamy na\u00a0temat tego, \u017ce\u00a0pan prokurator nie\u00a0dostarczy\u0142 akt, a\u00a0pani s\u0119dzia wypowiada\u0142a si\u0119 w\u00a0sprawach politycznych. Dobrze by\u00a0by\u0142o, gdyby Polska jednak stosowa\u0142a si\u0119 do\u00a0zasad, kt\u00f3re sama ustali\u0142a. Dlaczego minister \u017burek bez ustawy nie\u00a0realizuje losowa\u0144 s\u0119dzi\u00f3w? Jest poddane w\u00a0w\u0105tpliwo\u015b\u0107, czy\u00a0s\u0119dziowie nie\u00a0b\u0119d\u0105 wybierani &#8222;z\u00a0palca&#8221;. To\u00a0jest chaos i\u00a0idiotyzm. Zamiast zaj\u0105\u0107 si\u0119 rozliczeniem, przeci\u0105gamy te\u00a0sprawy \u2013\u00a0skomentowa\u0142a pose\u0142 Zawisza. &#13;\n<\/p>\n<p>Zawisza do\u00a0Pawliczak: Pani mi grozi<\/p>\n<p>&#13;<br \/>\n\u2013 Pani jest po\u00a0stronie PiS-u, czy\u00a0po\u00a0stronie demokratycznej? \u2013\u00a0zapyta\u0142a Karolina Pawliczak. \u2013\u00a0Po\u00a0stronie obywateli. (&#8230;) Dla\u00a0pani istnieje tylko PiS i\u00a0Platforma. A\u00a0obywatele to\u00a0naprawd\u0119 ju\u017c guzik pa\u0144stwa obchodz\u0105 \u2013\u00a0odpar\u0142a Marcelina Zawisza. &#13;\n<\/p>\n<p>&#13;<br \/>\n\u2013 Niech pani nie\u00a0opowiada g\u0142upot. Wygra\u0142a pani wybory tylko dlatego, \u017ce\u00a0by\u0142a pani pos\u0142ank\u0105 strony demokratycznej. I\u00a0oszuka\u0142a pani wyborc\u00f3w, bo\u00a0startowa\u0142a pani z\u00a0list partii, kt\u00f3ra obiecywa\u0142a, \u017ce\u00a0nie b\u0119dzie popiera\u0142a PiS. (&#8230;) Mog\u0142a pani za\u0142o\u017cy\u0107 w\u0142asny komitet wyborczy \u2013\u00a0m\u00f3wi\u0142a polityk KO. \u2013\u00a0Nie\u00a0popieram PiS-u. Teraz rz\u0105dzi Koalicja Obywatelska \u2013\u00a0podkre\u015bla\u0142a pose\u0142 partii Razem. &#13;\n<\/p>\n<p>&#13;<br \/>\n\u2013 Czy\u00a0sp\u0142aci\u0142a ju\u017c pani 200 tysi\u0119cy, kt\u00f3re zabrali\u015bcie z\u00a0partyjnej kasy? \u2013\u00a0pyta\u0142a Pawliczak. \u2013\u00a0Zarz\u0105d partii Razem wzi\u0105\u0142 200 tysi\u0119cy z\u0142otych z\u00a0partyjnej kasy, \u017ceby je\u00a0wytransferowa\u0107&#8230; Na\u00a0cele spo\u0142eczne? Prosz\u0119, ciekawe co\u00a0prokuratura na\u00a0to\u00a0\u2013 stwierdzi\u0142a Pawliczak. &#13;\n<\/p>\n<p>&#13;<br \/>\n\u2013 Czy\u00a0pani mi grozi? Pani mi grozi. Pani mi grozi, bo\u00a0nie latam na\u00a0pasku Tuska \u2013\u00a0zareagowa\u0142a Zawisza. Chodzi o\u00a0doniesienia, wed\u0142ug kt\u00f3rych w\u00a02019\u00a0r. cz\u0142onkowie zarz\u0105du Razem <a href=\"https:\/\/dorzeczy.pl\/kraj\/145666\/gigantyczne-zarobki-w-partii-razem-w-pare-miesiecy-200-tysiecy-zlotych.html\" rel=\"nofollow noopener\" target=\"_blank\">pobrali z\u00a0partyjnej kasy<\/a> po\u00a0200 tys. z\u0142. Ugrupowanie t\u0142umaczy\u0142o, \u017ce\u00a0pieni\u0105dze zosta\u0142y przekazane na\u00a0komitet wyborczy Lewicy. &#13;\n<\/p>\n<p>&#13;<br \/>\nKarolina Pawliczak uzyska\u0142a w\u00a02019\u00a0r. mandal poselski, startuj\u0105c z\u00a0list Sojuszu Lewicy Demokratycznej. W\u00a0czerwcu 2023\u00a0r. zrezygnowa\u0142a z\u00a0cz\u0142onkostwa w\u00a0Nowej Lewicy (powsta\u0142ej z\u00a0przekszta\u0142cenia SLD). W\u00a0sierpniu 2023\u00a0r., dwa miesi\u0105ce przed kolejnymi wyborami, do\u0142\u0105czy\u0142a do\u00a0klubu parlamentarnego Koalicji Obywatelskiej. Z\u00a0ramienia KO z\u00a0powodzeniem ubiega\u0142a si\u0119 o\u00a0poselsk\u0105 reelekcj\u0119. &#13;\n<\/p>\n<p>&#13;<br \/>\nCzytaj te\u017c:<br \/><a href=\"https:\/\/dorzeczy.pl\/opinie\/832625\/czarzasty-pytany-o-czerwone-linie-lewicy-giertych-w-rzadzie.html\" rel=\"follow nofollow noopener\" data-schema=\"DORZECZY\" data-image=\"https:\/\/img.dorzeczy.pl\/_thumb\/1f\/0b\/0ca902fxx8d9e8e65f58d23a6574.jpeg\" target=\"_blank\">Czarzasty wyznacza czerwone linie. &#8222;Giertych w\u00a0rz\u0105dzie&#8221;<\/a>Czytaj te\u017c:<br \/><a href=\"https:\/\/dorzeczy.pl\/opinie\/832580\/czarzasty-wprost-niewiele-mnie-laczy-z-donaldem-tuskiem.html\" rel=\"follow nofollow noopener\" data-schema=\"DORZECZY\" data-image=\"https:\/\/img.dorzeczy.pl\/_thumb\/ab\/e6\/35810edd10c3bd8a315f08537d75.jpeg\" target=\"_blank\">Czarzasty: Niewiele mnie \u0142\u0105czy z\u00a0Tuskiem<\/a>&#13;<\/p>\n","protected":false},"excerpt":{"rendered":"&#13; Go\u015b\u0107mi czwartkowego wydania &#8222;Debaty Gozdyry&#8221; w\u00a0Polsat News byli: Marcelina Zawisza (partia Razem), Karolina Pawliczak (Koalicja Obywatelska), Krzysztof&hellip;\n","protected":false},"author":2,"featured_media":207868,"comment_status":"","ping_status":"","sticky":false,"template":"","format":"standard","meta":{"footnotes":""},"categories":[12],"tags":[39795,32,33,662,98,36,37,27,49,34,35,4463,28,31,25,103,9814,39794,42,38,40,39,41,29,30,26,12094],"class_list":{"0":"post-207867","1":"post","2":"type-post","3":"status-publish","4":"format-standard","5":"has-post-thumbnail","7":"category-polska","8":"tag-awantura-w-studiu","9":"tag-breaking-news","10":"tag-breakingnews","11":"tag-dawid-sienkowski","12":"tag-dorzeczy","13":"tag-featured-news","14":"tag-featurednews","15":"tag-headlines","16":"tag-kraj","17":"tag-latest-news","18":"tag-latestnews","19":"tag-lewica","20":"tag-naglowki","21":"tag-najwazniejsze-artykuly","22":"tag-news","23":"tag-obserwator-mediow","24":"tag-partia-razem","25":"tag-pawliczak","26":"tag-pl","27":"tag-poland","28":"tag-polish","29":"tag-polska","30":"tag-polski","31":"tag-top-stories","32":"tag-topstories","33":"tag-wiadomosci","34":"tag-zawisza"},"share_on_mastodon":{"url":"https:\/\/pubeurope.com\/@pl\/115903243428025206","error":""},"_links":{"self":[{"href":"https:\/\/www.europesays.com\/pl\/wp-json\/wp\/v2\/posts\/207867","targetHints":{"allow":["GET"]}}],"collection":[{"href":"https:\/\/www.europesays.com\/pl\/wp-json\/wp\/v2\/posts"}],"about":[{"href":"https:\/\/www.europesays.com\/pl\/wp-json\/wp\/v2\/types\/post"}],"author":[{"embeddable":true,"href":"https:\/\/www.europesays.com\/pl\/wp-json\/wp\/v2\/users\/2"}],"replies":[{"embeddable":true,"href":"https:\/\/www.europesays.com\/pl\/wp-json\/wp\/v2\/comments?post=207867"}],"version-history":[{"count":0,"href":"https:\/\/www.europesays.com\/pl\/wp-json\/wp\/v2\/posts\/207867\/revisions"}],"wp:featuredmedia":[{"embeddable":true,"href":"https:\/\/www.europesays.com\/pl\/wp-json\/wp\/v2\/media\/207868"}],"wp:attachment":[{"href":"https:\/\/www.europesays.com\/pl\/wp-json\/wp\/v2\/media?parent=207867"}],"wp:term":[{"taxonomy":"category","embeddable":true,"href":"https:\/\/www.europesays.com\/pl\/wp-json\/wp\/v2\/categories?post=207867"},{"taxonomy":"post_tag","embeddable":true,"href":"https:\/\/www.europesays.com\/pl\/wp-json\/wp\/v2\/tags?post=207867"}],"curies":[{"name":"wp","href":"https:\/\/api.w.org\/{rel}","templated":true}]}}