{"id":207890,"date":"2026-01-16T06:12:15","date_gmt":"2026-01-16T06:12:15","guid":{"rendered":"https:\/\/www.europesays.com\/pl\/207890\/"},"modified":"2026-01-16T06:12:15","modified_gmt":"2026-01-16T06:12:15","slug":"posiedzenie-aresztowe-ws-zbigniewa-ziobry-nieoczekiwana-decyzja-sadu","status":"publish","type":"post","link":"https:\/\/www.europesays.com\/pl\/207890\/","title":{"rendered":"Posiedzenie aresztowe ws. Zbigniewa Ziobry. Nieoczekiwana decyzja s\u0105du"},"content":{"rendered":"<ul class=\"list-summary__items summary\">\n<li>Dlaczego posiedzenie ws. aresztu Zbigniewa Ziobry zosta\u0142o odroczone.<\/li>\n<li>Jakie argumenty zawarto we wniosku o odroczenie posiedzenia.<\/li>\n<li>Jakie zarzuty zosta\u0142y postawione Zbigniewowi Ziobrze przez prokuratur\u0119.<\/li>\n<\/ul>\n<p>    <a name=\"eztoc36608126_0_5\" id=\"eztoc36608126_0_5\"\/>Wniosek o areszt dla Zbigniewa Ziobry. Posiedzenie odroczone<\/p>\n<p>&#8211; Wniosek o odroczenie opiera\u0142 si\u0119 na do\u015b\u0107 obszernej argumentacji dotycz\u0105cej dotychczasowego przebiegu post\u0119powania oraz dotyczy\u0142 przynale\u017cno\u015bci pani s\u0119dzi do stowarzyszenia &#8222;Iustitia&#8221; &#8211; przekaza\u0142 mecenas Bartosz Lewandowski. Mia\u0142 on r\u00f3wnie\u017c dotyczy\u0107\u00a0&#8222;jednoznacznie deklarowanego przez pani\u0105 s\u0119dzi\u0119 stanowiska w kwestii kierunk\u00f3w politycznych&#8221;<br \/>\n<a href=\"https:\/\/wiadomosci.radiozet.pl\/tag\/kategoria\/zbigniew-ziobro\" target=\"_self\" rel=\"dofollow noopener\">Zbigniewa Ziobry<\/a>.\u00a0<\/p>\n<p>Czwartkowe posiedzenie s\u0105du ws. aresztu dla by\u0142ego ministra sprawiedliwo\u015bci, obecnie pos\u0142a PiS, jest kontynuacj\u0105 tego z 22 grudnia ub.r. Tamto zosta\u0142o odroczone z powodu niedo\u0142\u0105czenia materia\u0142\u00f3w niejawnych do wniosku prokuratury. Prokurator Piotr Wo\u017aniak, kieruj\u0105cy \u015bledztwem w sprawie Funduszu Sprawiedliwo\u015bci, w kt\u00f3rym\u00a0Ziobro\u00a0jest podejrzanym, potwierdzi\u0142 jeszcze przed posiedzeniem, \u017ce s\u0105d dysponuje ju\u017c wszystkimi dokumentami.<\/p>\n<p>\t\t\t\t                                    \t<a name=\"eztoc36608126_0_6\" id=\"eztoc36608126_0_6\"\/>Ziobro otrzyma\u0142 azyl na W\u0119grzech\u00a0<\/p>\n<p>W poniedzia\u0142ek mec. Lewandowski poinformowa\u0142, \u017ce Ziobro &#8222;uzyska\u0142 ochron\u0119 mi\u0119dzynarodow\u0105 i<br \/>\n<a href=\"https:\/\/wiadomosci.radiozet.pl\/tag\/kategoria\/wegry\" target=\"_self\" rel=\"dofollow noopener\">azyl polityczny na W\u0119grzech<\/a> w zwi\u0105zku z naruszeniami praw i wolno\u015bci na terytorium Polski gwarantowanych prawem mi\u0119dzynarodowym&#8221;. Tego samego dnia przekaza\u0142 r\u00f3wnie\u017c, \u017ce pose\u0142 PiS otrzyma dokument podr\u00f3\u017cy przewidziany w Konwencji Genewskiej, kt\u00f3ry umo\u017cliwi mu przemieszczanie si\u0119.<\/p>\n<p>Prokuratura zarzuca by\u0142emu ministrowi sprawiedliwo\u015bci, \u017ce kierowa\u0142 zorganizowan\u0105 grup\u0105 przest\u0119pcz\u0105, a tak\u017ce wykorzystywa\u0142 swoje stanowisko do dzia\u0142a\u0144 o charakterze przest\u0119pczym.\u00a0Ziobro\u00a0mia\u0142 pope\u0142ni\u0107 26 przest\u0119pstw, w tym m.in. wydawa\u0107 swoim podw\u0142adnym polecenia \u0142amania prawa, by zapewni\u0107 wybranym podmiotom dotacje z Funduszu Sprawiedliwo\u015bci, ingerowa\u0107 w przygotowanie ofert konkursowych i dopuszcza\u0107 do przyznawania \u015brodk\u00f3w nieuprawnionym podmiotom.\u00a0<\/p>\n<p>\u0179r\u00f3d\u0142o: Radio ZET\/PAP<\/p>\n<p>By\u0142e\u015b \u015bwiadkiem czego\u015b niespodziewanego? Masz temat, kt\u00f3rym powinni\u015bmy si\u0119 zaj\u0105\u0107?<\/p>\n<p>Zg\u0142o\u015b spraw\u0119 przez <a href=\"https:\/\/wiadomosci.radiozet.pl\/czerwony-telefon\" target=\"_blank\" title=\"Czerwony telefon Radia Zet\" rel=\"nofollow noopener\">Czerwony telefon Radia ZET<\/a><\/p>\n","protected":false},"excerpt":{"rendered":"Dlaczego posiedzenie ws. aresztu Zbigniewa Ziobry zosta\u0142o odroczone. Jakie argumenty zawarto we wniosku o odroczenie posiedzenia. Jakie zarzuty&hellip;\n","protected":false},"author":2,"featured_media":207891,"comment_status":"","ping_status":"","sticky":false,"template":"","format":"standard","meta":{"footnotes":""},"categories":[5],"tags":[2451,32,33,36,37,27,34,35,28,31,25,42,38,40,39,41,2225,29,30,26,7977],"class_list":{"0":"post-207890","1":"post","2":"type-post","3":"status-publish","4":"format-standard","5":"has-post-thumbnail","7":"category-naglowki","8":"tag-areszt","9":"tag-breaking-news","10":"tag-breakingnews","11":"tag-featured-news","12":"tag-featurednews","13":"tag-headlines","14":"tag-latest-news","15":"tag-latestnews","16":"tag-naglowki","17":"tag-najwazniejsze-artykuly","18":"tag-news","19":"tag-pl","20":"tag-poland","21":"tag-polish","22":"tag-polska","23":"tag-polski","24":"tag-sad","25":"tag-top-stories","26":"tag-topstories","27":"tag-wiadomosci","28":"tag-zbigniew-ziobro"},"share_on_mastodon":{"url":"https:\/\/pubeurope.com\/@pl\/115903302474638533","error":""},"_links":{"self":[{"href":"https:\/\/www.europesays.com\/pl\/wp-json\/wp\/v2\/posts\/207890","targetHints":{"allow":["GET"]}}],"collection":[{"href":"https:\/\/www.europesays.com\/pl\/wp-json\/wp\/v2\/posts"}],"about":[{"href":"https:\/\/www.europesays.com\/pl\/wp-json\/wp\/v2\/types\/post"}],"author":[{"embeddable":true,"href":"https:\/\/www.europesays.com\/pl\/wp-json\/wp\/v2\/users\/2"}],"replies":[{"embeddable":true,"href":"https:\/\/www.europesays.com\/pl\/wp-json\/wp\/v2\/comments?post=207890"}],"version-history":[{"count":0,"href":"https:\/\/www.europesays.com\/pl\/wp-json\/wp\/v2\/posts\/207890\/revisions"}],"wp:featuredmedia":[{"embeddable":true,"href":"https:\/\/www.europesays.com\/pl\/wp-json\/wp\/v2\/media\/207891"}],"wp:attachment":[{"href":"https:\/\/www.europesays.com\/pl\/wp-json\/wp\/v2\/media?parent=207890"}],"wp:term":[{"taxonomy":"category","embeddable":true,"href":"https:\/\/www.europesays.com\/pl\/wp-json\/wp\/v2\/categories?post=207890"},{"taxonomy":"post_tag","embeddable":true,"href":"https:\/\/www.europesays.com\/pl\/wp-json\/wp\/v2\/tags?post=207890"}],"curies":[{"name":"wp","href":"https:\/\/api.w.org\/{rel}","templated":true}]}}