{"id":207896,"date":"2026-01-16T06:17:07","date_gmt":"2026-01-16T06:17:07","guid":{"rendered":"https:\/\/www.europesays.com\/pl\/207896\/"},"modified":"2026-01-16T06:17:07","modified_gmt":"2026-01-16T06:17:07","slug":"nato-przerzuca-wojska-duze-manewry-w-niemczech-bez-polski-2","status":"publish","type":"post","link":"https:\/\/www.europesays.com\/pl\/207896\/","title":{"rendered":"NATO przerzuca wojska. Du\u017ce manewry w Niemczech bez Polski"},"content":{"rendered":"<p class=\"art_paragraph\">Ma to by\u0107 <a href=\"https:\/\/podroze.gazeta.pl\/najwieksze#anchorLink\" rel=\"nofollow noopener\" target=\"_blank\">najwi\u0119ksza<\/a> i najbardziej spektakularna operacja NATO w tym roku. W najbli\u017cszych tygodniach Niemcy b\u0119d\u0105 gospodarzem wielkich manewr\u00f3w &#8222;Steadfast Dart 26&#8221;, a jednocze\u015bnie centrum prze\u0142adunkowym. W ramach przygotowa\u0144 sojusz rozpocz\u0105\u0142 przenoszenie do Niemiec tysi\u0119cy \u017co\u0142nierzy, sprz\u0119tu i pojazd\u00f3w wojskowych z ca\u0142ej Europy.<\/p>\n<p class=\"art_paragraph\">&#8211; Od dzisiaj do Niemiec przyb\u0119dzie oko\u0142o 10 000 \u017co\u0142nierzy &#8211; powiedzia\u0142 w czwartek 15 stycznia w\u0142oski genera\u0142 Nicola Mandolesi podczas roz\u0142adunku pierwszego statku towarowego w porcie morskim w Emden we wschodniej Fryzji. Rano dziesi\u0105tki wojskowych ci\u0119\u017car\u00f3wek, cystern i jeep\u00f3w w\u0142oskiej jednostki wojskowej zjecha\u0142y z pok\u0142adu frachtowca &#8222;Severine&#8221; do portu Emskai &#8211; statek przewi\u00f3z\u0142 \u0142\u0105cznie oko\u0142o 2200 element\u00f3w wyposa\u017cenia i materia\u0142\u00f3w.<\/p>\n<p class=\"art_paragraph\">Jak poinformowa\u0142o dow\u00f3dztwo operacyjne NATO (JFC) w holenderskim Brunssum, w ten spos\u00f3b rozpoczyna si\u0119 oficjalna faza \u0107wicze\u0144 w Niemczech. Opr\u00f3cz transport\u00f3w morskich, kolejne oddzia\u0142y si\u0142 szybkiego reagowania NATO &#8222;Allied Reaction Force&#8221; zostan\u0105 przetransportowane do Niemiec konwojami l\u0105dowymi i powietrznymi, o\u015bwiadczy\u0142 rzecznik NATO.\u00a0<\/p>\n<p>\n    Zobacz wideo Bitwa o Grenlandi\u0119 [CTB od. 80]\n  <\/p>\n<p> Cel manewr\u00f3w<\/p>\n<p class=\"art_paragraph\">Natowskie manewry maj\u0105 pokaza\u0107 gotowo\u015b\u0107 do dzia\u0142ania. Podczas \u0107wicze\u0144 &#8222;Steadfast Dart 26&#8221; sojusz trenuje jak najszybsze i skoordynowane przemieszczanie \u017co\u0142nierzy, sprz\u0119tu i pojazd\u00f3w na terenie NATO. Ma to na celu \u0107wiczenie i pokazanie zdolno\u015bci obronnych przed atakami na terytorium sojuszu.<\/p>\n<p class=\"art_paragraph\">&#8211; Dzi\u0119ki tym manewrom NATO demonstruje swoj\u0105 zdolno\u015b\u0107 do szybkiego przemieszczania si\u0119 z po\u0142udnia na p\u00f3\u0142noc i z zachodu na wsch\u00f3d oraz pokazuje, \u017ce jest zjednoczone, wydajne i og\u00f3lnie gotowe do dzia\u0142ania &#8211; o\u015bwiadczy\u0142 genera\u0142 Nicola Mandolesi. Przemieszczenie takich si\u0142 w tak kr\u00f3tkim czasie przez granice r\u00f3\u017cnych kraj\u00f3w to spore wyzwanie. Ale NATO jasno pokazuje, \u017ce jest gotowe do wykonania &#8222;ka\u017cdej misji&#8221; &#8211; doda\u0142 w\u0142oski dow\u00f3dca, dzi\u0119kuj\u0105c te\u017c Niemcom za koordynacj\u0119 manewr\u00f3w.<\/p>\n<p> Bez Polski<\/p>\n<p class=\"art_paragraph\">W \u0107wiczeniach we\u017amie udzia\u0142 jedena\u015bcie pa\u0144stw cz\u0142onkowskich NATO: W\u0142ochy, <a href=\"https:\/\/wiadomosci.gazeta.pl\/swiat\/7,198075,32502928,grecja-izrael-i-cypr-zaciesniaja-wspolprace-nerwowa-reakcja.html#anchorLink\" rel=\"nofollow noopener\" target=\"_blank\">Grecja<\/a>, Niemcy, Czechy, Hiszpania, Litwa, Bu\u0142garia, Turcja, <a href=\"https:\/\/wiadomosci.gazeta.pl\/francja#anchorLink\" rel=\"nofollow noopener\" target=\"_blank\">Francja<\/a>, Belgia i Wielka Brytania. Uczestnicz\u0105 w nich si\u0142y zbrojne armii, lotnictwa i marynarki wojennej, a tak\u017ce jednostki zajmuj\u0105ce si\u0119 przestrzeni\u0105 kosmiczn\u0105 i cyberprzestrzeni\u0105. W &#8222;Steadfast Dart 26&#8221; nie bior\u0105 udzia\u0142u Stany Zjednoczone. Zabraknie te\u017c Polski.<\/p>\n<p class=\"art_paragraph\">W ramach wielkich manewr\u00f3w przemieszczona zostanie ogromna ilo\u015b\u0107 sprz\u0119tu: ponad 1500 pojazd\u00f3w wojskowych, w tym czo\u0142gi bojowe i wyrzutnie rakietowe, a tak\u017ce ponad 20 samolot\u00f3w i my\u015bliwc\u00f3w oraz 17 jednostek morskich, w tym okr\u0119ty desantowe, fregaty i okr\u0119ty podwodne.<\/p>\n<p> Kilka lokalizacji<\/p>\n<p class=\"art_paragraph\">Zgodnie z informacjami NATO, wielkie manewry obejm\u0105 kilka lokalizacji w Europie \u015arodkowej, ale najwa\u017cniejsze dzia\u0142ania maj\u0105 si\u0119 odby\u0107 w Niemczech. G\u0142\u00f3wnym miejscem wydarze\u0144 w lutym b\u0119dzie poligon wojskowy w Bergen w Dolnej Saksonii, po\u0142o\u017cony na wrzosowiskach L\u00fcneburger Heide &#8211; jest to jeden z najwi\u0119kszych poligon\u00f3w wojskowych w Europie. Manewry odbywaj\u0105 si\u0119 r\u00f3wnie\u017c w innych miejscach, na przyk\u0142ad w Szlezwiku-Holsztynie na wybrze\u017cu Morza Ba\u0142tyckiego. Na poligonie wojskowym w Putlos <a href=\"https:\/\/wiadomosci.gazeta.pl\/wojsko#anchorLink\" rel=\"nofollow noopener\" target=\"_blank\">wojsko<\/a> zamierza zademonstrowa\u0107 l\u0105dowanie si\u0142 desantowych.<\/p>\n<p class=\"art_paragraph\">Wed\u0142ug informacji NATO te wielkie manewry s\u0105 r\u00f3wnie\u017c pierwsz\u0105 operacj\u0105 nowo utworzonych si\u0142 szybkiego reagowania NATO, podlegaj\u0105cych dow\u00f3dztwu operacyjnemu (JFC) w Brunssum.<\/p>\n<p class=\"art_paragraph\">Kwatery operacyjne NATO podlegaj\u0105 dow\u00f3dztwu kwatery g\u0142\u00f3wnej NATO w Mons i s\u0105 odpowiedzialne za planowanie i realizacj\u0119 operacji wojskowych. Za Niemcy i wschodni\u0105 flank\u0119 odpowiedzialne jest JFC Brunssum.<\/p>\n<p class=\"art_paragraph\">***<\/p>\n<p class=\"art_paragraph\"><a href=\"https:\/\/www.dw.com\/pl\/nato-przerzuca-wojska-du%C5%BCe-manewry-w-niemczech-bez-polski\/a-75525339?maca=pol-dp_squid_TEXT_pl_politics-32737-xml-mrss\" class=\"art_link\" rel=\"nofollow noopener\" target=\"_blank\">Artyku\u0142 pochodzi z serwisu Deutsche Welle<\/a><\/p>\n","protected":false},"excerpt":{"rendered":"Ma to by\u0107 najwi\u0119ksza i najbardziej spektakularna operacja NATO w tym roku. W najbli\u017cszych tygodniach Niemcy b\u0119d\u0105 gospodarzem&hellip;\n","protected":false},"author":2,"featured_media":207897,"comment_status":"","ping_status":"","sticky":false,"template":"","format":"standard","meta":{"footnotes":""},"categories":[14],"tags":[32,33,27,34,35,28,31,25,40,41,80,29,30,26,82,83,84],"class_list":{"0":"post-207896","1":"post","2":"type-post","3":"status-publish","4":"format-standard","5":"has-post-thumbnail","7":"category-swiat","8":"tag-breaking-news","9":"tag-breakingnews","10":"tag-headlines","11":"tag-latest-news","12":"tag-latestnews","13":"tag-naglowki","14":"tag-najwazniejsze-artykuly","15":"tag-news","16":"tag-polish","17":"tag-polski","18":"tag-swiat","19":"tag-top-stories","20":"tag-topstories","21":"tag-wiadomosci","22":"tag-world","23":"tag-world-news","24":"tag-worldnews"},"share_on_mastodon":{"url":"https:\/\/pubeurope.com\/@pl\/115903322099584771","error":""},"_links":{"self":[{"href":"https:\/\/www.europesays.com\/pl\/wp-json\/wp\/v2\/posts\/207896","targetHints":{"allow":["GET"]}}],"collection":[{"href":"https:\/\/www.europesays.com\/pl\/wp-json\/wp\/v2\/posts"}],"about":[{"href":"https:\/\/www.europesays.com\/pl\/wp-json\/wp\/v2\/types\/post"}],"author":[{"embeddable":true,"href":"https:\/\/www.europesays.com\/pl\/wp-json\/wp\/v2\/users\/2"}],"replies":[{"embeddable":true,"href":"https:\/\/www.europesays.com\/pl\/wp-json\/wp\/v2\/comments?post=207896"}],"version-history":[{"count":0,"href":"https:\/\/www.europesays.com\/pl\/wp-json\/wp\/v2\/posts\/207896\/revisions"}],"wp:featuredmedia":[{"embeddable":true,"href":"https:\/\/www.europesays.com\/pl\/wp-json\/wp\/v2\/media\/207897"}],"wp:attachment":[{"href":"https:\/\/www.europesays.com\/pl\/wp-json\/wp\/v2\/media?parent=207896"}],"wp:term":[{"taxonomy":"category","embeddable":true,"href":"https:\/\/www.europesays.com\/pl\/wp-json\/wp\/v2\/categories?post=207896"},{"taxonomy":"post_tag","embeddable":true,"href":"https:\/\/www.europesays.com\/pl\/wp-json\/wp\/v2\/tags?post=207896"}],"curies":[{"name":"wp","href":"https:\/\/api.w.org\/{rel}","templated":true}]}}