{"id":207989,"date":"2026-01-16T07:16:10","date_gmt":"2026-01-16T07:16:10","guid":{"rendered":"https:\/\/www.europesays.com\/pl\/207989\/"},"modified":"2026-01-16T07:16:10","modified_gmt":"2026-01-16T07:16:10","slug":"niesamowite-statystyki-bylego-selekcjonera-najlepsza-obrona-swiata","status":"publish","type":"post","link":"https:\/\/www.europesays.com\/pl\/207989\/","title":{"rendered":"Niesamowite statystyki by\u0142ego selekcjonera. Najlepsza obrona \u015bwiata"},"content":{"rendered":"\n<p class=\"contentpart contentpart--default contentpart--text\" data-position=\"0\">Po g\u0142o\u015bnym odej\u015bciu <a href=\"https:\/\/sportowefakty.wp.pl\/pilka-nozna\/paulo-sousa\" rel=\"nofollow noopener\" target=\"_blank\">Paulo Sousy<\/a>\u00a0ze stanowiska selekcjonera reprezentacji Polski 55-latek nie musia\u0142 d\u0142ugo czeka\u0107 na nowe oferty pracy. Po nieudanej przygodzie we Flamengo i Salernitanie rozpocz\u0105\u0142 prac\u0119 w <a href=\"https:\/\/sportowefakty.wp.pl\/pilka-nozna\/al-ahli-dubaj\" rel=\"nofollow noopener\" target=\"_blank\">Al Ahli Dubaj<\/a>, klubie ze Zjednoczonych Emirat\u00f3w Arabskich.<\/p>\n<p class=\"contentpart contentpart--default contentpart--text\" data-position=\"1\">Ten sezon Portugalczyk zacz\u0105\u0142 bardzo dobrze, a \u015bwietne wyniki ekipy z Dubaju s\u0105 dostrzegane nawet w Europie. Do tej pory dru\u017cyna Sousy rozegra\u0142a 11 mecz\u00f3w ligowych, strzeli\u0142a 17 goli i straci\u0142a zaledwie dwie bramki. Co ciekawe, mimo tak szczelnej defensywy Shabab Al-Ahli zajmuje drugie miejsce w tabeli.<\/p>\n<p>  <img decoding=\"async\" src=\"https:\/\/v.wpimg.pl\/X3dwLnN2d1IFFTpdYUl6R0ZNbgcnEHQREVV2TGEGbUtRT2MdOlZ2RBQUKABgQjQcDRotCStBd1IAAWMeIlM7VgwYIAorQAdEFFk_GCkQJQ\" alt=\"\" width=\"45\" height=\"58\" loading=\"lazy\"\/>  <\/p>\n<p class=\"contentpart contentpart--default contentpart--text\" data-position=\"2\">Taki wynik jest wyj\u0105tkowy w skali \u015bwiata, poniewa\u017c \u017cadna inna dru\u017cyna nie straci\u0142a tak ma\u0142o goli. Blisko osi\u0105gni\u0119cia zespo\u0142u z ZEA znajduj\u0105 si\u0119 Cleopatra Ceramics (Egipt), Ghazl Mehalla (Egipt) oraz FC Porto. Ca\u0142a tr\u00f3jka w rozgrywkach ligowych tylko cztery razy wyci\u0105ga\u0142a pi\u0142k\u0119 z siatki. Warto doda\u0107, \u017ce w zespole z Portugalii w obronie wyst\u0119puje dw\u00f3ch reprezentant\u00f3w Polski &#8211; Jan Bednarek i Jakub Kiwior.<\/p>\n<p class=\"contentpart contentpart--default contentpart--text\" data-position=\"3\">Inne ekipy z Bliskiego Wschodu, kt\u00f3re r\u00f3wnie\u017c maj\u0105 niewiele straconych bramek (pi\u0119\u0107), to Malavan (Iran) oraz Al-Karma (Irak). Co ciekawe, klub Cristiano Ronaldo &#8211; Al-Nassr &#8211; tak\u017ce mo\u017ce pochwali\u0107 si\u0119 dobr\u0105 statystyk\u0105, poniewa\u017c w tym sezonie bramkarz tej dru\u017cyny wyci\u0105ga\u0142 pi\u0142k\u0119 z siatki tylko siedem razy.<\/p>\n<p class=\"contentpart contentpart--default contentpart--text\" data-position=\"4\">ZOBACZ WIDEO: #dziejesiewsporcie: Zobacz, co zrobi\u0142 bramkarz. To by\u0142 spektakularny gol!<\/p>\n","protected":false},"excerpt":{"rendered":"Po g\u0142o\u015bnym odej\u015bciu Paulo Sousy\u00a0ze stanowiska selekcjonera reprezentacji Polski 55-latek nie musia\u0142 d\u0142ugo czeka\u0107 na nowe oferty pracy.&hellip;\n","protected":false},"author":2,"featured_media":207990,"comment_status":"","ping_status":"","sticky":false,"template":"","format":"standard","meta":{"footnotes":"","_share_on_mastodon":"0"},"categories":[24],"tags":[39805,20200,269,42,38,40,39,41,127,126],"class_list":["post-207989","post","type-post","status-publish","format-standard","has-post-thumbnail","category-sport","tag-al-ahli-dubaj","tag-paulo-sousa","tag-pilka-nozna","tag-pl","tag-poland","tag-polish","tag-polska","tag-polski","tag-sport","tag-sports"],"share_on_mastodon":{"url":"https:\/\/pubeurope.com\/@pl\/115903554224639363","error":""},"_links":{"self":[{"href":"https:\/\/www.europesays.com\/pl\/wp-json\/wp\/v2\/posts\/207989","targetHints":{"allow":["GET"]}}],"collection":[{"href":"https:\/\/www.europesays.com\/pl\/wp-json\/wp\/v2\/posts"}],"about":[{"href":"https:\/\/www.europesays.com\/pl\/wp-json\/wp\/v2\/types\/post"}],"author":[{"embeddable":true,"href":"https:\/\/www.europesays.com\/pl\/wp-json\/wp\/v2\/users\/2"}],"replies":[{"embeddable":true,"href":"https:\/\/www.europesays.com\/pl\/wp-json\/wp\/v2\/comments?post=207989"}],"version-history":[{"count":0,"href":"https:\/\/www.europesays.com\/pl\/wp-json\/wp\/v2\/posts\/207989\/revisions"}],"wp:featuredmedia":[{"embeddable":true,"href":"https:\/\/www.europesays.com\/pl\/wp-json\/wp\/v2\/media\/207990"}],"wp:attachment":[{"href":"https:\/\/www.europesays.com\/pl\/wp-json\/wp\/v2\/media?parent=207989"}],"wp:term":[{"taxonomy":"category","embeddable":true,"href":"https:\/\/www.europesays.com\/pl\/wp-json\/wp\/v2\/categories?post=207989"},{"taxonomy":"post_tag","embeddable":true,"href":"https:\/\/www.europesays.com\/pl\/wp-json\/wp\/v2\/tags?post=207989"}],"curies":[{"name":"wp","href":"https:\/\/api.w.org\/{rel}","templated":true}]}}