{"id":208061,"date":"2026-01-16T07:58:09","date_gmt":"2026-01-16T07:58:09","guid":{"rendered":"https:\/\/www.europesays.com\/pl\/208061\/"},"modified":"2026-01-16T07:58:09","modified_gmt":"2026-01-16T07:58:09","slug":"kraft-i-prevc-najlepsi-na-treningu-tomasiak-w-czolowce","status":"publish","type":"post","link":"https:\/\/www.europesays.com\/pl\/208061\/","title":{"rendered":"Kraft i Prevc najlepsi na treningu, Tomasiak w czo\u0142\u00f3wce"},"content":{"rendered":"<p>Stefan Kraft wygra\u0142 pierwsz\u0105 seri\u0119 treningow\u0105 przed kwalifikacjami do sobotniego konkursu indywidualnego Pucharu \u015awiata na Okurayamie (HS137) w Sapporo. Reprezentant Austrii poszybowa\u0142 na odleg\u0142o\u015b\u0107 139,5 metra. W drugiej rundzie g\u00f3r\u0105 by\u0142 S\u0142oweniec Domen Prevc (144 m). \u00d3sme i dziewi\u0105te miejsce zaj\u0105\u0142 Kacper Tomasiak (127,5 m i 126,5 m).<\/p>\n<p>                            <a class=\"fancybox\" href=\"https:\/\/www.skijumping.pl\/content\/images\/news\/powieksz\/tm0328_2025-12-10_11-48-32.jpg\" data-fancybox=\"gallery37969\" data-caption=\"Stefan Kraft, fot. Tadeusz Mieczy\u0144ski\" rel=\"nofollow noopener\" target=\"_blank\"><img decoding=\"async\" class=\"img-responsive lazyload\" src=\"https:\/\/www.europesays.com\/pl\/wp-content\/uploads\/2025\/12\/280x190_q80_tm0328_2025-12-10_11-48-32.jpg\" alt=\"Stefan Kraft\" title=\"Stefan Kraft\"\/><\/a>Stefan Kraft<\/p>\n<p>W pierwszej serii treningowej najdalej poszybowa\u0142 Stefan Kraft. Austriak uzyska\u0142 odleg\u0142o\u015b\u0107 139,5 metra i wyprzedzi\u0142 o 4,3 punktu Naokiego Nakamur\u0119 (136,5 m) oraz o 7,1 pkt. Kristoffera Eriksena Sundala (137 m). Czwarty by\u0142 Stephan Embacher (134 m), a pi\u0105ty Domen Prevc (128 m).<\/p>\n<p>Kolejne miejsca zaj\u0119li Timi Zajc (138,5 m) i Marius Lindvik (135 m). Kacper Tomasiak po skoku na odleg\u0142o\u015b\u0107 127,5 metra by\u0142 \u00f3smy, przed Manuelem Fettnerem (129,5 m) i Ryoyu Kobayashim (126 m).<\/p>\n<p>Na dziewi\u0119tnastej pozycji uplasowa\u0142 si\u0119 Dawid Kubacki (125 m), trzydziesty trzeci by\u0142 Maciej Kot (122,5 m), trzydziesty si\u00f3dmy Klemens Joniak (121,5 m), z kolei czterdziesty si\u00f3dmy Aleksander Zniszczo\u0142 (122 m).<\/p>\n<p>Pierwszy trening przeprowadzono z 23., 21., 19., 18., 17., 16., 15., 14., 13. i 12. belki.<\/p>\n<p>W drugim treningu rywalom odlecia\u0142 Domen Prevc, kt\u00f3ry wyl\u0105dowa\u0142 na 144. metrze. Lider Pucharu \u015awiata wyprzedzi\u0142 o 20,7 punktu Ryoyu Kobayashiego (136 m) oraz o 21,6 pkt. Isaka Andreasa Langmo (137 m). Tu\u017c za czo\u0142ow\u0105 tr\u00f3jk\u0105 uplasowali si\u0119 Jan Hoerl (134,5 m), Stefan Kraft (129,5 m) i Ren Nikaido (131,5 m).<\/p>\n<p>Si\u00f3dme miejsce zaj\u0105\u0142 Kristoffer Eriksen Sundal (126 m), \u00f3smy by\u0142 Stephan Embacher (127,5 m), natomiast dziewi\u0105ty Kacper Tomasiak (126,5 m). Czo\u0142ow\u0105 dziesi\u0105tk\u0119 zamkn\u0105\u0142 Ziga Jancar (130 m).<\/p>\n<p>Dawid Kubacki z wynikiem 120,5 metra zaj\u0105\u0142 dwudzieste czwarte miejsce. Trzydziesty drugi by\u0142 Maciej Kot (116 m) przed Aleksandrem Zniszczo\u0142em (116 m), za\u015b trzydziesty si\u00f3dmy Klemens Joniak (114 m).<\/p>\n<p>Drug\u0105 seri\u0119 treningow\u0105 rozegrano z 17., 16., 15. i 14. platformy.<\/p>\n<p>Pocz\u0105tek kwalifikacji o 8:00 czasu polskiego. Transmisja w Eurosport 1 i HBO Max.<\/p>\n<p><a href=\"https:\/\/www.skijumping.pl\/live-berkutschi\/ps\" target=\"_blank\" rel=\"nofollow noopener\">Wyniki na \u017cywo b\u0119dziecie mogli \u015bledzi\u0107 za po\u015brednictwem relacji LIVE Berkutschi &gt;&gt;&gt;<\/a><\/p>\n<p>lub <a href=\"http:\/\/live.skijumping.pl\" target=\"_blank\" rel=\"nofollow noopener\">relacji LIVE FIS &gt;&gt;&gt;<\/a><\/p>\n","protected":false},"excerpt":{"rendered":"Stefan Kraft wygra\u0142 pierwsz\u0105 seri\u0119 treningow\u0105 przed kwalifikacjami do sobotniego konkursu indywidualnego Pucharu \u015awiata na Okurayamie (HS137) w&hellip;\n","protected":false},"author":2,"featured_media":142918,"comment_status":"","ping_status":"","sticky":false,"template":"","format":"standard","meta":{"footnotes":""},"categories":[24],"tags":[1574,1546,1557,1558,1561,1573,1571,1563,291,1553,1564,1549,1551,1543,1550,1562,1547,1565,1540,1568,1544,42,38,40,39,41,1554,1359,1567,1560,1559,1566,1556,1569,1539,1538,1555,127,126,1552,1541,1548,1542,1570,1572,645,1545],"class_list":{"0":"post-208061","1":"post","2":"type-post","3":"status-publish","4":"format-standard","5":"has-post-thumbnail","7":"category-sport","8":"tag-4skocznie","9":"tag-adam","10":"tag-adam-malysz","11":"tag-adammalysz","12":"tag-coc","13":"tag-czteryskocznie","14":"tag-fis","15":"tag-fis-cup","16":"tag-historia","17":"tag-horngacher","18":"tag-io","19":"tag-kobayashi","20":"tag-kraft","21":"tag-kuba","22":"tag-kubacki","23":"tag-lotos-cup","24":"tag-malysz","25":"tag-ms","26":"tag-narciarskie","27":"tag-narty","28":"tag-piotrek","29":"tag-pl","30":"tag-poland","31":"tag-polish","32":"tag-polska","33":"tag-polski","34":"tag-polskie","35":"tag-ranking","36":"tag-ski-jumping","37":"tag-skijump","38":"tag-skijumping","39":"tag-skoczkowie","40":"tag-skocznia","41":"tag-skocznie","42":"tag-skoki","43":"tag-skoki-narciarskie","44":"tag-skokinarciarskie","45":"tag-sport","46":"tag-sports","47":"tag-stefan","48":"tag-stoch","49":"tag-wellinger","50":"tag-wolny","51":"tag-zakopane","52":"tag-zawody","53":"tag-zdjecia","54":"tag-zyla"},"share_on_mastodon":{"url":"","error":"Validation failed: Text character limit of 500 exceeded"},"_links":{"self":[{"href":"https:\/\/www.europesays.com\/pl\/wp-json\/wp\/v2\/posts\/208061","targetHints":{"allow":["GET"]}}],"collection":[{"href":"https:\/\/www.europesays.com\/pl\/wp-json\/wp\/v2\/posts"}],"about":[{"href":"https:\/\/www.europesays.com\/pl\/wp-json\/wp\/v2\/types\/post"}],"author":[{"embeddable":true,"href":"https:\/\/www.europesays.com\/pl\/wp-json\/wp\/v2\/users\/2"}],"replies":[{"embeddable":true,"href":"https:\/\/www.europesays.com\/pl\/wp-json\/wp\/v2\/comments?post=208061"}],"version-history":[{"count":0,"href":"https:\/\/www.europesays.com\/pl\/wp-json\/wp\/v2\/posts\/208061\/revisions"}],"wp:featuredmedia":[{"embeddable":true,"href":"https:\/\/www.europesays.com\/pl\/wp-json\/wp\/v2\/media\/142918"}],"wp:attachment":[{"href":"https:\/\/www.europesays.com\/pl\/wp-json\/wp\/v2\/media?parent=208061"}],"wp:term":[{"taxonomy":"category","embeddable":true,"href":"https:\/\/www.europesays.com\/pl\/wp-json\/wp\/v2\/categories?post=208061"},{"taxonomy":"post_tag","embeddable":true,"href":"https:\/\/www.europesays.com\/pl\/wp-json\/wp\/v2\/tags?post=208061"}],"curies":[{"name":"wp","href":"https:\/\/api.w.org\/{rel}","templated":true}]}}