{"id":208123,"date":"2026-01-16T08:33:09","date_gmt":"2026-01-16T08:33:09","guid":{"rendered":"https:\/\/www.europesays.com\/pl\/208123\/"},"modified":"2026-01-16T08:33:09","modified_gmt":"2026-01-16T08:33:09","slug":"historyczna-umowa-sabalenki-juz-zostala-ogloszona","status":"publish","type":"post","link":"https:\/\/www.europesays.com\/pl\/208123\/","title":{"rendered":"Historyczna umowa Sabalenki. Ju\u017c zosta\u0142a og\u0142oszona"},"content":{"rendered":"\n<p class=\"contentpart contentpart--default contentpart--text\" data-position=\"0\">Jako najlepsza tenisistka \u015bwiata\u00a0<a href=\"https:\/\/sportowefakty.wp.pl\/tenis\/aryna-sabalenka\" rel=\"nofollow noopener\" target=\"_blank\">Aryna Sabalenka<\/a>\u00a0jest rozchwytywana przez sponsor\u00f3w. B\u0119d\u0105c na szczycie, Bia\u0142orusince \u0142atwiej jest podpisywa\u0107 kolejne umowy. W czwartek na lotnisku w Melbourne og\u0142oszono, \u017ce tenisistka z Mi\u0144ska zosta\u0142a ambasadork\u0105 znanej linii lotniczej.<\/p>\n<p class=\"contentpart contentpart--default contentpart--text\" data-position=\"1\">Jak informuje biuro prasowe Emirates, wsp\u00f3\u0142praca z Sabalenk\u0105 stanowi kolejny krok w wieloletnim zaanga\u017cowaniu firmy w tenis. Z tej okazji zaprezentowano samolot A380 z wyj\u0105tkowym, tenisowym malowaniem, nawi\u0105zuj\u0105cym do Australian Open, Rolanda Garrosa, Wimbledonu i US Open.<\/p>\n<p>  <img decoding=\"async\" src=\"https:\/\/v.wpimg.pl\/X3dwLnN2d1IFFTpdYUl6R0ZNbgcnEHQREVV2TGEGbUtRT2MdOlZ2RBQUKABgQjQcDRotCStBd1IAAWMeIlM7VgwYIAorQAdEFFk_GCkQJQ\" alt=\"\" width=\"45\" height=\"58\" loading=\"lazy\"\/>  <\/p>\n<p class=\"contentpart contentpart--default contentpart--text\" data-position=\"2\">ZOBACZ WIDEO: Tak nasza ekipa \u015bwi\u0119towa\u0142a zwyci\u0119stwo w United Cup!<\/p>\n<p class=\"contentpart contentpart--default contentpart--text\" data-position=\"4\">Linie lotnicze podkre\u015blaj\u0105, \u017ce z Sabalenk\u0105 \u0142\u0105czy je wsp\u00f3lna filozofia oparta na d\u0105\u017ceniu do doskona\u0142o\u015bci, innowacyjno\u015bci i mentalno\u015bci zwyci\u0119zcy. Nie bez znaczenia jest tak\u017ce Dubaj, kt\u00f3ry od lat pe\u0142ni wa\u017cn\u0105 rol\u0119 w przygotowaniach treningowych zawodniczki.<\/p>\n<p class=\"contentpart contentpart--default contentpart--text\" data-position=\"5\">Partnerstwo zamyka wyj\u0105tkowy okres w karierze 27-latki. Sabalenka jest czterokrotn\u0105 mistrzyni\u0105 wielkoszlemow\u0105, we wrze\u015bniu ubieg\u0142ego roku po raz drugi wygra\u0142a US Open. W Australian Open triumfowa\u0142a w latach 2023 i 2024, a w 2025 roku dotar\u0142a do fina\u0142u. Dwa ostatnie sezony zako\u0144czy\u0142a jako Zawodniczka Roku WTA.<\/p>\n<p class=\"contentpart contentpart--default contentpart--text\" data-position=\"6\">&#8211; W tenisie liczy si\u0119 ka\u017cdy detal, dlatego wsp\u00f3\u0142praca z mark\u0105, kt\u00f3ra podziela moje ambicje i dba\u0142o\u015b\u0107 o szczeg\u00f3\u0142y, jest czym\u015b naturalnym. (\u2026) To partnerstwo pokazuje te\u017c, co my &#8211; kobiety w sporcie &#8211; mo\u017cemy osi\u0105gn\u0105\u0107 na \u015bwiatowej scenie &#8211; powiedzia\u0142a Sabalenka, zapowiadaj\u0105c, \u017ce chce, by rok 2026 by\u0142 kolejnym wyj\u0105tkowym sezonem.<\/p>\n<p>  <img decoding=\"async\" src=\"https:\/\/v.wpimg.pl\/X3dwLnN2d1IFFTpdYUl6R0ZNbgcnEHQREVV2TGEGbUtRT2MdOlZ2RBQUKABgQjQcDRotCStBd1IAAWMeIlM7VgwYIAorQAdEFFk_GCkQJQ\" alt=\"\" width=\"45\" height=\"58\" loading=\"lazy\"\/>  <\/p>\n<p class=\"contentpart contentpart--default contentpart--text\" data-position=\"7\">Do og\u0142oszenia odni\u00f3s\u0142 si\u0119 tak\u017ce Boutros Boutros z Emirates. &#8211; Aryna jest nie tylko mistrzyni\u0105 na korcie, ale globaln\u0105 ikon\u0105. (\u2026) Razem chcemy tworzy\u0107 wyj\u0105tkowe do\u015bwiadczenia dla kibic\u00f3w &#8211; zar\u00f3wno na pok\u0142adach naszych samolot\u00f3w, jak i w samym sercu tenisa &#8211; wyzna\u0142.<\/p>\n","protected":false},"excerpt":{"rendered":"Jako najlepsza tenisistka \u015bwiata\u00a0Aryna Sabalenka\u00a0jest rozchwytywana przez sponsor\u00f3w. B\u0119d\u0105c na szczycie, Bia\u0142orusince \u0142atwiej jest podpisywa\u0107 kolejne umowy. W&hellip;\n","protected":false},"author":2,"featured_media":208124,"comment_status":"","ping_status":"","sticky":false,"template":"","format":"standard","meta":{"footnotes":""},"categories":[24],"tags":[517,995,31706,699,31705,42,38,40,39,41,127,268,126,156,37628,157],"class_list":{"0":"post-208123","1":"post","2":"type-post","3":"status-publish","4":"format-standard","5":"has-post-thumbnail","7":"category-sport","8":"tag-aryna-sabalenka","9":"tag-australia","10":"tag-australian-open","11":"tag-bialorus","12":"tag-melbourne","13":"tag-pl","14":"tag-poland","15":"tag-polish","16":"tag-polska","17":"tag-polski","18":"tag-sport","19":"tag-sportowybar","20":"tag-sports","21":"tag-tenis","22":"tag-wielki-szlem","23":"tag-wta"},"share_on_mastodon":{"url":"https:\/\/pubeurope.com\/@pl\/115903856940370821","error":""},"_links":{"self":[{"href":"https:\/\/www.europesays.com\/pl\/wp-json\/wp\/v2\/posts\/208123","targetHints":{"allow":["GET"]}}],"collection":[{"href":"https:\/\/www.europesays.com\/pl\/wp-json\/wp\/v2\/posts"}],"about":[{"href":"https:\/\/www.europesays.com\/pl\/wp-json\/wp\/v2\/types\/post"}],"author":[{"embeddable":true,"href":"https:\/\/www.europesays.com\/pl\/wp-json\/wp\/v2\/users\/2"}],"replies":[{"embeddable":true,"href":"https:\/\/www.europesays.com\/pl\/wp-json\/wp\/v2\/comments?post=208123"}],"version-history":[{"count":0,"href":"https:\/\/www.europesays.com\/pl\/wp-json\/wp\/v2\/posts\/208123\/revisions"}],"wp:featuredmedia":[{"embeddable":true,"href":"https:\/\/www.europesays.com\/pl\/wp-json\/wp\/v2\/media\/208124"}],"wp:attachment":[{"href":"https:\/\/www.europesays.com\/pl\/wp-json\/wp\/v2\/media?parent=208123"}],"wp:term":[{"taxonomy":"category","embeddable":true,"href":"https:\/\/www.europesays.com\/pl\/wp-json\/wp\/v2\/categories?post=208123"},{"taxonomy":"post_tag","embeddable":true,"href":"https:\/\/www.europesays.com\/pl\/wp-json\/wp\/v2\/tags?post=208123"}],"curies":[{"name":"wp","href":"https:\/\/api.w.org\/{rel}","templated":true}]}}