{"id":208143,"date":"2026-01-16T08:45:07","date_gmt":"2026-01-16T08:45:07","guid":{"rendered":"https:\/\/www.europesays.com\/pl\/208143\/"},"modified":"2026-01-16T08:45:07","modified_gmt":"2026-01-16T08:45:07","slug":"dramat-polaka-w-albanii-koszmar-zaczal-sie-w-wodzie-rodzice-apeluja","status":"publish","type":"post","link":"https:\/\/www.europesays.com\/pl\/208143\/","title":{"rendered":"Dramat Polaka w Albanii. Koszmar zacz\u0105\u0142 si\u0119 w wodzie. Rodzice apeluj\u0105"},"content":{"rendered":"<p>26-letni Filip w\u00a0maju 2024 roku uleg\u0142 nieszcz\u0119\u015bliwemu wypadkowi na terenie Albanii. <\/p>\n<p>W szpitalu okaza\u0142o si\u0119, \u017ce dozna\u0142 szeregu obra\u017ce\u0144, m.in. niedotlenienia m\u00f3zgu, uszkodzenia p\u0142uc oraz nerek. Filip znajdowa\u0142 si\u0119 w\u00a0\u015bpi\u0105czce.<\/p>\n<p>Po pewnym czasie 26-latek zosta\u0142 przetransportowany do Polski. W\u00a0pozna\u0144skim szpitalu sp\u0119dzi\u0142 kolejny miesi\u0105c na OIOM-ie. &#8222;Diagnoza by\u0142a druzgoc\u0105ca: przytomny bez \u015bwiadomo\u015bci, z\u00a0pora\u017ceniem czteroko\u0144czynowym i\u00a0narastaj\u0105c\u0105 spastyk\u0105. Lekarze nie dawali nadziei na popraw\u0119&#8221; &#8211;\u00a0relacjonuje TV Gniezno, kt\u00f3ra nag\u0142a\u015bnia teraz ten temat.<\/p>\n<p>Podkre\u015blono r\u00f3wnie\u017c, \u017ce rodzina si\u0119 nie podda\u0142a. Gdy publiczna s\u0142u\u017cba zdrowia zako\u0144czy\u0142a leczenie, Filip trafi\u0142 do prywatnego o\u015brodka rehabilitacyjnego w\u00a0Otwocku.<\/p>\n<p>Zauwa\u017cono r\u00f3wnie\u017c, \u017ce aktualnie Filip przebywa w\u00a0domu, a\u00a0ka\u017cdego dnia toczy walk\u0119 o\u00a0powr\u00f3t do sprawno\u015bci. Jego rodzice i\u00a0bliscy apeluj\u0105 za\u015b o\u00a0wsparcie finansowe.<\/p>\n<p>Zbi\u00f3rka dost\u0119pna jest <a href=\"https:\/\/pomagam.pl\/dnbgwr\" rel=\"noopener noreferrer nofollow\" target=\"_blank\">TUTAJ<\/a>.<\/p>\n","protected":false},"excerpt":{"rendered":"26-letni Filip w\u00a0maju 2024 roku uleg\u0142 nieszcz\u0119\u015bliwemu wypadkowi na terenie Albanii. W szpitalu okaza\u0142o si\u0119, \u017ce dozna\u0142 szeregu&hellip;\n","protected":false},"author":2,"featured_media":208144,"comment_status":"","ping_status":"","sticky":false,"template":"","format":"standard","meta":{"footnotes":""},"categories":[12],"tags":[32,33,36,37,27,34,35,28,31,25,42,38,40,39,41,29,30,26],"class_list":{"0":"post-208143","1":"post","2":"type-post","3":"status-publish","4":"format-standard","5":"has-post-thumbnail","7":"category-polska","8":"tag-breaking-news","9":"tag-breakingnews","10":"tag-featured-news","11":"tag-featurednews","12":"tag-headlines","13":"tag-latest-news","14":"tag-latestnews","15":"tag-naglowki","16":"tag-najwazniejsze-artykuly","17":"tag-news","18":"tag-pl","19":"tag-poland","20":"tag-polish","21":"tag-polska","22":"tag-polski","23":"tag-top-stories","24":"tag-topstories","25":"tag-wiadomosci"},"share_on_mastodon":{"url":"https:\/\/pubeurope.com\/@pl\/115903904118686413","error":""},"_links":{"self":[{"href":"https:\/\/www.europesays.com\/pl\/wp-json\/wp\/v2\/posts\/208143","targetHints":{"allow":["GET"]}}],"collection":[{"href":"https:\/\/www.europesays.com\/pl\/wp-json\/wp\/v2\/posts"}],"about":[{"href":"https:\/\/www.europesays.com\/pl\/wp-json\/wp\/v2\/types\/post"}],"author":[{"embeddable":true,"href":"https:\/\/www.europesays.com\/pl\/wp-json\/wp\/v2\/users\/2"}],"replies":[{"embeddable":true,"href":"https:\/\/www.europesays.com\/pl\/wp-json\/wp\/v2\/comments?post=208143"}],"version-history":[{"count":0,"href":"https:\/\/www.europesays.com\/pl\/wp-json\/wp\/v2\/posts\/208143\/revisions"}],"wp:featuredmedia":[{"embeddable":true,"href":"https:\/\/www.europesays.com\/pl\/wp-json\/wp\/v2\/media\/208144"}],"wp:attachment":[{"href":"https:\/\/www.europesays.com\/pl\/wp-json\/wp\/v2\/media?parent=208143"}],"wp:term":[{"taxonomy":"category","embeddable":true,"href":"https:\/\/www.europesays.com\/pl\/wp-json\/wp\/v2\/categories?post=208143"},{"taxonomy":"post_tag","embeddable":true,"href":"https:\/\/www.europesays.com\/pl\/wp-json\/wp\/v2\/tags?post=208143"}],"curies":[{"name":"wp","href":"https:\/\/api.w.org\/{rel}","templated":true}]}}