{"id":208199,"date":"2026-01-16T09:20:09","date_gmt":"2026-01-16T09:20:09","guid":{"rendered":"https:\/\/www.europesays.com\/pl\/208199\/"},"modified":"2026-01-16T09:20:09","modified_gmt":"2026-01-16T09:20:09","slug":"tragedia-w-chelmnie-ruch-prokuratury-po-smierci-matki-i-trojki-dzieci","status":"publish","type":"post","link":"https:\/\/www.europesays.com\/pl\/208199\/","title":{"rendered":"Tragedia w Che\u0142mnie. Ruch prokuratury po \u015bmierci matki i tr\u00f3jki dzieci"},"content":{"rendered":"<p class=\"Paragraph_desktopParagraph__U31Gm\"><a href=\"https:\/\/www.onet.pl\/informacje\/onetkujawskopomorskie\/tragedia-w-chelmnie-nie-zyja-matka-i-trojka-jej-dzieci-zatruli-sie-czadem\/p86rxwk,79cfc278\" id=\"b875548e-45f0-44bd-b60d-563b6bf4e6de\" rel=\"nofollow noopener\" target=\"_blank\">Jak poinformowa\u0142a w czwartek wieczorem PAP, matka i troje dzieci zmarli wskutek zatrucia tlenkiem w\u0119gla w kamienicy w \u015ar\u00f3dmie\u015bciu Che\u0142mna<\/a>. Policj\u0119 zaalarmowa\u0142a siostra ofiary. Stra\u017cacy po przybyciu na miejsce zdarzenia wykryli urz\u0105dzeniami pomiarowymi bardzo du\u017ce st\u0119\u017cenie tlenku w\u0119gla.<\/p>\n<ul class=\"OchatFollowUps_wrapper__1ry7X\">\n<li class=\"OchatFollowUps_item__Dhyly OchatFollowUps_itemDesktop__R6aBv\">Jakie by\u0142y przyczyny \u015bmierci ofiar?<\/li>\n<li class=\"OchatFollowUps_item__Dhyly OchatFollowUps_itemDesktop__R6aBv\">Kiedy zaplanowane s\u0105 sekcje zw\u0142ok?<\/li>\n<li class=\"OchatFollowUps_item__Dhyly OchatFollowUps_itemDesktop__R6aBv\">Co m\u00f3wi prokuratura o udziale os\u00f3b trzecich?<\/li>\n<li class=\"OchatFollowUps_item__Dhyly OchatFollowUps_itemDesktop__R6aBv\">Jakie s\u0105 hipotezy dotycz\u0105ce przyczyny tragedii?<\/li>\n<\/ul>\n<p class=\"Paragraph_desktopParagraph__U31Gm\">\u2014 Wczoraj wieczorem uda\u0142o si\u0119 przeprowadzi\u0107 ogl\u0119dziny miejsca zdarzenia z udzia\u0142em bieg\u0142ego. Uda\u0142o si\u0119 przes\u0142ucha\u0107 s\u0105siad\u00f3w, a tak\u017ce siostr\u0119 i brata zmar\u0142ej. Zabezpieczono tak\u017ce zw\u0142oki ca\u0142ej czw\u00f3rki ofiar, a tak\u017ce psa, bo on tak\u017ce by\u0142 w tym domu \u2014 powiedzia\u0142a PAP w pi\u0105tek rzecznik prasowa Prokuratury Okr\u0119gowej w Toruniu Izabela Oliver.<\/p>\n<p>Tragedia w Che\u0142mnie. Ruch prokuratury po \u015bmierci matki i tr\u00f3jki dzieci <\/p>\n<p class=\"Paragraph_desktopParagraph__U31Gm\">Podkre\u015bli\u0142a, \u017ce w pi\u0105tek wszcz\u0119te zostaje \u015bledztwo w kierunku nieumy\u015blnego spowodowania \u015bmierci. \u2014 Obecnie wykluczamy udzia\u0142 os\u00f3b trzecich w tym zdarzeniu. Na ten moment oceniamy, \u017ce by\u0142 to nieszcz\u0119\u015bliwy wypadek. Ustalenie, co by\u0142o przyczyn\u0105 tej tragedii, jeszcze potrwa. Jedn\u0105 z prawdopodobnych hipotez jest z\u0142y stan piecyka gazowego, ale musimy poczeka\u0107 na opini\u0119 bieg\u0142ego \u2014 wskaza\u0142a rzecznik prasowa toru\u0144skiej prokuratury.<\/p>\n<p class=\"Paragraph_desktopParagraph__U31Gm\">Sekcje zw\u0142ok ofiar, jak przekaza\u0142a prokurator Oliver, b\u0119d\u0105 przeprowadzone w poniedzia\u0142ek.<\/p>\n<p>Dramat w Che\u0142mnie. Zgin\u0119\u0142a matka i tr\u00f3jka dzieci <\/p>\n<p class=\"Paragraph_desktopParagraph__U31Gm\">Do zdarzenia dosz\u0142o na parterze dwukondygnacyjnego budynku. Zmar\u0142a 31-letnia matka, a tak\u017ce syn w wieku 2 lat i c\u00f3rki w wieku 7 i 12 lat. Tragicznego odkrycia dokonali stra\u017cacy. Interweniowali po zg\u0142oszeniu rodziny, kt\u00f3ra by\u0142a zaniepokojona brakiem kontaktu z krewn\u0105.<\/p>\n<p class=\"Paragraph_desktopParagraph__U31Gm\">Rzeczniczka prasowa policji w Che\u0142mnie m\u0142. asp. Agnieszka Stankiewicz powiedzia\u0142a PAP na miejscu zdarzenia, \u017ce funkcjonariusze ca\u0142y czas pracuj\u0105 w miejscu tragedii i wykonuj\u0105 czynno\u015bci na polecenie prokuratora.<\/p>\n<p class=\"Paragraph_desktopParagraph__U31Gm\">\u2014 S\u0142u\u017cby zawiadomi\u0142a siostra kobiety, kt\u00f3ra nie mia\u0142a z ni\u0105 kontaktu od poniedzia\u0142ku. Dzieci mia\u0142y nie by\u0107 w szkole te\u017c od tego dnia. Kiedy jednak dosz\u0142o do tragedii? Tego w tym momencie nie wiemy \u2014 wskaza\u0142a m\u0142. asp. Stankiewicz.<\/p>\n<p class=\"Paragraph_desktopParagraph__U31Gm\">Wszystko wskazuje na to, \u017ce przyczyn\u0105 zaczadzenia by\u0142 ulatniaj\u0105cy si\u0119 gaz z instalacji przep\u0142ywowego podgrzewacza wody, tzw. piecyka gazowego. Rzeczniczka powiedzia\u0142a, \u017ce na miejsce jedzie bieg\u0142y z zakresu po\u017carnictwa.<\/p>\n","protected":false},"excerpt":{"rendered":"Jak poinformowa\u0142a w czwartek wieczorem PAP, matka i troje dzieci zmarli wskutek zatrucia tlenkiem w\u0119gla w kamienicy w&hellip;\n","protected":false},"author":2,"featured_media":208200,"comment_status":"","ping_status":"","sticky":false,"template":"","format":"standard","meta":{"footnotes":"","_share_on_mastodon":"0"},"categories":[12],"tags":[32,33,22283,19480,36,37,4779,27,34,35,28,31,53,25,52,68,51,55,42,38,40,39,41,349,47,29,30,65,50,26],"class_list":["post-208199","post","type-post","status-publish","format-standard","has-post-thumbnail","category-polska","tag-breaking-news","tag-breakingnews","tag-chelmno","tag-czad","tag-featured-news","tag-featurednews","tag-gaz","tag-headlines","tag-latest-news","tag-latestnews","tag-naglowki","tag-najwazniejsze-artykuly","tag-new_header","tag-news","tag-onet3","tag-onet3d","tag-onet3d_2i","tag-phx","tag-pl","tag-poland","tag-polish","tag-polska","tag-polski","tag-prokuratura_prokurator_prokuratorzy","tag-screening_general","tag-top-stories","tag-topstories","tag-update_me","tag-v2021","tag-wiadomosci"],"share_on_mastodon":{"url":"https:\/\/pubeurope.com\/@pl\/115904041761475834","error":""},"_links":{"self":[{"href":"https:\/\/www.europesays.com\/pl\/wp-json\/wp\/v2\/posts\/208199","targetHints":{"allow":["GET"]}}],"collection":[{"href":"https:\/\/www.europesays.com\/pl\/wp-json\/wp\/v2\/posts"}],"about":[{"href":"https:\/\/www.europesays.com\/pl\/wp-json\/wp\/v2\/types\/post"}],"author":[{"embeddable":true,"href":"https:\/\/www.europesays.com\/pl\/wp-json\/wp\/v2\/users\/2"}],"replies":[{"embeddable":true,"href":"https:\/\/www.europesays.com\/pl\/wp-json\/wp\/v2\/comments?post=208199"}],"version-history":[{"count":0,"href":"https:\/\/www.europesays.com\/pl\/wp-json\/wp\/v2\/posts\/208199\/revisions"}],"wp:featuredmedia":[{"embeddable":true,"href":"https:\/\/www.europesays.com\/pl\/wp-json\/wp\/v2\/media\/208200"}],"wp:attachment":[{"href":"https:\/\/www.europesays.com\/pl\/wp-json\/wp\/v2\/media?parent=208199"}],"wp:term":[{"taxonomy":"category","embeddable":true,"href":"https:\/\/www.europesays.com\/pl\/wp-json\/wp\/v2\/categories?post=208199"},{"taxonomy":"post_tag","embeddable":true,"href":"https:\/\/www.europesays.com\/pl\/wp-json\/wp\/v2\/tags?post=208199"}],"curies":[{"name":"wp","href":"https:\/\/api.w.org\/{rel}","templated":true}]}}