{"id":208578,"date":"2026-01-16T13:05:11","date_gmt":"2026-01-16T13:05:11","guid":{"rendered":"https:\/\/www.europesays.com\/pl\/208578\/"},"modified":"2026-01-16T13:05:11","modified_gmt":"2026-01-16T13:05:11","slug":"polska-2050-nie-chce-szymona-holowni-jest-przegrany","status":"publish","type":"post","link":"https:\/\/www.europesays.com\/pl\/208578\/","title":{"rendered":"Polska 2050 nie chce Szymona Ho\u0142owni. &#8222;Jest przegrany&#8221;"},"content":{"rendered":"\n<p>Ho\u0142ownia, sugeruj\u0105c mo\u017cliwy start na przewodnicz\u0105cego Polski 2050, cz\u0119\u015b\u0107 dzia\u0142aczy Polski 2050 rozbawi\u0142, innych zdziwi\u0142, jeszcze innych zirytowa\u0142.\u00a0<\/p>\n<p>&#8211; Chcia\u0142 stworzy\u0107 wra\u017cenie, \u017ce tylko on jest w\u00a0stanie to posk\u0142ada\u0107 na nowo, \u017ce on jest tym &#8222;ojcem&#8221;, kt\u00f3ry uratuje swe &#8222;dzieci&#8221;. I\u00a0\u017ce wszyscy na niego czekaj\u0105. Nie, nikt na Szymona ju\u017c nie czeka &#8211;\u00a0m\u00f3wi nam jeden z\u00a0polityk\u00f3w Polski 2050. Inni narzekaj\u0105: &#8211;\u00a0Jest labilny, niestabilny, zmienia zdanie, nie wiadomo, o\u00a0co mu chodzi.<\/p>\n<p><a class=\"wp-video-title-link\" href=\"https:\/\/wiadomosci.wp.pl\/trump-czeka-na-ruch-iranu-jasna-deklaracja-ws-ataku-na-teheran-7243716816638529v\" rel=\"nofollow noopener\" target=\"_blank\">Trump czeka na\u00a0ruch Iranu. Jasna deklaracja ws. ataku na\u00a0Teheran <\/a>  <a href=\"https:\/\/wiadomosci.wp.pl\/wybory-w-polsce-2050-jest-dymisja-7243821467465856a\" class=\"teaser-inline\" rel=\"nofollow noopener\" target=\"_blank\">  <img decoding=\"async\" src=\"https:\/\/www.europesays.com\/pl\/wp-content\/uploads\/2026\/01\/NWVlMWNjYTY3DjtkYRFsI3RWbz4nSGJ1I053dWFbfG9mFGIxJwYrJTMcInkpGDsnNxs9eT4GYTYmBWIhf0UqPiUcITY3RSs6NAkp.jpeg\" width=\"0\" height=\"0\" loading=\"lazy\" class=\"wp-media-image cropped\" alt=\"Wybory w Polsce 2050. Jest dymisja\"\/><\/p>\n<p>Wybory w Polsce 2050. Jest dymisja<\/p>\n<p><\/a> <img role=\"presentation\" class=\"absolute left-1\/2 top-1\/2 max-h-[80%] max-w-[100px] -translate-x-1\/2 -translate-y-1\/2\" src=\"https:\/\/v.wpimg.pl\/ZXJfd3AudTkrBBIAbg54LGhcRlAxHQUrPgJGH2MAeGJoSQ1eIBI_K2UHAEVuBTY5KQMMXC0RPyoVERQdMgM9ejc\" loading=\"lazy\" decoding=\"async\"\/> <\/p>\n<p>Dzia\u0142acze partii &#8211;\u00a0tych pozosta\u0142o kilkuset &#8211;\u00a0z\u017cymaj\u0105 si\u0119, gdy s\u0142ysz\u0105, \u017ce Ho\u0142ownia mo\u017ce wr\u00f3ci\u0107 na funkcj\u0119 lidera. Jednym z\u00a0powod\u00f3w jest fakt, i\u017c Ho\u0142ownia sam kilka miesi\u0119cy temu zapowiada\u0142, \u017ce rezygnuje, bo czasy si\u0119 zmieni\u0142y i\u00a0Polska 2050 potrzebuje nowego otwarcia.\u00a0<\/p>\n<p> <a href=\"https:\/\/wiadomosci.wp.pl\/hennig-kloska-o-wyborach-nie-widze-podstaw-do-powtorzenia-i-tury-7243090402772992a\" class=\"teaser-inline\" rel=\"nofollow noopener\" target=\"_blank\">  <img decoding=\"async\" src=\"https:\/\/www.europesays.com\/pl\/wp-content\/uploads\/2026\/01\/ZGJlMjFidSYrDjtZaRJ4M2hWbwMvS3ZlP053SGlYaH96FGIMLwU_NS8cIkQhGy83Kxs9RDYFdSY6BWIcd0Y-LjkcIQs_Rj8qKAkp.jpeg\" width=\"0\" height=\"0\" loading=\"lazy\" class=\"wp-media-image cropped\" alt=\"Hennig-Kloska o wyborach: Nie widz\u0119 podstaw do powt\u00f3rzenia I tury\"\/><\/p>\n<p>Hennig-Kloska o wyborach: Nie widz\u0119 podstaw do powt\u00f3rzenia I tury<\/p>\n<p><\/a> <\/p>\n<p>Wcze\u015bniej w\u00a0oczach wyborc\u00f3w koalicji skompromitowa\u0142 si\u0119 m.in. <a href=\"https:\/\/wiadomosci.wp.pl\/to-nie-bylo-nocne-spotkanie-bielan-relacjonuje-kolacje-z-holownia-7175660889933441v\" rel=\"noopener noreferrer nofollow\" target=\"_blank\">potajemnymi spotkaniami z\u00a0liderami PiS<\/a>. &#8211;\u00a0Ludzie mu to pami\u0119taj\u0105, Ho\u0142ownia nie ma ju\u017c przysz\u0142o\u015bci w\u00a0polityce &#8211;\u00a0m\u00f3wi\u0105 nieoficjalnie jego dawni sprzymierze\u0144cy.\u00a0<\/p>\n<p> <img role=\"presentation\" class=\"absolute left-1\/2 top-1\/2 max-h-[80%] max-w-[100px] -translate-x-1\/2 -translate-y-1\/2\" src=\"https:\/\/v.wpimg.pl\/ZXJfd3AudTkrBBIAbg54LGhcRlAxHQUrPgJGH2MAeGJoSQ1eIBI_K2UHAEVuBTY5KQMMXC0RPyoVERQdMgM9ejc\" loading=\"lazy\" decoding=\"async\"\/><\/p>\n<p>Roz\u0142am w\u00a0Polsce 2050 <\/p>\n<p>W pi\u0105tek 16 stycznia o\u00a0godz. 18:30 w\u00a0trybie on-line zbierze si\u0119 Rada Krajowa formacji, kt\u00f3ra zdecyduje, czy po blama\u017cu z\u00a0organizacj\u0105 wybor\u00f3w wewn\u0119trznych na szefa partii &#8211;\u00a0w\u00a0kt\u00f3rej rywalizuj\u0105 Katarzyna Pe\u0142czy\u0144ska-Na\u0142\u0119cz i\u00a0Paulina Hennig-Kloska &#8211;\u00a0powt\u00f3rzy\u0107 ca\u0142y proces wyborczy, czy tylko drug\u0105 tur\u0119.<\/p>\n<p>&#8211; Pierwsza tura zosta\u0142a przeprowadzona bezproblemowo. Mam nadziej\u0119, \u017ce Rada Krajowa podejmie rozs\u0105dn\u0105 decyzj\u0119, \u017ceby\u015bmy zmierzali ku temu, by zako\u0144czy\u0107 proces wyborczy i\u00a0wybra\u0107 now\u0105 szefow\u0105 partii &#8211;\u00a0m\u00f3wi pose\u0142 Polski 2050 S\u0142awomir \u0106wik.\u00a0<\/p>\n<p>Dodaje, \u017ce &#8222;nie widzi podstaw prawnych do tego, \u017ceby wzrusza\u0107 dotychczasowy przebieg wybor\u00f3w&#8221;. Podobnie uwa\u017ca pose\u0142 Norbert Pietrykowski. &#8211;\u00a0Pierwsza tura zosta\u0142a przez wszystkich zaakceptowana, odby\u0142a si\u0119 prawid\u0142owo &#8211;\u00a0wskazuje.<\/p>\n<p> <img role=\"presentation\" class=\"absolute left-1\/2 top-1\/2 max-h-[80%] max-w-[100px] -translate-x-1\/2 -translate-y-1\/2\" src=\"https:\/\/v.wpimg.pl\/ZXJfd3AudTkrBBIAbg54LGhcRlAxHQUrPgJGH2MAeGJoSQ1eIBI_K2UHAEVuBTY5KQMMXC0RPyoVERQdMgM9ejc\" loading=\"lazy\" decoding=\"async\"\/> <\/p>\n<p>Pose\u0142 \u0106wik uwa\u017ca, \u017ce nale\u017cy powt\u00f3rzy\u0107 jedynie drug\u0105 tur\u0119. &#8211;\u00a0\u017baden z\u00a0kandydat\u00f3w pierwszej tury nie zakwestionowa\u0142 &#8211;\u00a0to w\u00a0mojej ocenie, bior\u0105c pod uwag\u0119 postanowienia statutu i\u00a0og\u00f3lnych zasad, powinni\u015bmy przeprowadzi\u0107 drug\u0105 tur\u0119 &#8211;\u00a0podkre\u015bla.<\/p>\n<p>Jak informowa\u0142o Polskie Radio 24, ma by\u0107 jednak grupa pos\u0142\u00f3w, kt\u00f3rzy uwa\u017caj\u0105, \u017ce nale\u017ca\u0142oby powt\u00f3rzy\u0107 ca\u0142\u0105 procedur\u0119 od nowa i\u00a0umo\u017cliwi\u0107 start Szymonowi Ho\u0142owni.\u00a0<\/p>\n<p>Za tym jest szef klubu parlamentarnego Pawe\u0142 \u015aliz. &#8211;\u00a0Je\u017celi wybory b\u0119d\u0105 powt\u00f3rzone, to ca\u0142y cykl wyborczy b\u0119dzie powt\u00f3rzony \u0142\u0105cznie ze zg\u0142aszaniem kandydat\u00f3w. Czy Szymon Ho\u0142ownia si\u0119 zg\u0142osi, to ju\u017c jego decyzja. W\u00a0g\u0142\u0119bi serca uwa\u017cam, \u017ce jeste\u015bmy na takim etapie, na kt\u00f3rym kapitan Szymon Ho\u0142ownia powinien stan\u0105\u0107 do tych wybor\u00f3w, powinien dzier\u017cy\u0107 bu\u0142aw\u0119 przewodnicz\u0105cego partii &#8211;\u00a0powiedzia\u0142 pose\u0142 Polski 2050.<\/p>\n<p> <img role=\"presentation\" class=\"absolute left-1\/2 top-1\/2 max-h-[80%] max-w-[100px] -translate-x-1\/2 -translate-y-1\/2\" src=\"https:\/\/v.wpimg.pl\/ZXJfd3AudTkrBBIAbg54LGhcRlAxHQUrPgJGH2MAeGJoSQ1eIBI_K2UHAEVuBTY5KQMMXC0RPyoVERQdMgM9ejc\" loading=\"lazy\" decoding=\"async\"\/> <\/p>\n<p>Wed\u0142ug naszych rozm\u00f3w \u015aliz jest w\u00a0mniejszo\u015bci. Chcieli\u015bmy porozmawia\u0107 z\u00a0nim o\u00a0wyborach w\u00a0partii i\u00a0tym, kto podziela jego zdanie, ale nie chcia\u0142 si\u0119 do tego odnosi\u0107.\u00a0<\/p>\n<p>Op\u00f3r przeciw Ho\u0142owni <\/p>\n<p>Z nieoficjalnych informacji wiemy, \u017ce przeciwko Ho\u0142owni jest du\u017cy op\u00f3r (on sam nie reaguje na pro\u015bby o\u00a0rozmow\u0119).<\/p>\n<p>Osoby znaj\u0105ce sytuacj\u0119 w\u00a0formacji relacjonuj\u0105, \u017ce Ho\u0142ownia budzi du\u017cy op\u00f3r i\u00a0wywo\u0142uje spor\u0105 krytyk\u0119 w\u00a0szeregach Polski 2050.\u00a0<\/p>\n<p> <img role=\"presentation\" class=\"absolute left-1\/2 top-1\/2 max-h-[80%] max-w-[100px] -translate-x-1\/2 -translate-y-1\/2\" src=\"https:\/\/v.wpimg.pl\/ZXJfd3AudTkrBBIAbg54LGhcRlAxHQUrPgJGH2MAeGJoSQ1eIBI_K2UHAEVuBTY5KQMMXC0RPyoVERQdMgM9ejc\" loading=\"lazy\" decoding=\"async\"\/> <a href=\"https:\/\/wiadomosci.wp.pl\/atak-hakerski-czy-problem-z-abonamentem-czyli-co-sie-stalo-w-polsce-2050-7242968798562688a\" class=\"teaser-inline\" rel=\"nofollow noopener\" target=\"_blank\">  <img decoding=\"async\" src=\"https:\/\/www.europesays.com\/pl\/wp-content\/uploads\/2026\/01\/OTUzMGRiYDU0GDt0fRJtIHdAby47S2N2IFh3ZX1YfWxlAmIhOwUqJjAKImk1GzokNA09aSIFYDUlE2IxY0YrPSYKISYrRio5Nx8p.jpeg\" width=\"0\" height=\"0\" loading=\"lazy\" class=\"wp-media-image cropped\" alt=\"Atak hakerski czy problem z abonamentem, czyli co si\u0119 sta\u0142o w Polsce 2050\"\/><\/p>\n<p>Atak hakerski czy problem z abonamentem, czyli co si\u0119 sta\u0142o w Polsce 2050<\/p>\n<p><\/a> <\/p>\n<p>&#8211; Gdy chodzi\u0142o o\u00a0drug\u0105 tur\u0119 kampanii prezydenckiej, to Ho\u0142ownia nie chcia\u0142 powt\u00f3rki liczenia g\u0142os\u00f3w. Mimo nieprawid\u0142owo\u015bci przyj\u0105\u0142 stan rzeczy korzystny dla drugiej strony. A\u00a0w\u00a0sprawie wybor\u00f3w w\u00a0Polsce 2050 nagle sugeruje, \u017ce mo\u017ce trzeba by by\u0142o powt\u00f3rzy\u0107 ca\u0142e wybory. Czyli w\u00a0wi\u0119kszej skali nie mia\u0142 problemu, a\u00a0gdy chodzi\u0107 ma o\u00a0niego, to ju\u017c zmienia front. To hipokryzja &#8211;\u00a0ocenia jeden z\u00a0rozm\u00f3wc\u00f3w Wirtualnej Polski.\u00a0<\/p>\n<p>Jak s\u0142yszymy od osoby znaj\u0105cej kulisy spotkania parlamentarzyst\u00f3w Polski 2050: &#8211;\u00a0Ho\u0142ownia dosta\u0142 opieprz: za to, \u017ce nie pami\u0119ta, z\u00a0kim t\u0119 parti\u0119 tworzy\u0142, \u017ce nie s\u0142ucha g\u0142osu pos\u0142\u00f3w, \u017ce jest g\u0142uchy na sugestie aktywu, \u017ce si\u0119 nakr\u0119ci\u0142 na Pe\u0142czy\u0144sk\u0105 i\u00a0promuje j\u0105 kosztem innych. A\u00a0przecie\u017c to ona nak\u0142ania\u0142a go, \u017ceby postawi\u0142 na karier\u0119 mi\u0119dzynarodow\u0105 i\u00a0tym samym odsun\u0105\u0142 si\u0119 w\u00a0cie\u0144.<\/p>\n<p> <img role=\"presentation\" class=\"absolute left-1\/2 top-1\/2 max-h-[80%] max-w-[100px] -translate-x-1\/2 -translate-y-1\/2\" src=\"https:\/\/v.wpimg.pl\/ZXJfd3AudTkrBBIAbg54LGhcRlAxHQUrPgJGH2MAeGJoSQ1eIBI_K2UHAEVuBTY5KQMMXC0RPyoVERQdMgM9ejc\" loading=\"lazy\" decoding=\"async\"\/> <\/p>\n<p>Politycy Polski 2050 s\u0105 w\u00a0kropce. Wielu jest za\u0142amanych. Cz\u0119\u015b\u0107 nie wie, jaka czeka ich przysz\u0142o\u015b\u0107 w\u00a0polityce. Dzia\u0142acz partii m\u00f3wi\u0142 nam: &#8211;\u00a0Jeste\u015bmy w\u00a0d\u2026 Przez Szymona.\u00a0<\/p>\n<p>Wybory na\u00a0nowo <\/p>\n<p>&#8222;W\u00a0pi\u0105tek zapadnie kluczowa dla przysz\u0142o\u015bci Polski 2050 Szymona Ho\u0142owni decyzja. Rada Krajowa zajmie si\u0119 zmian\u0105 uchwa\u0142y w\u00a0sprawie przeprowadzenia wybor\u00f3w do organ\u00f3w Partii&#8221; &#8211;\u00a0napisa\u0142 w\u00a0social media pose\u0142 Polski 2050 Marcin Skonieczka.<\/p>\n<p>Rozwa\u017cane s\u0105 dwie propozycje:<\/p>\n<ul>\n<li>powt\u00f3rzenie drugiej tury wybor\u00f3w przewodnicz\u0105cego,<\/li>\n<li>powt\u00f3rzenie ca\u0142ego procesu wyborczego, \u0142\u0105cznie z\u00a0procedur\u0105 zg\u0142aszania kandydat\u00f3w.<\/li>\n<\/ul>\n<p>&#8222;Rada Krajowa zosta\u0142a zwo\u0142ana na 16 stycznia 2026 r. (pi\u0105tek) na godz. 18:30 i\u00a0odb\u0119dzie si\u0119 w\u00a0formule online. Przed nami wa\u017cna decyzja, kt\u00f3ra zadecyduje o\u00a0dalszym kierunku funkcjonowania partii&#8221; &#8211;\u00a0poinformowa\u0142 pose\u0142.<\/p>\n<p>Micha\u0142 Wr\u00f3blewski, dziennikarz Wirtualnej Polski<\/p>\n","protected":false},"excerpt":{"rendered":"Ho\u0142ownia, sugeruj\u0105c mo\u017cliwy start na przewodnicz\u0105cego Polski 2050, cz\u0119\u015b\u0107 dzia\u0142aczy Polski 2050 rozbawi\u0142, innych zdziwi\u0142, jeszcze innych zirytowa\u0142.\u00a0&hellip;\n","protected":false},"author":2,"featured_media":208579,"comment_status":"","ping_status":"","sticky":false,"template":"","format":"standard","meta":{"footnotes":""},"categories":[12],"tags":[32,33,36,37,27,34,35,28,31,25,42,38,40,39,41,29,30,26],"class_list":{"0":"post-208578","1":"post","2":"type-post","3":"status-publish","4":"format-standard","5":"has-post-thumbnail","7":"category-polska","8":"tag-breaking-news","9":"tag-breakingnews","10":"tag-featured-news","11":"tag-featurednews","12":"tag-headlines","13":"tag-latest-news","14":"tag-latestnews","15":"tag-naglowki","16":"tag-najwazniejsze-artykuly","17":"tag-news","18":"tag-pl","19":"tag-poland","20":"tag-polish","21":"tag-polska","22":"tag-polski","23":"tag-top-stories","24":"tag-topstories","25":"tag-wiadomosci"},"share_on_mastodon":{"url":"https:\/\/pubeurope.com\/@pl\/115904926654748649","error":""},"_links":{"self":[{"href":"https:\/\/www.europesays.com\/pl\/wp-json\/wp\/v2\/posts\/208578","targetHints":{"allow":["GET"]}}],"collection":[{"href":"https:\/\/www.europesays.com\/pl\/wp-json\/wp\/v2\/posts"}],"about":[{"href":"https:\/\/www.europesays.com\/pl\/wp-json\/wp\/v2\/types\/post"}],"author":[{"embeddable":true,"href":"https:\/\/www.europesays.com\/pl\/wp-json\/wp\/v2\/users\/2"}],"replies":[{"embeddable":true,"href":"https:\/\/www.europesays.com\/pl\/wp-json\/wp\/v2\/comments?post=208578"}],"version-history":[{"count":0,"href":"https:\/\/www.europesays.com\/pl\/wp-json\/wp\/v2\/posts\/208578\/revisions"}],"wp:featuredmedia":[{"embeddable":true,"href":"https:\/\/www.europesays.com\/pl\/wp-json\/wp\/v2\/media\/208579"}],"wp:attachment":[{"href":"https:\/\/www.europesays.com\/pl\/wp-json\/wp\/v2\/media?parent=208578"}],"wp:term":[{"taxonomy":"category","embeddable":true,"href":"https:\/\/www.europesays.com\/pl\/wp-json\/wp\/v2\/categories?post=208578"},{"taxonomy":"post_tag","embeddable":true,"href":"https:\/\/www.europesays.com\/pl\/wp-json\/wp\/v2\/tags?post=208578"}],"curies":[{"name":"wp","href":"https:\/\/api.w.org\/{rel}","templated":true}]}}