{"id":208661,"date":"2026-01-16T13:54:11","date_gmt":"2026-01-16T13:54:11","guid":{"rendered":"https:\/\/www.europesays.com\/pl\/208661\/"},"modified":"2026-01-16T13:54:11","modified_gmt":"2026-01-16T13:54:11","slug":"niemiec-zatrzymany-na-polskiej-granicy-grozi-mu-15-lat-wiezienia","status":"publish","type":"post","link":"https:\/\/www.europesays.com\/pl\/208661\/","title":{"rendered":"Niemiec zatrzymany na polskiej granicy. Grozi mu 15 lat wi\u0119zienia"},"content":{"rendered":"<p>Polska Stra\u017c Graniczna dokona\u0142a zatrzymania 51-letniego Niemca poszukiwanego Europejskim Nakazem Aresztowania. Do zatrzymania dosz\u0142o na przej\u015bciu granicznym w\u00a0Medyce, gdy m\u0119\u017cczyzna pr\u00f3bowa\u0142 wjecha\u0107 do Polski. Podczas rutynowej kontroli ujawniono, \u017ce jest \u015bcigany przez niemieckie w\u0142adze.<\/p>\n<p>Jak informuje rzecznik Bieszczadzkiego Oddzia\u0142u Stra\u017cy Granicznej por. Piotr Zakielarz, m\u0119\u017cczyzna jest podejrzany o\u00a0oszustwa zwi\u0105zane z\u00a0zakupem samochod\u00f3w oraz zaci\u0105ganiem po\u017cyczek, kt\u00f3re nie zosta\u0142y sp\u0142acone. <\/p>\n<p>Odkrycie na\u00a0lotnisku Chopina. Turysta mia\u0142 cwany plan <\/p>\n<p>M\u0119\u017cczyzna mia\u0142 oszuka\u0107 ludzi na \u0142\u0105czn\u0105 kwot\u0119 ponad 150 tys. euro. Je\u015bli zostanie wydany do Niemiec, tamtejsze prawo przewiduje, \u017ce mo\u017ce trafi\u0107 do wi\u0119zienia nawet na 15 lat. Obecnie s\u0105d aresztowa\u0142 go, a\u00a0on czeka na decyzj\u0119, czy zostanie wydany do Niemiec.<\/p>\n<p>Od pocz\u0105tku roku funkcjonariusze Bieszczadzkiego Oddzia\u0142u Stra\u017cy Granicznej zatrzymali ju\u017c osiem os\u00f3b poszukiwanych przez polskie i\u00a0zagraniczne organy \u015bcigania. Zatrzymanie 51-latka jest jednym z\u00a0wielu przyk\u0142ad\u00f3w skuteczno\u015bci dzia\u0142a\u0144 przy granicy z\u00a0Ukrain\u0105.<\/p>\n<p>Przej\u015bcie graniczne w\u00a0Medyce jest jednym z\u00a0najwa\u017cniejszych punkt\u00f3w tranzytowych na wschodniej granicy Polski z\u00a0Ukrain\u0105. Po\u0142o\u017cone w\u00a0wojew\u00f3dztwie podkarpackim, stanowi kluczowe po\u0142\u0105czenie dla ruchu samochodowego, transportu towarowego oraz podr\u00f3\u017cy os\u00f3b prywatnych. Ze wzgl\u0119du na swoje strategiczne po\u0142o\u017cenie, Medyka odgrywa istotn\u0105 rol\u0119 w\u00a0wymianie handlowej mi\u0119dzy Polsk\u0105 a\u00a0Ukrain\u0105, a\u00a0tak\u017ce w\u00a0zapewnianiu bezpiecze\u0144stwa granicznego.<\/p>\n","protected":false},"excerpt":{"rendered":"Polska Stra\u017c Graniczna dokona\u0142a zatrzymania 51-letniego Niemca poszukiwanego Europejskim Nakazem Aresztowania. Do zatrzymania dosz\u0142o na przej\u015bciu granicznym w\u00a0Medyce,&hellip;\n","protected":false},"author":2,"featured_media":208662,"comment_status":"","ping_status":"","sticky":false,"template":"","format":"standard","meta":{"footnotes":""},"categories":[12],"tags":[32,33,36,37,27,34,35,28,31,25,42,38,40,39,41,29,30,26],"class_list":{"0":"post-208661","1":"post","2":"type-post","3":"status-publish","4":"format-standard","5":"has-post-thumbnail","7":"category-polska","8":"tag-breaking-news","9":"tag-breakingnews","10":"tag-featured-news","11":"tag-featurednews","12":"tag-headlines","13":"tag-latest-news","14":"tag-latestnews","15":"tag-naglowki","16":"tag-najwazniejsze-artykuly","17":"tag-news","18":"tag-pl","19":"tag-poland","20":"tag-polish","21":"tag-polska","22":"tag-polski","23":"tag-top-stories","24":"tag-topstories","25":"tag-wiadomosci"},"share_on_mastodon":{"url":"https:\/\/pubeurope.com\/@pl\/115905119269601076","error":""},"_links":{"self":[{"href":"https:\/\/www.europesays.com\/pl\/wp-json\/wp\/v2\/posts\/208661","targetHints":{"allow":["GET"]}}],"collection":[{"href":"https:\/\/www.europesays.com\/pl\/wp-json\/wp\/v2\/posts"}],"about":[{"href":"https:\/\/www.europesays.com\/pl\/wp-json\/wp\/v2\/types\/post"}],"author":[{"embeddable":true,"href":"https:\/\/www.europesays.com\/pl\/wp-json\/wp\/v2\/users\/2"}],"replies":[{"embeddable":true,"href":"https:\/\/www.europesays.com\/pl\/wp-json\/wp\/v2\/comments?post=208661"}],"version-history":[{"count":0,"href":"https:\/\/www.europesays.com\/pl\/wp-json\/wp\/v2\/posts\/208661\/revisions"}],"wp:featuredmedia":[{"embeddable":true,"href":"https:\/\/www.europesays.com\/pl\/wp-json\/wp\/v2\/media\/208662"}],"wp:attachment":[{"href":"https:\/\/www.europesays.com\/pl\/wp-json\/wp\/v2\/media?parent=208661"}],"wp:term":[{"taxonomy":"category","embeddable":true,"href":"https:\/\/www.europesays.com\/pl\/wp-json\/wp\/v2\/categories?post=208661"},{"taxonomy":"post_tag","embeddable":true,"href":"https:\/\/www.europesays.com\/pl\/wp-json\/wp\/v2\/tags?post=208661"}],"curies":[{"name":"wp","href":"https:\/\/api.w.org\/{rel}","templated":true}]}}