{"id":208754,"date":"2026-01-16T14:45:09","date_gmt":"2026-01-16T14:45:09","guid":{"rendered":"https:\/\/www.europesays.com\/pl\/208754\/"},"modified":"2026-01-16T14:45:09","modified_gmt":"2026-01-16T14:45:09","slug":"zona-bartosza-kurka-przeszla-operacje-zdradzila-co-sie-stalo-jest-zle","status":"publish","type":"post","link":"https:\/\/www.europesays.com\/pl\/208754\/","title":{"rendered":"\u017bona Bartosza Kurka przesz\u0142a operacj\u0119. Zdradzi\u0142a, co si\u0119 sta\u0142o. &#8222;Jest \u017ale&#8221;"},"content":{"rendered":"<p>\u017bona Bartosza Kurka przesz\u0142a operacj\u0119<\/p>\n<p class=\"Paragraph_desktopParagraph__Fd2e9\">We wtorek 13 stycznia \u017cona Bartosza Kurka zamie\u015bci\u0142a w sieci wpis, w kt\u00f3rym pokaza\u0142a, \u017ce jest w szpitalu. &#8222;Jak m\u00f3wi japo\u0144skie przys\u0142owie \u4e03\u8ee2\u3073\u516b\u8d77\u304d mo\u017cna upa\u015b\u0107 siedem razy, wa\u017cne, \u017ceby wsta\u0107 za \u00f3smym&#8221; \u2014 pisa\u0142a na Instagramie Anna Kurek, a teraz w swoim vlogu wyja\u015bni\u0142a, co si\u0119 sta\u0142o. Okaza\u0142o si\u0119, \u017ce dozna\u0142a p\u0119kni\u0119cia \u0142\u0119kotki.<\/p>\n<p class=\"VideoPlayerText_videoPlayerText__zrtJk\">Dalszy ci\u0105g materia\u0142u pod wideo<\/p>\n<p>Anna Kurek dozna\u0142a dotkliwej kontuzji<\/p>\n<p class=\"Paragraph_desktopParagraph__Fd2e9\">&#8222;Tydzie\u0144 temu znowu mi p\u0119k\u0142a \u0142\u0119kotka [kilka lat temu sportsmenka mia\u0142a podobny uraz \u2014 przyp. red]. I znowu w do\u015b\u0107 kiepskim momencie. [&#8230;] Teraz kiedy z\u0142apa\u0142am rytm, kiedy z\u0142apa\u0142am kontakt z dziewczynami, kiedy ta gra na boisku naprawd\u0119 fajnie nam si\u0119 uk\u0142ada\u0142a i to jeszcze na takim meczu&#8230; mia\u0142am 60 atak\u00f3w. [&#8230;] Czu\u0142am si\u0119 dobrze, w ko\u0144cu wskoczy\u0142am na poziom, o kt\u00f3rym marzy\u0142am&#8221; \u2014 zacz\u0119\u0142a opowiada\u0107 w swoim vlogu Anna Kurek.<\/p>\n<p class=\"Paragraph_desktopParagraph__Fd2e9\">&#8222;Mecz by\u0142 w sobot\u0119. W niedziel\u0119 obudzi\u0142am si\u0119 ze spuchni\u0119tym kolanem, z tak\u0105 bani\u0105 si\u0119 wielk\u0105 obudzi\u0142am. My\u015bla\u0142am, \u017ce to mo\u017ce przem\u0119czenie. Pojecha\u0142am na hal\u0119, zagra\u0142am mecz z tym kolanem spuchni\u0119tym. Kolano bu\u0142a totalna, zgi\u0119cia zero [&#8230;] gra\u0142am strasznie, nie mog\u0142am kroku zrobi\u0107&#8221; \u2014 doda\u0142a siatkarka, wskazuj\u0105c, \u017ce fizjoterapeutka od razu kaza\u0142a jej si\u0119 uda\u0107 do szpitala, jednak ona chcia\u0142a czeka\u0107, sugeruj\u0105c przem\u0119czenie.<\/p>\n<p class=\"Paragraph_desktopParagraph__Fd2e9\">Sytuacja mia\u0142a miejsce pod koniec roku, a p\u00f3\u017aniej przez \u015bwi\u0105teczno-noworoczn\u0105 przerw\u0119 Anna Kurek nie mog\u0142a wykona\u0107 bada\u0144, bo niemal wszystko w Japonii by\u0142o zamkni\u0119te. Przez to operacj\u0119 przesz\u0142a dopiero kilka dni po tym, jak dozna\u0142a urazu.<\/p>\n<p><img decoding=\"async\" src=\"https:\/\/www.europesays.com\/pl\/wp-content\/uploads\/2026\/01\/anna-kurek-na-instastories.jpg\" alt=\"Anna Kurek na instastories\" width=\"442\" height=\"816\" loading=\"lazy\" class=\"\" \/>Anna Kurek na instastories (Foto: Instagram)Po operacji w Japonii ma si\u0119 dobrze<\/p>\n<p class=\"Paragraph_desktopParagraph__Fd2e9\">&#8222;Doktor wsadzi\u0142 mi gigantyczn\u0105 ig\u0142\u0119 w kolano, \u017ceby zdj\u0105\u0107 ten p\u0142yn, nie macie poj\u0119cia, jakie to jest uczucie, jakby wam kto\u015b wyci\u0105ga\u0142 wn\u0119trzno\u015bci z kolana, do\u015b\u0107 sporo tego p\u0142ynu by\u0142o i potem dosta\u0142am kwas hialuronowy, okropne uczucie i po godzinie wyniki by\u0142y. Widzia\u0142am, po minie lekarza, \u017ce nie jest dobrze&#8221; \u2014 zaznaczy\u0142a \u017cona Bartosza Kurka, dodaj\u0105c, \u017ce doktor powiedzia\u0142 jej, \u017ce ma p\u0119kni\u0119t\u0105 \u0142\u0119kotk\u0119. Ona p\u00f3\u017aniej radzi\u0142a si\u0119 kilku specjalist\u00f3w i wszyscy byli zgodni, \u017ce musi przej\u015b\u0107 zabieg. Ze wzgl\u0119du na logistyk\u0119 ten odby\u0142 si\u0119 w Japonii.<\/p>\n<p><img decoding=\"async\" src=\"https:\/\/www.europesays.com\/pl\/wp-content\/uploads\/2026\/01\/1768574709_527_anna-kurek-na-instastories.jpg\" alt=\"Anna Kurek na instastories \" width=\"456\" height=\"817\" loading=\"lazy\" class=\"\" \/>Anna Kurek na instastories  (Foto: Instagram)<\/p>\n<p class=\"Paragraph_desktopParagraph__Fd2e9\">W swoim vlogu Anna Kurek zaznaczy\u0142a, \u017ce po operacji b\u0119dzie mog\u0142a do\u015b\u0107 szybko wr\u00f3ci\u0107 do gry, co j\u0105 cieszy, gdy\u017c mocno walczy\u0142a o to, by wskoczy\u0107 na poziom, na jakim gra\u0142a przed laty. Doda\u0142a te\u017c, \u017ce klub ze spokojem przyj\u0105\u0142 wie\u015bci o kontuzji, a jego pracownicy okazali si\u0119 pomocni. Ona z kolei powoli zaczyna rehabilitacj\u0119.<\/p>\n","protected":false},"excerpt":{"rendered":"\u017bona Bartosza Kurka przesz\u0142a operacj\u0119 We wtorek 13 stycznia \u017cona Bartosza Kurka zamie\u015bci\u0142a w sieci wpis, w kt\u00f3rym&hellip;\n","protected":false},"author":2,"featured_media":208755,"comment_status":"","ping_status":"","sticky":false,"template":"","format":"standard","meta":{"footnotes":"","_share_on_mastodon":"0"},"categories":[24],"tags":[36737,1012,67,706,129,42,38,40,39,41,136,128,47,127,126,655,130],"class_list":["post-208754","post","type-post","status-publish","format-standard","has-post-thumbnail","category-sport","tag-anna_kurek","tag-bartosz_kurek","tag-intextvideo_splayer","tag-japonia","tag-ofsajd","tag-pl","tag-poland","tag-polish","tag-polska","tag-polski","tag-ps_detal_new","tag-psv2","tag-screening_general","tag-sport","tag-sports","tag-styl_zycia_lifestyle_","tag-wiadomosci_sportowe"],"share_on_mastodon":{"url":"https:\/\/pubeurope.com\/@pl\/115905319727529803","error":""},"_links":{"self":[{"href":"https:\/\/www.europesays.com\/pl\/wp-json\/wp\/v2\/posts\/208754","targetHints":{"allow":["GET"]}}],"collection":[{"href":"https:\/\/www.europesays.com\/pl\/wp-json\/wp\/v2\/posts"}],"about":[{"href":"https:\/\/www.europesays.com\/pl\/wp-json\/wp\/v2\/types\/post"}],"author":[{"embeddable":true,"href":"https:\/\/www.europesays.com\/pl\/wp-json\/wp\/v2\/users\/2"}],"replies":[{"embeddable":true,"href":"https:\/\/www.europesays.com\/pl\/wp-json\/wp\/v2\/comments?post=208754"}],"version-history":[{"count":0,"href":"https:\/\/www.europesays.com\/pl\/wp-json\/wp\/v2\/posts\/208754\/revisions"}],"wp:featuredmedia":[{"embeddable":true,"href":"https:\/\/www.europesays.com\/pl\/wp-json\/wp\/v2\/media\/208755"}],"wp:attachment":[{"href":"https:\/\/www.europesays.com\/pl\/wp-json\/wp\/v2\/media?parent=208754"}],"wp:term":[{"taxonomy":"category","embeddable":true,"href":"https:\/\/www.europesays.com\/pl\/wp-json\/wp\/v2\/categories?post=208754"},{"taxonomy":"post_tag","embeddable":true,"href":"https:\/\/www.europesays.com\/pl\/wp-json\/wp\/v2\/tags?post=208754"}],"curies":[{"name":"wp","href":"https:\/\/api.w.org\/{rel}","templated":true}]}}