{"id":208777,"date":"2026-01-16T14:59:08","date_gmt":"2026-01-16T14:59:08","guid":{"rendered":"https:\/\/www.europesays.com\/pl\/208777\/"},"modified":"2026-01-16T14:59:08","modified_gmt":"2026-01-16T14:59:08","slug":"maciej-maciusiak-kogos-skrzywdzi-swoja-decyzja-adam-malysz-czekam-na-argument","status":"publish","type":"post","link":"https:\/\/www.europesays.com\/pl\/208777\/","title":{"rendered":"Maciej Maciusiak kogo\u015b skrzywdzi swoj\u0105 decyzj\u0105. Adam Ma\u0142ysz: czekam na argument"},"content":{"rendered":"<p class=\"Paragraph_desktopParagraph__Fd2e9\">Kamil Wolnicki: Puchar \u015awiata w Sapporo zdecyduje o tym, kto pojedzie na igrzyska do W\u0142och. Tak na to patrzysz?<\/p>\n<p class=\"Paragraph_desktopParagraph__Fd2e9\">Adam Ma\u0142ysz: Szczerze, to nie wiem, czy aby na pewno Sapporo zdecyduje. To s\u0105 zwykle dziwne zawody, specyficzne. Kwalifikacje trwaj\u0105 do 18 stycznia, a 22 mamy zarz\u0105d. Pewnie dzie\u0144 czy dwa wcze\u015bniej dostaniemy list\u0119 propozycji od trener\u00f3w. Si\u0105dziemy, porozmawiamy. A PKOl akceptuje sk\u0142ad 26.<\/p>\n<p class=\"VideoPlayerText_videoPlayerText__zrtJk\">Dalszy ci\u0105g materia\u0142u pod wideo<\/p>\n<p>Adam Ma\u0142ysz wprost o tym, co przed Maciejem Maciusiakiem<\/p>\n<p class=\"Paragraph_desktopParagraph__Fd2e9\">Dobrze my\u015bl\u0119, \u017ce obracamy si\u0119 wok\u00f3\u0142 czterech nazwisk, czyli Kacpra Tomasiaka, Kamila Stocha, Dawida Kubackiego i Macieja Kota?<\/p>\n<p class=\"Paragraph_desktopParagraph__Fd2e9\">Chyba nie do ko\u0144ca tak jest. W zasadzie takie pewne nazwisko teraz to jest tylko Tomasiak. Reszta raczej ca\u0142y czas walczy o miejsce. Nie mamy drugiego takiego, jak Kacper, kt\u00f3ry skaka\u0142by tak r\u00f3wno i daleko, \u017ceby mo\u017cna by\u0142o go nazwa\u0107 pewniakiem na igrzyska.<\/p>\n<p class=\"Paragraph_desktopParagraph__Fd2e9\">W takim razie do tr\u00f3jki Kot, Stoch i Kubacki mo\u017ce kto\u015b do\u0142\u0105czy\u0107 w walce o igrzyska? Tylko gdzie mia\u0142aby si\u0119 odby\u0107 taka walka, skoro s\u0105 zawody w Sapporo i nic wi\u0119cej?<\/p>\n<p class=\"Paragraph_desktopParagraph__Fd2e9\">Jest Piotrek \u017by\u0142a, Pawe\u0142 W\u0105sek. W rankingu najwi\u0119cej punkt\u00f3w ma W\u0105sek, ale tu ju\u017c m\u00f3wili\u015bmy, \u017ce rankingi, to jedno, a najwa\u017cniejsza jest dyspozycja i ostatni g\u0142os trenera.<\/p>\n<p class=\"Paragraph_desktopParagraph__Fd2e9\">Rozmawia\u0142e\u015b o tym z Ma\u0107kiem Maciusiakiem?<\/p>\n<p class=\"Paragraph_desktopParagraph__Fd2e9\">Rozmawiali\u015bmy o tym, \u017ce sytuacja jest bardzo trudna, a jak\u0105kolwiek decyzje podejmie, to teoretycznie kto\u015b mo\u017ce si\u0119 poczu\u0107 pokrzywdzony, \u017ce nie jedzie. Gdyby\u015bmy mieli pi\u0119ciu zawodnik\u00f3w, w tym czterech pewnych, a jednego rezerwowego, to sytuacja by\u0142aby inna. Tylko w tym momencie mamy trzech bez rezerwowego. Trenerzy b\u0119d\u0105 musieli dobrze argumentowa\u0107 swoje wybory.<\/p>\n<p class=\"Paragraph_desktopParagraph__Fd2e9\">W pi\u0105tek w kwalifikacjach w Sapporo <a href=\"https:\/\/przegladsportowy.onet.pl\/sporty-zimowe\/skoki-narciarskie\/dawid-kubacki-wygral-30-ukryta-stawka-kwalifikacji-do-ps-sapporo\/5d3h0fk\" id=\"a68a97a8-050b-4dba-a185-df91ec6d1055\" rel=\"nofollow noopener\" target=\"_blank\">Dawid Kubacki skaka\u0142 dalej od Ma\u0107ka Kota<\/a>, chocia\u017c wszystko jest blisko.<\/p>\n<p class=\"Paragraph_desktopParagraph__Fd2e9\">Blisko, to raz, a poza tym to by\u0142y kwalifikacje, poczekajmy na zawody. Dawid w Zakopanem w kwalifikacjach te\u017c super skoczy\u0142, ale nie nie potwierdzi\u0142 tego w zawodach. Z kolei wcze\u015bniej skaka\u0142 najbardziej stabilnie i dlatego trener zdecydowa\u0142, \u017ce to on b\u0119dzie z Kacprem w konkursie duet\u00f3w. Wracaj\u0105c do wyboru sk\u0142adu, to nie chcia\u0142bym by\u0107 teraz w sk\u00f3rze Ma\u0107ka i reszty sztabu. Gdyby w Sapporo kto\u015b nagle zacz\u0105\u0142 si\u0119 bardzo wyr\u00f3\u017cnia\u0107, sytuacja by\u0142aby inna. Tylko naprawd\u0119 bardzo, bo teraz m\u00f3wisz, \u017ce Dawid przed Ma\u0107kiem, ale przecie\u017c \u017cadnych cud\u00f3w nie by\u0142o.<\/p>\n<p>Adam Ma\u0142ysz wprost o celu Polak\u00f3w na IO<\/p>\n<p class=\"Paragraph_desktopParagraph__Fd2e9\">O to mi chodzi. Rozmawiamy o sk\u0142adzie, ale chodzi o zawodnik\u00f3w, kt\u00f3rzy ko\u0144cz\u0105 zawody w drugiej czy trzeciej dziesi\u0105tce. Nie tu mieli\u015bmy by\u0107.<\/p>\n<p class=\"Paragraph_desktopParagraph__Fd2e9\">Dok\u0142adnie tak. Na igrzyska jedzie si\u0119 walczy\u0107 o medale, a nie nabiera\u0107 do\u015bwiadczenia. S\u0142ysza\u0142em czasem takie g\u0142osy, ale do\u015bwiadczenie to si\u0119 zbiera w Pucharze \u015awiata czy innych zawodach. Igrzyska s\u0105 raz na cztery lata i jedzie si\u0119 tam walczy\u0107 o medal.<\/p>\n<p class=\"Paragraph_desktopParagraph__Fd2e9\">Masz wiar\u0119, \u017ce kto\u015b z naszych mo\u017ce o to walczy\u0107? Kacper przy odrobinie szcz\u0119\u015bcia?<\/p>\n<p class=\"Paragraph_desktopParagraph__Fd2e9\">Zawsze jest wiara. Podczas pr\u00f3by przedolimpijskiej w Predazzo nikt nie stawia\u0142 na wygran\u0105 Kamila i Dawida. Albo teraz w Zakopanem. Te\u017c raczej byli\u015bmy niby bez szans, wydawa\u0142o si\u0119, \u017ce maks, to sz\u00f3ste, mo\u017ce pi\u0105te miejsce. A tu podium. Poczekajmy, a poza tym, niech si\u0119 najpierw co\u015b wydarzy, a p\u00f3\u017aniej o tym rozmawiajmy.<\/p>\n","protected":false},"excerpt":{"rendered":"Kamil Wolnicki: Puchar \u015awiata w Sapporo zdecyduje o tym, kto pojedzie na igrzyska do W\u0142och. Tak na to&hellip;\n","protected":false},"author":2,"featured_media":208778,"comment_status":"","ping_status":"","sticky":false,"template":"","format":"standard","meta":{"footnotes":""},"categories":[24],"tags":[4603,3516,67,15023,3515,14478,194,14480,42,38,40,39,41,136,128,47,1874,127,135,126],"class_list":{"0":"post-208777","1":"post","2":"type-post","3":"status-publish","4":"format-standard","5":"has-post-thumbnail","7":"category-sport","8":"tag-adam_malysz","9":"tag-dawid_kubacki","10":"tag-intextvideo_splayer","11":"tag-kacper_tomasiak","12":"tag-kamil_stoch","13":"tag-maciej_kot","14":"tag-maja","15":"tag-pawel_wasek","16":"tag-pl","17":"tag-poland","18":"tag-polish","19":"tag-polska","20":"tag-polski","21":"tag-ps_detal_new","22":"tag-psv2","23":"tag-screening_general","24":"tag-skoki_narciarskie","25":"tag-sport","26":"tag-sport_sport","27":"tag-sports"},"share_on_mastodon":{"url":"https:\/\/pubeurope.com\/@pl\/115905374831996791","error":""},"_links":{"self":[{"href":"https:\/\/www.europesays.com\/pl\/wp-json\/wp\/v2\/posts\/208777","targetHints":{"allow":["GET"]}}],"collection":[{"href":"https:\/\/www.europesays.com\/pl\/wp-json\/wp\/v2\/posts"}],"about":[{"href":"https:\/\/www.europesays.com\/pl\/wp-json\/wp\/v2\/types\/post"}],"author":[{"embeddable":true,"href":"https:\/\/www.europesays.com\/pl\/wp-json\/wp\/v2\/users\/2"}],"replies":[{"embeddable":true,"href":"https:\/\/www.europesays.com\/pl\/wp-json\/wp\/v2\/comments?post=208777"}],"version-history":[{"count":0,"href":"https:\/\/www.europesays.com\/pl\/wp-json\/wp\/v2\/posts\/208777\/revisions"}],"wp:featuredmedia":[{"embeddable":true,"href":"https:\/\/www.europesays.com\/pl\/wp-json\/wp\/v2\/media\/208778"}],"wp:attachment":[{"href":"https:\/\/www.europesays.com\/pl\/wp-json\/wp\/v2\/media?parent=208777"}],"wp:term":[{"taxonomy":"category","embeddable":true,"href":"https:\/\/www.europesays.com\/pl\/wp-json\/wp\/v2\/categories?post=208777"},{"taxonomy":"post_tag","embeddable":true,"href":"https:\/\/www.europesays.com\/pl\/wp-json\/wp\/v2\/tags?post=208777"}],"curies":[{"name":"wp","href":"https:\/\/api.w.org\/{rel}","templated":true}]}}