{"id":208834,"date":"2026-01-16T15:32:07","date_gmt":"2026-01-16T15:32:07","guid":{"rendered":"https:\/\/www.europesays.com\/pl\/208834\/"},"modified":"2026-01-16T15:32:07","modified_gmt":"2026-01-16T15:32:07","slug":"spadek-ko-tylko-dwie-partie-koalicji-rzadzacej-w-sejmie-tak-chca-glosowac-polacy-sondaz","status":"publish","type":"post","link":"https:\/\/www.europesays.com\/pl\/208834\/","title":{"rendered":"Spadek KO, tylko dwie partie koalicji rz\u0105dz\u0105cej w Sejmie. Tak chc\u0105 g\u0142osowa\u0107 Polacy [SONDA\u017b]"},"content":{"rendered":"<p class=\"ods-c-paragraph \">Badanie pracowni Opinia24 zosta\u0142o przeprowadzone w okresie 12-14 stycznia na reprezentatywnej pr\u00f3bie 1001 doros\u0142ych Polak\u00f3w metodami CATI i CAWI (wywiad\u00f3w telefonicznych wspomaganych komputerowo oraz wywiad\u00f3w internetowych).<\/p>\n<p class=\"ods-c-paragraph \">***<\/p>\n<p class=\"ods-c-paragraph \">Ch\u0119\u0107 udzia\u0142u w wyborach parlamentarnych deklaruje 74 proc. ankietowanych \u2014 wynika z najnowszego sonda\u017cu pracowni Opinia24.<\/p>\n<p class=\"ods-c-paragraph \">53 proc. wybra\u0142o opcj\u0119 &#8222;zdecydowanie tak&#8221;, a 21 proc. \u2014 &#8222;raczej tak&#8221;. Na wybory nie wybiera si\u0119 18 proc. os\u00f3b (9 proc. \u2014 &#8222;raczej nie&#8221; i 9 proc. \u2014 &#8222;zdecydowanie nie&#8221;).<\/p>\n<p> Dalszy ci\u0105g artyku\u0142u pod materia\u0142em wideo    <\/p>\n<p> Jaka partia wygra\u0142aby wybory, gdyby odby\u0142y si\u0119 w najbli\u017csz\u0105 niedziel\u0119? <\/p>\n<p> Ile procent Polak\u00f3w zadeklarowa\u0142o ch\u0119\u0107 udzia\u0142u w wyborach? <\/p>\n<p> Jakie partie znalaz\u0142yby si\u0119 w Sejmie wed\u0142ug sonda\u017cu? <\/p>\n<p> Kto zanotowa\u0142 najwi\u0119kszy wzrost poparcia w por\u00f3wnaniu do poprzedniego badania? <\/p>\n<p>  Spadek KO, tylko dwie partie koalicji rz\u0105dz\u0105cej w Sejmie. Jest sonda\u017c<\/p>\n<p class=\"ods-c-paragraph \">Gdyby wybory odbywa\u0142y si\u0119 w niedziel\u0119, wygra\u0142aby je Koalicja Obywatelska z wynikiem 30,9 proc., co oznacza spadek o 1,9 pp. w por\u00f3wnaniu z poprzednim badaniem.<\/p>\n<p class=\"ods-c-paragraph \">Na drugim miejscu znalaz\u0142o si\u0119 Prawo i Sprawiedliwo\u015b\u0107, na kt\u00f3re chce g\u0142osowa\u0107 25,8 proc. (wzrost o 0,4 pp.). Podium zamyka Konfederacja, na kt\u00f3r\u0105 chce g\u0142osowa\u0107 12,8 proc. (wzrost o 2,1 pp.).<\/p>\n<p class=\"ods-c-paragraph \">Konfederacja Korony Polskiej mo\u017ce liczy\u0107 wynikiem 7,4 proc. (spadek o 1,2 pp.). Najwi\u0119kszy wzrost w por\u00f3wnaniu do poprzedniego badania \u2014 o 2,2 pp. \u2014 zanotowa\u0142a znajduj\u0105ca si\u0119 w obecnej koalicji rz\u0105dz\u0105cej Lewica, na kt\u00f3r\u0105 chce g\u0142osowa\u0107 7,1 proc. os\u00f3b.<\/p>\n<p class=\"ods-c-paragraph \">Pod progiem wyborczym znalaz\u0142yby si\u0119 Polska 2050, na kt\u00f3r\u0105 ch\u0119\u0107 oddania g\u0142osu deklaruje 4 proc. badanych (wzrost o 1,9 pp.). Na Polskie Stronnictwo Ludowe chce g\u0142osowa\u0107 3,3 proc. os\u00f3b (wzrost o 0,7 pp.), a na parti\u0119 Razem \u2014 2,7 proc. (spadek o 0,8 pp.).<\/p>\n<p class=\"ods-c-paragraph \">Opcj\u0119 &#8222;inna partia&#8221; wskaza\u0142o 0,8 proc. ankietowanych, a &#8222;nie wiem\/trudno powiedzie\u0107&#8221; \u2014 5,2 proc.<\/p>\n","protected":false},"excerpt":{"rendered":"Badanie pracowni Opinia24 zosta\u0142o przeprowadzone w okresie 12-14 stycznia na reprezentatywnej pr\u00f3bie 1001 doros\u0142ych Polak\u00f3w metodami CATI i&hellip;\n","protected":false},"author":2,"featured_media":208835,"comment_status":"","ping_status":"","sticky":false,"template":"","format":"standard","meta":{"footnotes":""},"categories":[12],"tags":[32,33,36,37,27,7210,1006,49,34,35,28,31,48,25,46,529,42,38,40,39,41,47,5485,231,29,30,26],"class_list":{"0":"post-208834","1":"post","2":"type-post","3":"status-publish","4":"format-standard","5":"has-post-thumbnail","7":"category-polska","8":"tag-breaking-news","9":"tag-breakingnews","10":"tag-featured-news","11":"tag-featurednews","12":"tag-headlines","13":"tag-koalicja_obywatelska","14":"tag-konfederacja","15":"tag-kraj","16":"tag-latest-news","17":"tag-latestnews","18":"tag-naglowki","19":"tag-najwazniejsze-artykuly","20":"tag-nat_styl","21":"tag-news","22":"tag-omp","23":"tag-pis","24":"tag-pl","25":"tag-poland","26":"tag-polish","27":"tag-polska","28":"tag-polski","29":"tag-screening_general","30":"tag-sejm_rp","31":"tag-sondaze","32":"tag-top-stories","33":"tag-topstories","34":"tag-wiadomosci"},"share_on_mastodon":{"url":"https:\/\/pubeurope.com\/@pl\/115905504546093906","error":""},"_links":{"self":[{"href":"https:\/\/www.europesays.com\/pl\/wp-json\/wp\/v2\/posts\/208834","targetHints":{"allow":["GET"]}}],"collection":[{"href":"https:\/\/www.europesays.com\/pl\/wp-json\/wp\/v2\/posts"}],"about":[{"href":"https:\/\/www.europesays.com\/pl\/wp-json\/wp\/v2\/types\/post"}],"author":[{"embeddable":true,"href":"https:\/\/www.europesays.com\/pl\/wp-json\/wp\/v2\/users\/2"}],"replies":[{"embeddable":true,"href":"https:\/\/www.europesays.com\/pl\/wp-json\/wp\/v2\/comments?post=208834"}],"version-history":[{"count":0,"href":"https:\/\/www.europesays.com\/pl\/wp-json\/wp\/v2\/posts\/208834\/revisions"}],"wp:featuredmedia":[{"embeddable":true,"href":"https:\/\/www.europesays.com\/pl\/wp-json\/wp\/v2\/media\/208835"}],"wp:attachment":[{"href":"https:\/\/www.europesays.com\/pl\/wp-json\/wp\/v2\/media?parent=208834"}],"wp:term":[{"taxonomy":"category","embeddable":true,"href":"https:\/\/www.europesays.com\/pl\/wp-json\/wp\/v2\/categories?post=208834"},{"taxonomy":"post_tag","embeddable":true,"href":"https:\/\/www.europesays.com\/pl\/wp-json\/wp\/v2\/tags?post=208834"}],"curies":[{"name":"wp","href":"https:\/\/api.w.org\/{rel}","templated":true}]}}