{"id":209190,"date":"2026-01-16T19:10:09","date_gmt":"2026-01-16T19:10:09","guid":{"rendered":"https:\/\/www.europesays.com\/pl\/209190\/"},"modified":"2026-01-16T19:10:09","modified_gmt":"2026-01-16T19:10:09","slug":"tragedia-w-myjomicach-matka-wbiegla-w-plomienie-probujac-ratowac-syna-onet","status":"publish","type":"post","link":"https:\/\/www.europesays.com\/pl\/209190\/","title":{"rendered":"Tragedia w Myjomicach. Matka wbieg\u0142a w p\u0142omienie, pr\u00f3buj\u0105c ratowa\u0107 syna &#8211; Onet"},"content":{"rendered":"<ol>\n<li><a href=\"https:\/\/news.google.com\/rss\/articles\/CBMi0AFBVV95cUxNNkplQ2pqQlJCdXZfVTBDaEoxeVhkYWVDYU5BZ25zTlUtSUFHUHdZVld2dktqdWRZanB1V0dfVmhIQ3pfUnZkeWtqRVQybzRycXVnSUdYZzQyai1QcEw4VWpiaTc0bEJsbXZZdHFVQVdIXzEtYWF6XzZwLXU5MjBOMktpNmhkV2FBNUhST3l5Y2Y0TzRrNmhkSm1PRllJSWw3LXFSd3NnTC1DaVdfS3ZBc3VQU0ZXb1VEWVlhSF81NEVJOW52aGVXdF83VWpnQ2JN?oc=5\" target=\"_blank\" rel=\"nofollow noopener\">Tragedia w Myjomicach. Matka wbieg\u0142a w p\u0142omienie, pr\u00f3buj\u0105c ratowa\u0107 syna<\/a>&nbsp;&nbsp;Onet<\/li>\n<li><a href=\"https:\/\/news.google.com\/rss\/articles\/CBMivwFBVV95cUxOOE1XYlJaNkhBSXlaTlliTGtuZnJ2YVNRQzVlczJQZW9EYm00cTM3NUd6ZTNpNURndE9nY2dCMUd5czlXZGdjSlBtX0d1V2c1enBkNEQzZlNURkdZRVVpX3NrWHNBdDl3eDlWRzREQ1lwNXVNMWhUaUFrQ0hEemdFVlhlWnZNRFZnQ2ppY1l2MWZLUVl2SzlKMWVrMlRlMEczaFc4TkV3dDJMZDJDMTc2bkdsX2Q4LW5UNm1mLWZsUQ?oc=5\" target=\"_blank\" rel=\"nofollow noopener\">Po\u017car zacz\u0105\u0142 si\u0119 na poddaszu. Tragedia w Myjomicach, nie \u017cyje 11-letni ch\u0142opiec<\/a>&nbsp;&nbsp;Wydarzenia w INTERIA.PL<\/li>\n<li><a href=\"https:\/\/news.google.com\/rss\/articles\/CBMizgFBVV95cUxOa0VjRFR6YW1rYmpCeENLZWpDWXV0M25jSnN6aDhaTUszRjA4czBvXy05X2IyaWdldWViXzU0TmZIT05lb1NLVW5JbzlGUlE0UkdzTjJxeG5tSzl6dXN4Qlc1VHY5RkFYRGdNc2hnWXFYSE44VnVHd213eHdpajlyZVdvQ2c1aEZqMTZzVjFnUmxJc2tJQ3FnQWZnQ2p1T3V2dzZDTDJVUUdLeWZNTEE4R3M1QWJOeG5HVDFYR1pRcjZrN3lucGxpbUFyVjZ3Zw?oc=5\" target=\"_blank\" rel=\"nofollow noopener\">Myjomice. Po\u017car domu. Nie \u017cyje 11-letni ch\u0142opiec, matka w szpitalu. Ojciec uratowa\u0142 dwoje ma\u0142ych dzieci<\/a>&nbsp;&nbsp;TVN24<\/li>\n<li><a href=\"https:\/\/news.google.com\/rss\/articles\/CBMinAFBVV95cUxOdVhjaEY0cDZIS3lzSlJ4ZVliZEVSUkt5aDRiNEloQTl0MFUyQnlaSHM0UXNBMkpOTUFHcmhYWDRRS0RjN3pCaHA0RHktTVNBZHRzbnBvZFBpQXlfV3lTT0p3MDE4dWhjbGdfcUkyV3hCclNZQzBhb21uZDJ1OEcxajRnWG5xWFpKcm9rWUQ1aXVpTHJSRkllWThxM0E?oc=5\" target=\"_blank\" rel=\"nofollow noopener\">Tragiczny po\u017car w Myjomicach. Zgin\u0105\u0142 11-letni ch\u0142opiec<\/a>&nbsp;&nbsp;WP Wiadomo\u015bci<\/li>\n<li><a href=\"https:\/\/news.google.com\/rss\/articles\/CBMivAFBVV95cUxNNkpVaFRKdmNuS1FrckRhZ0pMUE5RallxYnZReFJoRl9NUGV2TUJpXzROV25LT0NTc3plV21VN0JFemNYTzJYOWtBeVM2SmJGd2dZN3h6N2JLMUZ1MjNLRnNjbXozeEpJOGNORFR4ZXU3ZEFQUWdXVmlhMlY5cjFEWTkzUlVabGlxLXZnd0QzcDlFNXlScW00U1Z1T2ZzRDNJLXlJMm9vNG4wdlJUQjR0c0hGTEhob00zd0FFMQ?oc=5\" target=\"_blank\" rel=\"nofollow noopener\">Tragedia w Wielkopolsce. 11-latek z niepe\u0142nosprawno\u015bci\u0105 zgin\u0105\u0142 w po\u017carze<\/a>&nbsp;&nbsp;Gazeta<\/li>\n<\/ol>\n","protected":false},"excerpt":{"rendered":"Tragedia w Myjomicach. Matka wbieg\u0142a w p\u0142omienie, pr\u00f3buj\u0105c ratowa\u0107 syna&nbsp;&nbsp;Onet Po\u017car zacz\u0105\u0142 si\u0119 na poddaszu. Tragedia w Myjomicach,&hellip;\n","protected":false},"author":2,"featured_media":209191,"comment_status":"","ping_status":"","sticky":false,"template":"","format":"standard","meta":{"footnotes":""},"categories":[5],"tags":[32,33,1815,36,37,27,34,35,1565,28,31,53,25,52,68,51,55,42,38,40,39,41,47,29,30,50,26],"class_list":{"0":"post-209190","1":"post","2":"type-post","3":"status-publish","4":"format-standard","5":"has-post-thumbnail","7":"category-naglowki","8":"tag-breaking-news","9":"tag-breakingnews","10":"tag-codziennypoznanpl","11":"tag-featured-news","12":"tag-featurednews","13":"tag-headlines","14":"tag-latest-news","15":"tag-latestnews","16":"tag-ms","17":"tag-naglowki","18":"tag-najwazniejsze-artykuly","19":"tag-new_header","20":"tag-news","21":"tag-onet3","22":"tag-onet3d","23":"tag-onet3d_2i","24":"tag-phx","25":"tag-pl","26":"tag-poland","27":"tag-polish","28":"tag-polska","29":"tag-polski","30":"tag-screening_general","31":"tag-top-stories","32":"tag-topstories","33":"tag-v2021","34":"tag-wiadomosci"},"share_on_mastodon":{"url":"https:\/\/pubeurope.com\/@pl\/115906361567894629","error":""},"_links":{"self":[{"href":"https:\/\/www.europesays.com\/pl\/wp-json\/wp\/v2\/posts\/209190","targetHints":{"allow":["GET"]}}],"collection":[{"href":"https:\/\/www.europesays.com\/pl\/wp-json\/wp\/v2\/posts"}],"about":[{"href":"https:\/\/www.europesays.com\/pl\/wp-json\/wp\/v2\/types\/post"}],"author":[{"embeddable":true,"href":"https:\/\/www.europesays.com\/pl\/wp-json\/wp\/v2\/users\/2"}],"replies":[{"embeddable":true,"href":"https:\/\/www.europesays.com\/pl\/wp-json\/wp\/v2\/comments?post=209190"}],"version-history":[{"count":0,"href":"https:\/\/www.europesays.com\/pl\/wp-json\/wp\/v2\/posts\/209190\/revisions"}],"wp:featuredmedia":[{"embeddable":true,"href":"https:\/\/www.europesays.com\/pl\/wp-json\/wp\/v2\/media\/209191"}],"wp:attachment":[{"href":"https:\/\/www.europesays.com\/pl\/wp-json\/wp\/v2\/media?parent=209190"}],"wp:term":[{"taxonomy":"category","embeddable":true,"href":"https:\/\/www.europesays.com\/pl\/wp-json\/wp\/v2\/categories?post=209190"},{"taxonomy":"post_tag","embeddable":true,"href":"https:\/\/www.europesays.com\/pl\/wp-json\/wp\/v2\/tags?post=209190"}],"curies":[{"name":"wp","href":"https:\/\/api.w.org\/{rel}","templated":true}]}}