{"id":209214,"date":"2026-01-16T19:25:07","date_gmt":"2026-01-16T19:25:07","guid":{"rendered":"https:\/\/www.europesays.com\/pl\/209214\/"},"modified":"2026-01-16T19:25:07","modified_gmt":"2026-01-16T19:25:07","slug":"ogromne-rozczarowanie-flicka-na-tym-pilkarzu-sie-zawiodl","status":"publish","type":"post","link":"https:\/\/www.europesays.com\/pl\/209214\/","title":{"rendered":"Ogromne rozczarowanie Flicka. Na tym pi\u0142karzu si\u0119 zawi\u00f3d\u0142"},"content":{"rendered":"\n<p class=\"contentpart contentpart--default contentpart--text\" data-position=\"0\">Katalo\u0144ski &#8222;Sport&#8221; ustali\u0142, \u017ce <a href=\"https:\/\/sportowefakty.wp.pl\/pilka-nozna\/dro-fernandez\" rel=\"nofollow noopener\" target=\"_blank\">Dro Fernandez<\/a>\u00a0zdecydowa\u0142 si\u0119 aktywowa\u0107 klauzul\u0119 opiewaj\u0105c\u0105 na sze\u015b\u0107 milion\u00f3w euro i odej\u015b\u0107 ju\u017c w tym oknie. <a href=\"https:\/\/sportowefakty.wp.pl\/pilka-nozna\/fc-barcelona\" rel=\"nofollow noopener\" target=\"_blank\">FC Barcelona<\/a>\u00a0planowa\u0142a nowy kontrakt po jego 18. urodzinach (12 stycznia), ale nie dopi\u0119\u0142a formalno\u015bci. Deco nie zamkn\u0105\u0142 rozm\u00f3w na czas.<\/p>\n<p class=\"contentpart contentpart--default contentpart--text\" data-position=\"1\">W pi\u0105tek w Ciutat Esportiva zawodnik przekaza\u0142 decyzj\u0119 trenerowi. Wed\u0142ug wspomnianego \u017ar\u00f3d\u0142a <a href=\"https:\/\/sportowefakty.wp.pl\/pilka-nozna\/hansi-flick\" rel=\"nofollow noopener\" target=\"_blank\">Hansi Flick<\/a>\u00a0mia\u0142 powiedzie\u0107 swojemu bliskiemu otoczeniu, \u017ce &#8222;to najwi\u0119ksze rozczarowanie w jego \u017cyciu&#8221;.<\/p>\n<p>  <img decoding=\"async\" src=\"https:\/\/v.wpimg.pl\/X3dwLnN2d1IFFTpdYUl6R0ZNbgcnEHQREVV2TGEGbUtRT2MdOlZ2RBQUKABgQjQcDRotCStBd1IAAWMeIlM7VgwYIAorQAdEFFk_GCkQJQ\" alt=\"\" width=\"45\" height=\"58\" loading=\"lazy\"\/>  <\/p>\n<p class=\"contentpart contentpart--default contentpart--text\" data-position=\"2\">ZOBACZ WIDEO: A\u017c si\u0119 pop\u0142aka\u0142. Tak Boruc wzruszy\u0142 Fabia\u0144skiego<\/p>\n<p class=\"contentpart contentpart--default contentpart--text\" data-position=\"4\">W najbli\u017cszych dniach pi\u0142karz spotka si\u0119 z rodzin\u0105 i agentami, by przeanalizowa\u0107 oferty. Na ten moment nie wiadomo, w kt\u00f3rym klubie b\u0119dzie kontynuowa\u0142 karier\u0119. Zainteresowanie jest du\u017ce, a niska klauzula dzia\u0142a jak magnes na europejskich potentat\u00f3w.<\/p>\n<p class=\"contentpart contentpart--default contentpart--text\" data-position=\"5\">Barcelona rozwa\u017ca ostatni\u0105 pr\u00f3b\u0119 zatrzymania zawodnika, otwieraj\u0105c kana\u0142 rozm\u00f3w, by odwr\u00f3ci\u0107 decyzj\u0119. W klubie panuje zaskoczenie i rozczarowanie skal\u0105 zwrotu akcji.<\/p>\n<p class=\"contentpart contentpart--default contentpart--text\" data-position=\"6\">Dro trafi\u0142 do La Masii latem 2022 roku z ED Val Minor Nigr\u00e1n. W tym sezonie by\u0142 ju\u017c w\u0142\u0105czony do pierwszego zespo\u0142u. Zagra\u0142 148 minut w pi\u0119ciu meczach: czterech w La Lidze i jednym w Lidze Mistrz\u00f3w, notuj\u0105c asyst\u0119 w starciu z Olympiakosem Pireus.<\/p>\n","protected":false},"excerpt":{"rendered":"Katalo\u0144ski &#8222;Sport&#8221; ustali\u0142, \u017ce Dro Fernandez\u00a0zdecydowa\u0142 si\u0119 aktywowa\u0107 klauzul\u0119 opiewaj\u0105c\u0105 na sze\u015b\u0107 milion\u00f3w euro i odej\u015b\u0107 ju\u017c w&hellip;\n","protected":false},"author":2,"featured_media":209215,"comment_status":"","ping_status":"","sticky":false,"template":"","format":"standard","meta":{"footnotes":""},"categories":[24],"tags":[39908,272,2600,269,42,38,40,39,41,127,126],"class_list":{"0":"post-209214","1":"post","2":"type-post","3":"status-publish","4":"format-standard","5":"has-post-thumbnail","7":"category-sport","8":"tag-dro-fernandez","9":"tag-fc-barcelona","10":"tag-hansi-flick","11":"tag-pilka-nozna","12":"tag-pl","13":"tag-poland","14":"tag-polish","15":"tag-polska","16":"tag-polski","17":"tag-sport","18":"tag-sports"},"share_on_mastodon":{"url":"https:\/\/pubeurope.com\/@pl\/115906420644839895","error":""},"_links":{"self":[{"href":"https:\/\/www.europesays.com\/pl\/wp-json\/wp\/v2\/posts\/209214","targetHints":{"allow":["GET"]}}],"collection":[{"href":"https:\/\/www.europesays.com\/pl\/wp-json\/wp\/v2\/posts"}],"about":[{"href":"https:\/\/www.europesays.com\/pl\/wp-json\/wp\/v2\/types\/post"}],"author":[{"embeddable":true,"href":"https:\/\/www.europesays.com\/pl\/wp-json\/wp\/v2\/users\/2"}],"replies":[{"embeddable":true,"href":"https:\/\/www.europesays.com\/pl\/wp-json\/wp\/v2\/comments?post=209214"}],"version-history":[{"count":0,"href":"https:\/\/www.europesays.com\/pl\/wp-json\/wp\/v2\/posts\/209214\/revisions"}],"wp:featuredmedia":[{"embeddable":true,"href":"https:\/\/www.europesays.com\/pl\/wp-json\/wp\/v2\/media\/209215"}],"wp:attachment":[{"href":"https:\/\/www.europesays.com\/pl\/wp-json\/wp\/v2\/media?parent=209214"}],"wp:term":[{"taxonomy":"category","embeddable":true,"href":"https:\/\/www.europesays.com\/pl\/wp-json\/wp\/v2\/categories?post=209214"},{"taxonomy":"post_tag","embeddable":true,"href":"https:\/\/www.europesays.com\/pl\/wp-json\/wp\/v2\/tags?post=209214"}],"curies":[{"name":"wp","href":"https:\/\/api.w.org\/{rel}","templated":true}]}}