{"id":209327,"date":"2026-01-16T20:28:03","date_gmt":"2026-01-16T20:28:03","guid":{"rendered":"https:\/\/www.europesays.com\/pl\/209327\/"},"modified":"2026-01-16T20:28:03","modified_gmt":"2026-01-16T20:28:03","slug":"rozmowy-ruszyly-legenda-coraz-blizej-reprezentacji","status":"publish","type":"post","link":"https:\/\/www.europesays.com\/pl\/209327\/","title":{"rendered":"Rozmowy ruszy\u0142y. Legenda coraz bli\u017cej reprezentacji"},"content":{"rendered":"\n<p class=\"contentpart contentpart--default contentpart--text\" data-position=\"0\">Zinedine Zidane nie pracuje jako trener od zako\u0144czenia sezonu 2020\/21, gdy odszed\u0142 z Realu Madryt, natomiast wkr\u00f3tce ma si\u0119 to zmieni\u0107.<\/p>\n<p class=\"contentpart contentpart--default contentpart--text\" data-position=\"1\">&#8222;L&#8217;Equipe&#8221; informuje, \u017ce francuska federacja rozpocz\u0119\u0142a rozmowy z 53-latkiem ws. obj\u0119cia przez niego pierwszej reprezentacji.<\/p>\n<p>  <img decoding=\"async\" src=\"https:\/\/v.wpimg.pl\/X3dwLnN2d1IFFTpdYUl6R0ZNbgcnEHQREVV2TGEGbUtRT2MdOlZ2RBQUKABgQjQcDRotCStBd1IAAWMeIlM7VgwYIAorQAdEFFk_GCkQJQ\" alt=\"\" width=\"45\" height=\"58\" loading=\"lazy\"\/>  <\/p>\n<p class=\"contentpart contentpart--default contentpart--text\" data-position=\"2\">Obecnie selekcjonerem jest Didier Deschamps (od 2012 roku), natomiast jego przygoda z kadr\u0105 ma si\u0119 zako\u0144czy\u0107 po tegorocznych mistrzostwach \u015bwiata (niezale\u017cnie od wyniku).<\/p>\n<p class=\"contentpart contentpart--default contentpart--text\" data-position=\"3\">Prezes francuskiego zwi\u0105zku\u00a0Philippe Diallo niejednokrotnie powtarza\u0142 w wywiadach, \u017ce chce si\u0119 zaj\u0105\u0107 nowym selekcjonerem dopiero po mundialu, ale wspomniane ju\u017c \u017ar\u00f3d\u0142o informuje, \u017ce temat przyspieszy\u0142.<\/p>\n<p class=\"contentpart contentpart--default contentpart--text\" data-position=\"4\">Rozmowy si\u0119 rozpocz\u0119\u0142y. &#8222;L&#8217;Equipe&#8221; pisze o &#8222;tajnych rozmowach&#8221;, ale skoro wszyscy o nich wiedz\u0105, to jednak nie s\u0105 takie tajne. Trwaj\u0105 dyskusje m.in. nad kszta\u0142tem sztabu szkoleniowego. W nim ma znale\u017a\u0107 si\u0119 m.in. David Bettoni (asystent Zidane&#8217;a w Realu).<\/p>\n<p class=\"contentpart contentpart--default contentpart--text\" data-position=\"5\">Mo\u017cemy te\u017c przeczyta\u0107, \u017ce Zidane chcia\u0142by mie\u0107 bardziej liczny sztab w kadrze ni\u017c Deschamps.<\/p>\n<p class=\"contentpart contentpart--default contentpart--text\" data-position=\"6\">Zidane jako trener Realu trzykrotnie wygrywa\u0142 Lig\u0119 Mistrz\u00f3w, dwa razy by\u0142 mistrzem Hiszpanii. Do tego dwa Superpuchary Hiszpanii i dwa Superpuchary UEFA.<\/p>\n<p>  <img decoding=\"async\" src=\"https:\/\/v.wpimg.pl\/X3dwLnN2d1IFFTpdYUl6R0ZNbgcnEHQREVV2TGEGbUtRT2MdOlZ2RBQUKABgQjQcDRotCStBd1IAAWMeIlM7VgwYIAorQAdEFFk_GCkQJQ\" alt=\"\" width=\"45\" height=\"58\" loading=\"lazy\"\/>  <\/p>\n<p class=\"contentpart contentpart--default contentpart--text\" data-position=\"7\">ZOBACZ WIDEO: #dziejesiewsporcie: Zobacz, co zrobi\u0142 bramkarz. To by\u0142 spektakularny gol!<\/p>\n","protected":false},"excerpt":{"rendered":"Zinedine Zidane nie pracuje jako trener od zako\u0144czenia sezonu 2020\/21, gdy odszed\u0142 z Realu Madryt, natomiast wkr\u00f3tce ma&hellip;\n","protected":false},"author":2,"featured_media":209328,"comment_status":"","ping_status":"","sticky":false,"template":"","format":"standard","meta":{"footnotes":""},"categories":[24],"tags":[4418,96,269,893,278,42,38,40,39,41,1289,127,126,29144],"class_list":{"0":"post-209327","1":"post","2":"type-post","3":"status-publish","4":"format-standard","5":"has-post-thumbnail","7":"category-sport","8":"tag-didier-deschamps","9":"tag-francja","10":"tag-pilka-nozna","11":"tag-pilka-nozna-we-francji","12":"tag-pilka-w-europie","13":"tag-pl","14":"tag-poland","15":"tag-polish","16":"tag-polska","17":"tag-polski","18":"tag-reprezentacja-francji","19":"tag-sport","20":"tag-sports","21":"tag-zinedine-zidane"},"share_on_mastodon":{"url":"https:\/\/pubeurope.com\/@pl\/115906668371838002","error":""},"_links":{"self":[{"href":"https:\/\/www.europesays.com\/pl\/wp-json\/wp\/v2\/posts\/209327","targetHints":{"allow":["GET"]}}],"collection":[{"href":"https:\/\/www.europesays.com\/pl\/wp-json\/wp\/v2\/posts"}],"about":[{"href":"https:\/\/www.europesays.com\/pl\/wp-json\/wp\/v2\/types\/post"}],"author":[{"embeddable":true,"href":"https:\/\/www.europesays.com\/pl\/wp-json\/wp\/v2\/users\/2"}],"replies":[{"embeddable":true,"href":"https:\/\/www.europesays.com\/pl\/wp-json\/wp\/v2\/comments?post=209327"}],"version-history":[{"count":0,"href":"https:\/\/www.europesays.com\/pl\/wp-json\/wp\/v2\/posts\/209327\/revisions"}],"wp:featuredmedia":[{"embeddable":true,"href":"https:\/\/www.europesays.com\/pl\/wp-json\/wp\/v2\/media\/209328"}],"wp:attachment":[{"href":"https:\/\/www.europesays.com\/pl\/wp-json\/wp\/v2\/media?parent=209327"}],"wp:term":[{"taxonomy":"category","embeddable":true,"href":"https:\/\/www.europesays.com\/pl\/wp-json\/wp\/v2\/categories?post=209327"},{"taxonomy":"post_tag","embeddable":true,"href":"https:\/\/www.europesays.com\/pl\/wp-json\/wp\/v2\/tags?post=209327"}],"curies":[{"name":"wp","href":"https:\/\/api.w.org\/{rel}","templated":true}]}}