{"id":209430,"date":"2026-01-16T21:29:11","date_gmt":"2026-01-16T21:29:11","guid":{"rendered":"https:\/\/www.europesays.com\/pl\/209430\/"},"modified":"2026-01-16T21:29:11","modified_gmt":"2026-01-16T21:29:11","slug":"nawroccy-zlamali-protokol-dyplomatyczny-ekspert-od-mowy-ciala-komentuje-plotek-pl","status":"publish","type":"post","link":"https:\/\/www.europesays.com\/pl\/209430\/","title":{"rendered":"Nawroccy z\u0142amali protok\u00f3\u0142 dyplomatyczny. Ekspert od mowy cia\u0142a komentuje &#8211; Plotek.pl"},"content":{"rendered":"<ol>\n<li><a href=\"https:\/\/news.google.com\/rss\/articles\/CBMitwFBVV95cUxQb2tnNWlTWGVYaHltSmlsYnUtdzZJU0N0aEhqNFdaX1c5WTV6Ti0zeWlKZXpiYk16cS1BWUlEWW1QdWMzYmdMMFkxeGRIazJvTnY3SDRaa3pXRVFuM2ZGbld3Q1QyOVFFU1poRnZVM0ltUDhIOGZZTUsyX0pmcU82MlVaX1M5UUxwVGd5cVdscnd0bjN6LUZSR3RLbUpVclBZZWk5Y1RNc1c5ajQ4LUxqYXkyaV9odlU?oc=5\" target=\"_blank\" rel=\"nofollow noopener\">Nawroccy z\u0142amali protok\u00f3\u0142 dyplomatyczny. Ekspert od mowy cia\u0142a komentuje<\/a>&nbsp;&nbsp;Plotek.pl<\/li>\n<li><a href=\"https:\/\/news.google.com\/rss\/articles\/CBMitgFBVV95cUxNYmVHMkNabFBVbjJnb2xWQVc1TTRvdWFxZzRyejk3cHQzQldsRmMxTTRyQnlINWhMaEU3U2swb1hiNjZkbm16aVVMMzBxUmdmNzlGSTNGRHdIdjgtVUpkNUJqYm5IYkdocXRJTjEwR185Tm1ManlQRllNNEUwRE1IbVZTc1I1akk3UC1NYi14RWlxS3FlaWRlZHpJazJybVlWUU9xaHE0QnBsdGhLbHRfN0RIaXVxZw?oc=5\" target=\"_blank\" rel=\"nofollow noopener\">Marta i Karol Nawroccy publicznie trzymaj\u0105 si\u0119 za r\u0119ce. Ekspert zwraca uwag\u0119 na pewn\u0105 zmian\u0119<\/a>&nbsp;&nbsp;Plejada<\/li>\n<li><a href=\"https:\/\/news.google.com\/rss\/articles\/CBMi3gFBVV95cUxQZFAwdzQyY2lqWDZLUEVBTS1DTktQclhzWDAyRDRfalRrRlhxSXo4S1l4cTFUbHFsbWw1WjM0dGQ0SFZjWkhNMG1ua21ZTm5sNmVycjM4ZVFXMXhDcEVBU2ZMTkhwQXE0QjNRNDJTZjcwM2ZCVEF1MlpBWVJ1SGFJd2xlbUQ1VkR4VlBQYVFxdWlsLU81Y3pvaWJRRV9aR3FhSEdhZV9GNlFwODcxTmRlYWFpU2p1ZzBSbDdNOW5QejhHeWZUUldsQmkwWTI5d2FNbF9nMjRoMnFXTUlsdnc?oc=5\" target=\"_blank\" rel=\"nofollow noopener\">Ekspert od mowy cia\u0142a analizuje gesty Marty i Karola Nawrockich. Czy ich publiczne zachowanie ujawnia co\u015b wi\u0119cej o ich relacji? Link w komentarzu<\/a>&nbsp;&nbsp;facebook.com<\/li>\n<li><a href=\"https:\/\/news.google.com\/rss\/articles\/CBMimAFBVV95cUxORTE0RGFLZGNzREE0bkVpUkJ0UEZYOE5kUElSaXVsMnJVTWxpU1FuclVLY1BZUkJaTXEwYklZZUlMVWx5U3pTVklORFlxR1FtdVExWlhXREtvV1JxbHVwMFl6Z1YwcC11MVJ3UGxhN25Gb2pLMlFOZ3R0Q2VkR0JyaXRQbU0wMU41dkxLZFJwckQxRkIxQV92eA?oc=5\" target=\"_blank\" rel=\"nofollow noopener\">A\u017c huczy o z\u0142amaniu protoko\u0142u przez Nawrockich. Wystarczy\u0142 jeden gest<\/a>&nbsp;&nbsp;Kozaczek<\/li>\n<li><a href=\"https:\/\/news.google.com\/rss\/articles\/CBMiswFBVV95cUxNUlkzTUdSRzgzcGozamNXRGVjRFAyd2d4ek9Ld0RBMDV1OHJGX0J1U0pIeE1Pdk5ycmN1U3NoSG1RTi1sM0MzVU1BWkNhUzhpV3U4NGx2UmVMa2FVZ3hHLXRyM0dtQTRKaGF3aDNObGM0cVE5TkpCbDNlRG5lVVlkSXp3YzE0OWNzU0VZWmVhelhlckJ3OVF4M3JZOElnUFdxX21md1JrWTdrbUZpcHgwZ3d4cw?oc=5\" target=\"_blank\" rel=\"nofollow noopener\">Nawroccy zrobili to na oczach wszystkich. Ekspert postawi\u0142 spraw\u0119 jasno<\/a>&nbsp;&nbsp;news.swiatgwiazd.pl<\/li>\n<\/ol>\n","protected":false},"excerpt":{"rendered":"Nawroccy z\u0142amali protok\u00f3\u0142 dyplomatyczny. Ekspert od mowy cia\u0142a komentuje&nbsp;&nbsp;Plotek.pl Marta i Karol Nawroccy publicznie trzymaj\u0105 si\u0119 za r\u0119ce.&hellip;\n","protected":false},"author":2,"featured_media":209431,"comment_status":"","ping_status":"","sticky":false,"template":"","format":"standard","meta":{"footnotes":""},"categories":[12],"tags":[32,33,36,37,27,34,35,28,31,25,42,38,40,39,41,29,30,26],"class_list":{"0":"post-209430","1":"post","2":"type-post","3":"status-publish","4":"format-standard","5":"has-post-thumbnail","7":"category-polska","8":"tag-breaking-news","9":"tag-breakingnews","10":"tag-featured-news","11":"tag-featurednews","12":"tag-headlines","13":"tag-latest-news","14":"tag-latestnews","15":"tag-naglowki","16":"tag-najwazniejsze-artykuly","17":"tag-news","18":"tag-pl","19":"tag-poland","20":"tag-polish","21":"tag-polska","22":"tag-polski","23":"tag-top-stories","24":"tag-topstories","25":"tag-wiadomosci"},"share_on_mastodon":{"url":"https:\/\/pubeurope.com\/@pl\/115906908212596699","error":""},"_links":{"self":[{"href":"https:\/\/www.europesays.com\/pl\/wp-json\/wp\/v2\/posts\/209430","targetHints":{"allow":["GET"]}}],"collection":[{"href":"https:\/\/www.europesays.com\/pl\/wp-json\/wp\/v2\/posts"}],"about":[{"href":"https:\/\/www.europesays.com\/pl\/wp-json\/wp\/v2\/types\/post"}],"author":[{"embeddable":true,"href":"https:\/\/www.europesays.com\/pl\/wp-json\/wp\/v2\/users\/2"}],"replies":[{"embeddable":true,"href":"https:\/\/www.europesays.com\/pl\/wp-json\/wp\/v2\/comments?post=209430"}],"version-history":[{"count":0,"href":"https:\/\/www.europesays.com\/pl\/wp-json\/wp\/v2\/posts\/209430\/revisions"}],"wp:featuredmedia":[{"embeddable":true,"href":"https:\/\/www.europesays.com\/pl\/wp-json\/wp\/v2\/media\/209431"}],"wp:attachment":[{"href":"https:\/\/www.europesays.com\/pl\/wp-json\/wp\/v2\/media?parent=209430"}],"wp:term":[{"taxonomy":"category","embeddable":true,"href":"https:\/\/www.europesays.com\/pl\/wp-json\/wp\/v2\/categories?post=209430"},{"taxonomy":"post_tag","embeddable":true,"href":"https:\/\/www.europesays.com\/pl\/wp-json\/wp\/v2\/tags?post=209430"}],"curies":[{"name":"wp","href":"https:\/\/api.w.org\/{rel}","templated":true}]}}