{"id":20961,"date":"2025-09-28T18:18:08","date_gmt":"2025-09-28T18:18:08","guid":{"rendered":"https:\/\/www.europesays.com\/pl\/20961\/"},"modified":"2025-09-28T18:18:08","modified_gmt":"2025-09-28T18:18:08","slug":"polak-poddal-walke-w-1-sekundzie-nie-dam-sie-sprzedac","status":"publish","type":"post","link":"https:\/\/www.europesays.com\/pl\/20961\/","title":{"rendered":"Polak podda\u0142 walk\u0119 w 1. sekundzie. &#8222;Nie dam si\u0119 sprzeda\u0107&#8221;"},"content":{"rendered":"\n<p class=\"contentpart contentpart--default contentpart--text\" data-position=\"0\">Zgromadzeni na hali w Grudzi\u0105dzu fani zacierali sobie r\u0119ce na pojedynek Marcina Szo\u0142tysika z faworytem gospodarzy, Jackiem Kujtkowskim. Nim starcie si\u0119 rozpocz\u0119\u0142o, to tak na dobr\u0105 spraw\u0119 si\u0119 zako\u0144czy\u0142o. Pierwszy z wymienionych podda\u0142 walk\u0119 ju\u017c w pierwszej sekundzie.<\/p>\n<p class=\"contentpart contentpart--default contentpart--text\" data-position=\"1\">Gdy tylko zabrzmia\u0142 pierwszy gong, Szo\u0142tysik przykl\u0119kn\u0105\u0142 na macie i odklepa\u0142, sygnalizuj\u0105c, \u017ce nie zamierza kontynuowa\u0107 pojedynku. Nie by\u0142o osoby, kt\u00f3ra nie by\u0142aby zaskoczona ca\u0142ym zaj\u015bciem. Co ciekawe, sam zainteresowany nie wyja\u015bni\u0142, dlaczego post\u0105pi\u0142 w taki spos\u00f3b.<\/p>\n<p class=\"contentpart contentpart--default contentpart--text\" data-position=\"2\">ZOBACZ WIDEO: Rysiewski o przysz\u0142o\u015bci Chalidowa. Jest post\u0119p w rozmowach<\/p>\n<p class=\"contentpart contentpart--default contentpart--text\" data-position=\"4\">Zrobi\u0142 to na drugi dzie\u0144 za po\u015brednictwem wpisu w mediach spo\u0142eczno\u015bciowych. Jak si\u0119 okazuje, Szo\u0142tysik poprzez poddanie walki ju\u017c w pierwszej sekundzie chcia\u0142 zaprotestowa\u0107 przeciwko swojemu sztabowi szkoleniowemu.<\/p>\n<p class=\"contentpart contentpart--default contentpart--text\" data-position=\"5\">&#8222;Wyszed\u0142em do oktagonu i od razu podda\u0142em walk\u0119. To nie by\u0142a s\u0142abo\u015b\u0107 &#8211; to by\u0142 m\u00f3j \u015bwiadomy bunt. Bunt przeciwko k\u0142amcom i manipulatorom, kt\u00f3rzy podaj\u0105 si\u0119 za m\u00f3j sztab, a w rzeczywisto\u015bci traktuj\u0105 zawodnik\u00f3w jak narz\u0119dzia do w\u0142asnych zysk\u00f3w&#8221; &#8211; czytamy.<\/p>\n<p class=\"contentpart contentpart--default contentpart--text\" data-position=\"6\">&#8222;Od pocz\u0105tku celowo nie wspierali mnie w przygotowaniach &#8211; chcieli, \u017cebym by\u0142 niegotowy i \u0142atwo wymienialny. Dla nich nie liczy si\u0119 sport, pasja ani po\u015bwi\u0119cenie &#8211; liczy si\u0119 tylko kasa i uk\u0142ady. Pr\u00f3bowali ze mnie zrobi\u0107 'mi\u0119so armatnie&#8217;, tak jak wcze\u015bniej zrobili to z innymi. Nie pozwol\u0119 na to&#8221; &#8211; dodawa\u0142.<\/p>\n<p class=\"contentpart contentpart--default contentpart--text\" data-position=\"7\">&#8222;M\u00f3j rywal nie ma z tym nic wsp\u00f3lnego &#8211; ma m\u00f3j pe\u0142en szacunek. W oktagonie przeprosi\u0142em go osobi\u015bcie, bo tak trzeba post\u0119powa\u0107 wobec prawdziwego wojownika. Przepraszam te\u017c kibic\u00f3w &#8211; serce mi p\u0119ka i \u0142zy cisn\u0105 si\u0119 do oczu, ale nie mog\u0142em post\u0105pi\u0107 inaczej. Godno\u015b\u0107 i honor s\u0105 ponad wszystkim&#8221; &#8211; kontynuowa\u0142.<\/p>\n<p class=\"contentpart contentpart--default contentpart--text\" data-position=\"8\">&#8222;To by\u0142 m\u00f3j krzyk sprzeciwu wobec k\u0142amstwa, manipulacji i wykorzystywania sportowc\u00f3w. Nie dam si\u0119 sprzeda\u0107. Do\u015b\u0107 tego&#8221; &#8211; podsumowa\u0142 w ostrych s\u0142owach.<\/p>\n<p class=\"contentpart contentpart--default contentpart--text\" data-position=\"9\">Chwil\u0119 po tym do ca\u0142ej sytuacji odnios\u0142a si\u0119 organizacja Babilon MMA. Przedstawiciele nie kryli pretensji do Szo\u0142tysika o jego zachowanie.<\/p>\n<p class=\"contentpart contentpart--default contentpart--text\" data-position=\"10\">&#8222;Stanowczo pot\u0119piamy niesportow\u0105 postaw\u0119 Marcina Szo\u0142tysika. Ca\u0142\u0105 jego ga\u017c\u0119 przekazujemy Jackowi Kujtkowskiemu, kt\u00f3remu bardzo zale\u017ca\u0142o na dobrym pokazaniu si\u0119 przed w\u0142asn\u0105 publiczno\u015bci\u0105.\u00a0Mo\u017cna by\u0142o po prostu stoczy\u0107 walk\u0119 i przegra\u0107. Nie trzeba by by\u0142o teraz wydawa\u0107 \u017cadnych o\u015bwiadcze\u0144 i tworzy\u0107 historii.\u00a0Rywal zas\u0142u\u017cy\u0142 na inne potraktowanie i kibice r\u00f3wnie\u017c&#8221; &#8211; napisano.<\/p>\n","protected":false},"excerpt":{"rendered":"Zgromadzeni na hali w Grudzi\u0105dzu fani zacierali sobie r\u0119ce na pojedynek Marcina Szo\u0142tysika z faworytem gospodarzy, Jackiem Kujtkowskim.&hellip;\n","protected":false},"author":2,"featured_media":20962,"comment_status":"","ping_status":"","sticky":false,"template":"","format":"standard","meta":{"footnotes":""},"categories":[24],"tags":[6669,1255,42,38,40,39,41,127,126,1256],"class_list":{"0":"post-20961","1":"post","2":"type-post","3":"status-publish","4":"format-standard","5":"has-post-thumbnail","7":"category-sport","8":"tag-babilon-mma","9":"tag-mma","10":"tag-pl","11":"tag-poland","12":"tag-polish","13":"tag-polska","14":"tag-polski","15":"tag-sport","16":"tag-sports","17":"tag-sporty-walki"},"share_on_mastodon":{"url":"","error":""},"_links":{"self":[{"href":"https:\/\/www.europesays.com\/pl\/wp-json\/wp\/v2\/posts\/20961","targetHints":{"allow":["GET"]}}],"collection":[{"href":"https:\/\/www.europesays.com\/pl\/wp-json\/wp\/v2\/posts"}],"about":[{"href":"https:\/\/www.europesays.com\/pl\/wp-json\/wp\/v2\/types\/post"}],"author":[{"embeddable":true,"href":"https:\/\/www.europesays.com\/pl\/wp-json\/wp\/v2\/users\/2"}],"replies":[{"embeddable":true,"href":"https:\/\/www.europesays.com\/pl\/wp-json\/wp\/v2\/comments?post=20961"}],"version-history":[{"count":0,"href":"https:\/\/www.europesays.com\/pl\/wp-json\/wp\/v2\/posts\/20961\/revisions"}],"wp:featuredmedia":[{"embeddable":true,"href":"https:\/\/www.europesays.com\/pl\/wp-json\/wp\/v2\/media\/20962"}],"wp:attachment":[{"href":"https:\/\/www.europesays.com\/pl\/wp-json\/wp\/v2\/media?parent=20961"}],"wp:term":[{"taxonomy":"category","embeddable":true,"href":"https:\/\/www.europesays.com\/pl\/wp-json\/wp\/v2\/categories?post=20961"},{"taxonomy":"post_tag","embeddable":true,"href":"https:\/\/www.europesays.com\/pl\/wp-json\/wp\/v2\/tags?post=20961"}],"curies":[{"name":"wp","href":"https:\/\/api.w.org\/{rel}","templated":true}]}}