{"id":209614,"date":"2026-01-16T23:15:09","date_gmt":"2026-01-16T23:15:09","guid":{"rendered":"https:\/\/www.europesays.com\/pl\/209614\/"},"modified":"2026-01-16T23:15:09","modified_gmt":"2026-01-16T23:15:09","slug":"11-letnie-dziecko-nie-zyje-tragiczny-pozar-domu-w-wielkopolsce-onet-2","status":"publish","type":"post","link":"https:\/\/www.europesays.com\/pl\/209614\/","title":{"rendered":"11-letnie dziecko nie \u017cyje. Tragiczny po\u017car domu w Wielkopolsce &#8211; Onet"},"content":{"rendered":"<ol>\n<li><a href=\"https:\/\/news.google.com\/rss\/articles\/CBMivAFBVV95cUxQTlNGWkdUdVFlZE9Bc3FWX0h0cDlpWEE4Z0pnWTI1WkpkU2o0MV85YTF0TDF5ZGVNeEY5WUhSYTMybWpFdlpxN3NWaDZBemk5bktrUlJ6Vm9QSVA1X0pja3ZnSFVBYldxUDMxS1VvY05hNjVRanlmbHZpYkFzOXl0dzQ3SG5hRWxaNHNWQzYwSEx6NFcxcklDMEVNeS1FRkE5OFo4TE5ETmZScUtQd05xY3B6dC1tQ25kQjk5Mg?oc=5\" target=\"_blank\" rel=\"nofollow noopener\">11-letnie dziecko nie \u017cyje. Tragiczny po\u017car domu w Wielkopolsce<\/a>&nbsp;&nbsp;Onet<\/li>\n<li><a href=\"https:\/\/news.google.com\/rss\/articles\/CBMivwFBVV95cUxOOE1XYlJaNkhBSXlaTlliTGtuZnJ2YVNRQzVlczJQZW9EYm00cTM3NUd6ZTNpNURndE9nY2dCMUd5czlXZGdjSlBtX0d1V2c1enBkNEQzZlNURkdZRVVpX3NrWHNBdDl3eDlWRzREQ1lwNXVNMWhUaUFrQ0hEemdFVlhlWnZNRFZnQ2ppY1l2MWZLUVl2SzlKMWVrMlRlMEczaFc4TkV3dDJMZDJDMTc2bkdsX2Q4LW5UNm1mLWZsUQ?oc=5\" target=\"_blank\" rel=\"nofollow noopener\">Po\u017car zacz\u0105\u0142 si\u0119 na poddaszu. Tragedia w Myjomicach, nie \u017cyje 11-letni ch\u0142opiec<\/a>&nbsp;&nbsp;Wydarzenia w INTERIA.PL<\/li>\n<li><a href=\"https:\/\/news.google.com\/rss\/articles\/CBMi0AFBVV95cUxNNkplQ2pqQlJCdXZfVTBDaEoxeVhkYWVDYU5BZ25zTlUtSUFHUHdZVld2dktqdWRZanB1V0dfVmhIQ3pfUnZkeWtqRVQybzRycXVnSUdYZzQyai1QcEw4VWpiaTc0bEJsbXZZdHFVQVdIXzEtYWF6XzZwLXU5MjBOMktpNmhkV2FBNUhST3l5Y2Y0TzRrNmhkSm1PRllJSWw3LXFSd3NnTC1DaVdfS3ZBc3VQU0ZXb1VEWVlhSF81NEVJOW52aGVXdF83VWpnQ2JN?oc=5\" target=\"_blank\" rel=\"nofollow noopener\">Tragedia w Myjomicach. Matka wbieg\u0142a w p\u0142omienie, pr\u00f3buj\u0105c ratowa\u0107 syna<\/a>&nbsp;&nbsp;Onet<\/li>\n<li><a href=\"https:\/\/news.google.com\/rss\/articles\/CBMikwFBVV95cUxPeHdDb2xhRkpMbEFMSkZYbjBFRlpKVk1YbFR2SkJwWlRveDZHUXB1S2d6MEZqLUpBdXRibENvNkZWNENzMnFJNjBhbjFqblhEeDZJTDdjc255WGdsbFZMcUhWYzFneDM2eExQR0szb1lCZDcwbHIzd19sMXl3SmJxbGlteGlnSjRyMFVnbG1RbF9aaVk?oc=5\" target=\"_blank\" rel=\"nofollow noopener\">Tragiczny po\u017car. Dziecko nie \u017cyje, kobieta w szpitalu<\/a>&nbsp;&nbsp;TVN24<\/li>\n<li><a href=\"https:\/\/news.google.com\/rss\/articles\/CBMiyAFBVV95cUxObV9KNDhnVGliR0tqVGVPS3I2Rms5c0IwQm8zVWZUQVdEcTVyX1NVSnhaZnUzdUVhbzRmWjF2UW5DU0dVcEJqc2JPZzRkejNnV1gwNWlLSndxUHhHNmMzdVFlNXAxNGVGRUhZTEVreG8xQ0tjUWZuNXoyVnRRSk9CdnZNQ01SRUVfV2dia2pmaG1SZVRrSFBVM1dTVzZraG9hM05fSlMzejUwQ0FzY1NyR0RmdmExbzU3VUVEVDhfRlpSMUNKd0NKSQ?oc=5\" target=\"_blank\" rel=\"nofollow noopener\">Po\u017car domu w regionie. Dwie osoby bez funkcji \u017cyciowych. Wci\u0105\u017c trwa walka o \u017cycie jednej z nich<\/a>&nbsp;&nbsp;Epoznan<\/li>\n<\/ol>\n","protected":false},"excerpt":{"rendered":"11-letnie dziecko nie \u017cyje. Tragiczny po\u017car domu w Wielkopolsce&nbsp;&nbsp;Onet Po\u017car zacz\u0105\u0142 si\u0119 na poddaszu. Tragedia w Myjomicach, nie&hellip;\n","protected":false},"author":2,"featured_media":209373,"comment_status":"","ping_status":"","sticky":false,"template":"","format":"standard","meta":{"footnotes":""},"categories":[5],"tags":[32,33,245,36,37,27,34,35,28,31,53,25,15149,52,68,51,55,42,38,40,39,41,4686,47,5425,29,30,65,50,26],"class_list":{"0":"post-209614","1":"post","2":"type-post","3":"status-publish","4":"format-standard","5":"has-post-thumbnail","7":"category-naglowki","8":"tag-breaking-news","9":"tag-breakingnews","10":"tag-dziecko_dzieci_dziecinstwo","11":"tag-featured-news","12":"tag-featurednews","13":"tag-headlines","14":"tag-latest-news","15":"tag-latestnews","16":"tag-naglowki","17":"tag-najwazniejsze-artykuly","18":"tag-new_header","19":"tag-news","20":"tag-niepelnosprawni_niepelnosprawnosc_osoba_niepelnosprawa","21":"tag-onet3","22":"tag-onet3d","23":"tag-onet3d_2i","24":"tag-phx","25":"tag-pl","26":"tag-poland","27":"tag-polish","28":"tag-polska","29":"tag-polski","30":"tag-pozar_pozary","31":"tag-screening_general","32":"tag-straz_pozarna_strazak_strazacy_osp_psp","33":"tag-top-stories","34":"tag-topstories","35":"tag-update_me","36":"tag-v2021","37":"tag-wiadomosci"},"share_on_mastodon":{"url":"","error":"Validation failed: Text character limit of 500 exceeded"},"_links":{"self":[{"href":"https:\/\/www.europesays.com\/pl\/wp-json\/wp\/v2\/posts\/209614","targetHints":{"allow":["GET"]}}],"collection":[{"href":"https:\/\/www.europesays.com\/pl\/wp-json\/wp\/v2\/posts"}],"about":[{"href":"https:\/\/www.europesays.com\/pl\/wp-json\/wp\/v2\/types\/post"}],"author":[{"embeddable":true,"href":"https:\/\/www.europesays.com\/pl\/wp-json\/wp\/v2\/users\/2"}],"replies":[{"embeddable":true,"href":"https:\/\/www.europesays.com\/pl\/wp-json\/wp\/v2\/comments?post=209614"}],"version-history":[{"count":0,"href":"https:\/\/www.europesays.com\/pl\/wp-json\/wp\/v2\/posts\/209614\/revisions"}],"wp:featuredmedia":[{"embeddable":true,"href":"https:\/\/www.europesays.com\/pl\/wp-json\/wp\/v2\/media\/209373"}],"wp:attachment":[{"href":"https:\/\/www.europesays.com\/pl\/wp-json\/wp\/v2\/media?parent=209614"}],"wp:term":[{"taxonomy":"category","embeddable":true,"href":"https:\/\/www.europesays.com\/pl\/wp-json\/wp\/v2\/categories?post=209614"},{"taxonomy":"post_tag","embeddable":true,"href":"https:\/\/www.europesays.com\/pl\/wp-json\/wp\/v2\/tags?post=209614"}],"curies":[{"name":"wp","href":"https:\/\/api.w.org\/{rel}","templated":true}]}}