{"id":209615,"date":"2026-01-16T23:16:08","date_gmt":"2026-01-16T23:16:08","guid":{"rendered":"https:\/\/www.europesays.com\/pl\/209615\/"},"modified":"2026-01-16T23:16:08","modified_gmt":"2026-01-16T23:16:08","slug":"ivan-runje-skomentowal-losowanie-jagiellonii-w-lidze-konferencji-fiorentina-sa-do-przejscia-sport-tvp-pl","status":"publish","type":"post","link":"https:\/\/www.europesays.com\/pl\/209615\/","title":{"rendered":"Ivan Runje skomentowa\u0142 losowanie Jagiellonii w Lidze Konferencji. &quot;Fiorentina? S\u0105 do przej\u015bcia&quot; &#8211; sport.tvp.pl"},"content":{"rendered":"<ol>\n<li><a href=\"https:\/\/news.google.com\/rss\/articles\/CBMivgFBVV95cUxPVDNsMVVkVDRyb1llcUFkUk1aYjVDYVlFVDdHdVRFYk92dVJublhUTnZxYVR0VFVTMVo4R2VnRG5nSmp4YWhLaXlqOHNOZm80LVFNdGxzSnZaNFdZVHU5QUZSdUp3cDRWNUExMFc4WVpQRFdaanpaLVRONnB5Y3pKeDJEdHAtbEZDeVJOSTNDT2tJcnZSdTZOMFZiZlNSdkZHZi1fMGpRRGFMUGNWT3RKWHBuY1ZMeE1oeTlLQkx30gHDAUFVX3lxTE1FSWkzQUxzVUZiVmFIRG41NnlNUGFpWV9SYll2VXVYRDV1N1BrUDgwaG1OeWlrTjhibDNmYVItSXdDMUVzRzZkenpPUzNtS0NOZUhxdklHaTdyRDNvN1JyNlJLUGdRWTB0X3lrcFZtRmZmcS0zR0puNDRNbFVwcFpsYi1rSXpXdHE4S3g0bHFoZXhybE1MNUdSVEMtODRnUTBPSEQtOFBQOTR1dzVIRGM1NFlsLXU0MU9KNmJvb2V1bFBzdw?oc=5\" target=\"_blank\" rel=\"nofollow noopener\">Ivan Runje skomentowa\u0142 losowanie Jagiellonii w Lidze Konferencji. &#8222;Fiorentina? S\u0105 do przej\u015bcia&#8221;<\/a>&nbsp;&nbsp;sport.tvp.pl<\/li>\n<li><a href=\"https:\/\/news.google.com\/rss\/articles\/CBMi2gFBVV95cUxOaE9KVHlQNUNvdFN5a2JaZXJlamNPSF9TSWRtYlIxMEpTQ081WGM3dzgyX0FpTllKa0pYQ0hfUGJWME9JQVp2amlkeFF0T01MSzN0RW11bHBBQUs3ckJKYnhPUm52NURFWl9SajU0cjVtRlNraGNNZEFtTG9tRGwwZU1JZDhFSTFEamw2c2JReElzbDdyLUZrVVpXVUctZkdDOHhlS0x4MlViUlRhMGdnX3lDb2RqZzZwSEJUTFJDRGFoNGMxRmlGR2FDR3UzQ1ZuTEZKaTdoUl9PQQ?oc=5\" target=\"_blank\" rel=\"nofollow noopener\">Wszystko nie tak! Najgorsze losowanie dla Lecha i Jagiellonii w LK<\/a>&nbsp;&nbsp;Przegl\u0105d Sportowy Onet<\/li>\n<li><a href=\"https:\/\/news.google.com\/rss\/articles\/CBMizAFBVV95cUxQTzc5YVZzRGZHaml2Mnh2Vm5WY3NOdmhSbUx0MTNGUEc0ZndsQzVnTzJMZ0hwc1UtUFl5LVJ2cXk2WFUzSXBBOUQ1eG1fU21ldXVGeXhFX0ZPRjJ3dFlCSmR5NGhRZFBVUVg4dVN4YkwtWElnR2JSWnRGV2xDRVZMU0dNQnhMdkNRZFVHX2dmYkF2Zk5PRDhUVjBMRGdYN1JvUGhJdlRiTnRET3JYb1d0YzdPUTlvUVh3ZkNPSHVKWDNILXlqMUJ3Skk4bUs?oc=5\" target=\"_blank\" rel=\"nofollow noopener\">Pucharowy hit Jagiellonii w LK. Lech dosta\u0142 co\u015b, czego nie chcia\u0142<\/a>&nbsp;&nbsp;Sport w INTERIA.PL<\/li>\n<li><a href=\"https:\/\/news.google.com\/rss\/articles\/CBMirwFBVV95cUxNbTV0d09kRjVlblhmSmFEZUcwVXVzT2d3LVVPQW03Y2tPY2k1azRnT2U2NHVsMDZ6WEs5ZVJUbFdnbDlqLUxBYnluTHYzWm9ZVno0a25RMUFUZ2RXRS10aGxnMjdyVzQ1YV9wV1R4V0V6WjZyM2xaM3dKdzVMZzlsSlVOYUEtdzdIUEtWLUhYZ2FIZkd4eW5JNDNQQmtfaU9vVWd1eVNTZ2c4aGlqVUJz0gG0AUFVX3lxTE96M1JFeHJaN3hSeFVob2U5Ty1lTzUtTkVQUTRaOFBsM3ltUGctb1NiQ1ZhaE5JaGoxMDlxTWVqcjFVYjVMNURhTFByQUdlRjVSbDRsdHVlQ2NWOFFQbHI4a3M1b2RrQlFVNk5aSzI1bDBqRjhRSXo1N3h5bUpDaWJadGVsM3N4MmhyZkJITWFDa0UzclVHM256S21La0wxc3JQUXhTMGk5akZvWGxZTGMyaUxlbw?oc=5\" target=\"_blank\" rel=\"nofollow noopener\">Lech Pozna\u0144 i Jagiellonia Bia\u0142ystok pozna\u0142y rywali w 1\/16 fina\u0142u Ligi Konferencji<\/a>&nbsp;&nbsp;sport.tvp.pl<\/li>\n<li><a href=\"https:\/\/news.google.com\/rss\/articles\/CBMiqAFBVV95cUxPQ1F5UzUzSjJfY3dyU0puZFJJWEN2T3g2MVBPdGFBNzRpWTdaWUhnZnVGQ2ZYMmp5dXFJQzQ4QnlPVW13dHhNN0pGY0ZheTh2eC1QYUotZUhGaGJkR3EtQTQ0dDRVRVJnbjkzS2VpcjI4NHBBMk1wZ0NQUGQxeDFzWU5GZlhqZXpYSjk1VGtCZk85eWNlRnB4UDBTUFd1cXFjM19kZ0syeTk?oc=5\" target=\"_blank\" rel=\"nofollow noopener\">Epokowe wyzwanie Jagiellonii! To nie uda\u0142o si\u0119 od 22 lat<\/a>&nbsp;&nbsp;Sport.pl<\/li>\n<\/ol>\n","protected":false},"excerpt":{"rendered":"Ivan Runje skomentowa\u0142 losowanie Jagiellonii w Lidze Konferencji. &#8222;Fiorentina? S\u0105 do przej\u015bcia&#8221;&nbsp;&nbsp;sport.tvp.pl Wszystko nie tak! Najgorsze losowanie dla&hellip;\n","protected":false},"author":2,"featured_media":209616,"comment_status":"","ping_status":"","sticky":false,"template":"","format":"standard","meta":{"footnotes":""},"categories":[24],"tags":[14204,39944,2615,5635,269,42,38,40,39,41,127,334,126],"class_list":{"0":"post-209615","1":"post","2":"type-post","3":"status-publish","4":"format-standard","5":"has-post-thumbnail","7":"category-sport","8":"tag-acf-fiorentina","9":"tag-ivan-runje","10":"tag-jagiellonia-bialystok","11":"tag-liga-konferencji","12":"tag-pilka-nozna","13":"tag-pl","14":"tag-poland","15":"tag-polish","16":"tag-polska","17":"tag-polski","18":"tag-sport","19":"tag-sport-tvp-pl","20":"tag-sports"},"share_on_mastodon":{"url":"https:\/\/pubeurope.com\/@pl\/115907329155777980","error":""},"_links":{"self":[{"href":"https:\/\/www.europesays.com\/pl\/wp-json\/wp\/v2\/posts\/209615","targetHints":{"allow":["GET"]}}],"collection":[{"href":"https:\/\/www.europesays.com\/pl\/wp-json\/wp\/v2\/posts"}],"about":[{"href":"https:\/\/www.europesays.com\/pl\/wp-json\/wp\/v2\/types\/post"}],"author":[{"embeddable":true,"href":"https:\/\/www.europesays.com\/pl\/wp-json\/wp\/v2\/users\/2"}],"replies":[{"embeddable":true,"href":"https:\/\/www.europesays.com\/pl\/wp-json\/wp\/v2\/comments?post=209615"}],"version-history":[{"count":0,"href":"https:\/\/www.europesays.com\/pl\/wp-json\/wp\/v2\/posts\/209615\/revisions"}],"wp:featuredmedia":[{"embeddable":true,"href":"https:\/\/www.europesays.com\/pl\/wp-json\/wp\/v2\/media\/209616"}],"wp:attachment":[{"href":"https:\/\/www.europesays.com\/pl\/wp-json\/wp\/v2\/media?parent=209615"}],"wp:term":[{"taxonomy":"category","embeddable":true,"href":"https:\/\/www.europesays.com\/pl\/wp-json\/wp\/v2\/categories?post=209615"},{"taxonomy":"post_tag","embeddable":true,"href":"https:\/\/www.europesays.com\/pl\/wp-json\/wp\/v2\/tags?post=209615"}],"curies":[{"name":"wp","href":"https:\/\/api.w.org\/{rel}","templated":true}]}}