{"id":209627,"date":"2026-01-16T23:30:08","date_gmt":"2026-01-16T23:30:08","guid":{"rendered":"https:\/\/www.europesays.com\/pl\/209627\/"},"modified":"2026-01-16T23:30:08","modified_gmt":"2026-01-16T23:30:08","slug":"makabryczne-wiesci-zivko-bakic-zamordowany-w-lesie","status":"publish","type":"post","link":"https:\/\/www.europesays.com\/pl\/209627\/","title":{"rendered":"Makabryczne wie\u015bci. Zivko Baki\u0107 zamordowany w lesie"},"content":{"rendered":"\n<p class=\"contentpart contentpart--default contentpart--text\" data-position=\"0\"><a href=\"https:\/\/sportowefakty.wp.pl\/pilka-nozna\/zivko-bakic\" rel=\"nofollow noopener\" target=\"_blank\">Zivko Baki\u0107<\/a>\u00a0zosta\u0142 postrzelony dwukrotnie podczas spaceru, gdy mia\u0142 na nodze elektroniczn\u0105 bransolet\u0119 (przebywa\u0142 w areszcie domowym). Do zdarzenia dosz\u0142o w pi\u0105tek po godz. 16 w lesie w okolicach Belgradu. Jak relacjonowa\u0142 serwis kurir.rs, m\u0119\u017cczyzna zmar\u0142 na miejscu. Na miejscu pracowali policjanci i prokurator z Wydzia\u0142u ds. Przest\u0119pczo\u015bci.<\/p>\n<p class=\"contentpart contentpart--default contentpart--text\" data-position=\"1\">\u015aledczy wskazywali Bakicia jako lidera grupy odpowiedzialnej za przemyt 324 kg kokainy z Ameryki Po\u0142udniowej do Europy. Narkotyki zabezpieczono w porcie w Salonikach. Serb zosta\u0142 skazany, cho\u0107 przed s\u0105dem we wrze\u015bniu 2024 roku nie przyzna\u0142 si\u0119 do winy.<\/p>\n<p>  <img decoding=\"async\" src=\"https:\/\/v.wpimg.pl\/X3dwLnN2d1IFFTpdYUl6R0ZNbgcnEHQREVV2TGEGbUtRT2MdOlZ2RBQUKABgQjQcDRotCStBd1IAAWMeIlM7VgwYIAorQAdEFFk_GCkQJQ\" alt=\"\" width=\"45\" height=\"58\" loading=\"lazy\"\/>  <\/p>\n<p class=\"contentpart contentpart--default contentpart--text\" data-position=\"2\">Baki\u0107 mia\u0142 dzia\u0142a\u0107 w strukturach tzw. ba\u0142ka\u0144skiego kartelu, utrzymuj\u0105c kontakty z Zoranem Jaksiciem, kt\u00f3ry by\u0142 nazywany &#8222;cz\u0142owiekiem o 1000 twarzach&#8221; (zmar\u0142 w 2025 roku w wi\u0119zieniu w Peru). W latach 2020-2021 Baki\u0107 mia\u0142 organizowa\u0107 przerzut narkotyk\u00f3w z Ekwadoru do Europy.<\/p>\n<p class=\"contentpart contentpart--default contentpart--text\" data-position=\"3\">Baki\u0107 pod koniec lat 90. XX wieku i na pocz\u0105tku 2000 roku by\u0142 perspektywicznym prawym obro\u0144c\u0105. Dobrze radzi\u0142 sobie w juniorach Crvenej zvezdy i FK Zemun, jednak porzuci\u0142 futbol i zamieszka\u0142 w Hiszpanii. Jego nazwisko pojawia\u0142o si\u0119 te\u017c w kontek\u015bcie \u015brodowisk pseudokibic\u00f3w.<\/p>\n<p class=\"contentpart contentpart--default contentpart--text\" data-position=\"4\">Prze\u0142omem w \u017cyciu Bakicia by\u0142a \u015bmier\u0107 brata w wypadku drogowym w Belgradzie. Wynaj\u0105\u0142 prywatnego detektywa, poniewa\u017c by\u0142 przekonany, \u017ce to nie by\u0142 zwyk\u0142y wypadek. Hiszpa\u0144ska policja pierwszy raz zatrzyma\u0142a Zivko Bakicia w 2014 roku wraz z grup\u0105 m\u0119\u017cczyzn pod zarzutem handlu narkotykami. Trafi\u0142 za kratki na ponad dwa lata, a po wyj\u015bciu z wi\u0119zienia umocni\u0142 swoj\u0105 pozycj\u0119 w przemycie z Ameryki Po\u0142udniowej.<\/p>\n<p>  <img decoding=\"async\" src=\"https:\/\/v.wpimg.pl\/X3dwLnN2d1IFFTpdYUl6R0ZNbgcnEHQREVV2TGEGbUtRT2MdOlZ2RBQUKABgQjQcDRotCStBd1IAAWMeIlM7VgwYIAorQAdEFFk_GCkQJQ\" alt=\"\" width=\"45\" height=\"58\" loading=\"lazy\"\/>  <\/p>\n<p class=\"contentpart contentpart--default contentpart--text\" data-position=\"5\">Niedaleko Marbelli zgin\u0105\u0142 w 2024 roku jego bliski wsp\u00f3\u0142pracownik, Sasa Momcilovi\u0107. \u015amier\u0107 Bakicia jest obecnie przedmiotem \u015bledztwa prowadzonego przez serbsk\u0105 policj\u0119 w ramach operacji &#8222;Vihor&#8221;.<\/p>\n","protected":false},"excerpt":{"rendered":"Zivko Baki\u0107\u00a0zosta\u0142 postrzelony dwukrotnie podczas spaceru, gdy mia\u0142 na nodze elektroniczn\u0105 bransolet\u0119 (przebywa\u0142 w areszcie domowym). Do zdarzenia&hellip;\n","protected":false},"author":2,"featured_media":209628,"comment_status":"","ping_status":"","sticky":false,"template":"","format":"standard","meta":{"footnotes":""},"categories":[24],"tags":[269,278,42,38,40,39,41,279,127,126,39945],"class_list":{"0":"post-209627","1":"post","2":"type-post","3":"status-publish","4":"format-standard","5":"has-post-thumbnail","7":"category-sport","8":"tag-pilka-nozna","9":"tag-pilka-w-europie","10":"tag-pl","11":"tag-poland","12":"tag-polish","13":"tag-polska","14":"tag-polski","15":"tag-serbia","16":"tag-sport","17":"tag-sports","18":"tag-zivko-bakic"},"share_on_mastodon":{"url":"https:\/\/pubeurope.com\/@pl\/115907383983315334","error":""},"_links":{"self":[{"href":"https:\/\/www.europesays.com\/pl\/wp-json\/wp\/v2\/posts\/209627","targetHints":{"allow":["GET"]}}],"collection":[{"href":"https:\/\/www.europesays.com\/pl\/wp-json\/wp\/v2\/posts"}],"about":[{"href":"https:\/\/www.europesays.com\/pl\/wp-json\/wp\/v2\/types\/post"}],"author":[{"embeddable":true,"href":"https:\/\/www.europesays.com\/pl\/wp-json\/wp\/v2\/users\/2"}],"replies":[{"embeddable":true,"href":"https:\/\/www.europesays.com\/pl\/wp-json\/wp\/v2\/comments?post=209627"}],"version-history":[{"count":0,"href":"https:\/\/www.europesays.com\/pl\/wp-json\/wp\/v2\/posts\/209627\/revisions"}],"wp:featuredmedia":[{"embeddable":true,"href":"https:\/\/www.europesays.com\/pl\/wp-json\/wp\/v2\/media\/209628"}],"wp:attachment":[{"href":"https:\/\/www.europesays.com\/pl\/wp-json\/wp\/v2\/media?parent=209627"}],"wp:term":[{"taxonomy":"category","embeddable":true,"href":"https:\/\/www.europesays.com\/pl\/wp-json\/wp\/v2\/categories?post=209627"},{"taxonomy":"post_tag","embeddable":true,"href":"https:\/\/www.europesays.com\/pl\/wp-json\/wp\/v2\/tags?post=209627"}],"curies":[{"name":"wp","href":"https:\/\/api.w.org\/{rel}","templated":true}]}}