{"id":209785,"date":"2026-01-17T06:08:15","date_gmt":"2026-01-17T06:08:15","guid":{"rendered":"https:\/\/www.europesays.com\/pl\/209785\/"},"modified":"2026-01-17T06:08:15","modified_gmt":"2026-01-17T06:08:15","slug":"lekarz-do-kierwinskiego-po-zdarzeniu-z-chelmna-skonczmy-z-tymi-tragediami","status":"publish","type":"post","link":"https:\/\/www.europesays.com\/pl\/209785\/","title":{"rendered":"Lekarz do Kierwi\u0144skiego po zdarzeniu z Che\u0142mna: sko\u0144czmy z tymi tragediami"},"content":{"rendered":"<p class=\"ods-c-paragraph \">31-letnia matka z Che\u0142mna i troje jej dzieci, kt\u00f3re wychowywa\u0142a samodzielnie, nie \u017cyj\u0105. Stra\u017cacy wezwani na miejsce zdarzenia musieli do mieszkania na parterze kamienicy wej\u015b\u0107 si\u0142owo. Znale\u017ali tam w \u0142\u00f3\u017ckach zw\u0142oki ca\u0142ej rodziny.<\/p>\n<p class=\"ods-c-paragraph \"> \u2013 Obecnie wykluczamy udzia\u0142 os\u00f3b trzecich w tym zdarzeniu. Na ten moment oceniamy, \u017ce by\u0142 to nieszcz\u0119\u015bliwy wypadek. Ustalenie, co by\u0142o przyczyn\u0105 tej tragedii, jeszcze potrwa. Jedn\u0105 z prawdopodobnych hipotez jest z\u0142y stan piecyka gazowego, ale musimy poczeka\u0107 na opini\u0119 bieg\u0142ego \u2014 przekaza\u0142a PAP rzecznik prasowa toru\u0144skiej prokuratury, Izabela Oliver.<\/p>\n<p>    Dalszy ci\u0105g artyku\u0142u pod materia\u0142em wideo    <\/p>\n<p> Co by\u0142o przyczyn\u0105 tragedii w Che\u0142mnie? <\/p>\n<p> Jakie dzia\u0142ania podj\u0105\u0142 lekarz Krzysztof Tomczyk? <\/p>\n<p> Czy w budynku znajdowa\u0142 si\u0119 czujnik czadu? <\/p>\n<p> Jakie rozporz\u0105dzenie zacz\u0119\u0142o obowi\u0105zywa\u0107 1 listopada 2024 roku? <\/p>\n<p class=\"ods-c-paragraph \">Z dost\u0119pnych informacji wynika, \u017ce rodzina mieszka\u0142a w wynaj\u0119tym mieszkaniu \u2014 trwaj\u0105 czynno\u015bci wyja\u015bniaj\u0105ce, czy w budynku znajdowa\u0142 si\u0119 czujnik czadu, a je\u015bli tak, czy by\u0142 sprawny, z wymienion\u0105 bateri\u0105. Gdyby tak by\u0142o, prawdopodobnie mo\u017cna by\u0142oby unikn\u0105\u0107 zatru\u0107 z tragicznym skutkiem.<\/p>\n<p class=\"ods-c-paragraph \">Lek. Krzysztof Tomczyk, kardiolog i flebolog prowadz\u0105cy w serwisie X konto <a rel=\"nofollow\" href=\"https:\/\/x.com\/blueeyedboy88\" id=\"7e4a5b06-9910-43c1-a1a9-493fdc679a10\">@blueeyedboy88<\/a> zaproponowa\u0142 systemowe rozwi\u0105zanie problemu, z czym zwr\u00f3ci\u0142 si\u0119 do Marcina Kierwi\u0144skiego w sieci.<\/p>\n<p class=\"ods-c-paragraph \">&#8222;Panie ministrze! Prosz\u0119 wprowadzi\u0107 rozporz\u0105dzenie, \u017ce ka\u017cde gospodarstwo musi mie\u0107 czujnik czadu! Niech PGNiG wymaga zakupu lub niech kupi w abonamecie za 1 z\u0142 dla 3 mln odbiorc\u00f3w czujniki czadu. To b\u0119dzie jakie\u015b 60-80 mln z\u0142otych. Sko\u0144czmy z tymi tragediami. Rozporz\u0105dzenie napisze pan w tydzie\u0144&#8221; \u2014 zaapelowa\u0142.<\/p>\n<p class=\"ods-c-paragraph \">Przypomnijmy \u2014 od 1 listopada 2024 r. zacz\u0119\u0142o obowi\u0105zywa\u0107 rozporz\u0105dzenie MSWiA, kt\u00f3re nak\u0142ada obowi\u0105zek instalacji czujek dymu i czadu. Ka\u017cdy nowo wznoszony budynek mieszkalny \u2014 niezale\u017cnie od tego, czy jest to dom jednorodzinny, samodzielne mieszkanie czy lokal przeznaczony pod us\u0142ugi hotelarskie, takie jak kr\u00f3tkoterminowy wynajem \u2014 musi by\u0107 wyposa\u017cony w autonomiczn\u0105 czujk\u0119 dymu oraz w czujnik tlenku w\u0119gla. Ten drugi jest wymagany wsz\u0119dzie tam, gdzie dochodzi do spalania paliwa, na przyk\u0142ad przy u\u017cytkowaniu pieca, kot\u0142a gazowego czy kominka.<\/p>\n<p><a href=\"https:\/\/eventory.cc\/event\/i-kongres-medonetpro#dlapi_npa=0&amp;dlapi_aid=f49e856d87f3b4b0bde1ff771909bff6&amp;dlapi_lu=202410231157264939106249\" title=\"MedonetPRO OnetPremium\" data-astro-prefetch=\"tap\" rel=\"nofollow noopener\" target=\"_blank\"> <img decoding=\"async\" src=\"https:\/\/www.europesays.com\/pl\/wp-content\/uploads\/2026\/01\/9xOk9lBaHR0cHM6Ly9vY2RuLmV1L3B1bHNjbXMvTURBXy9hMGY5NWNmMDcwYzA5MjFiZDc2NTFlYzU4MDEzNGIzNy5wbmeSlQMAA.jpeg\" height=\"200\" width=\"840\" alt=\"MedonetPRO OnetPremium\" loading=\"lazy\" class=\"ods-c-image__img ods-c-image__img--viewport-width\"\/> <\/a><\/p>\n<p>MedonetPRO OnetPremiumMedonet<\/p>\n","protected":false},"excerpt":{"rendered":"31-letnia matka z Che\u0142mna i troje jej dzieci, kt\u00f3re wychowywa\u0142a samodzielnie, nie \u017cyj\u0105. Stra\u017cacy wezwani na miejsce zdarzenia&hellip;\n","protected":false},"author":2,"featured_media":209786,"comment_status":"","ping_status":"","sticky":false,"template":"","format":"standard","meta":{"footnotes":"","_share_on_mastodon":"0"},"categories":[5],"tags":[32,33,19480,36,37,27,34,35,28,31,48,25,46,42,38,40,39,41,47,511,29,30,26,22708],"class_list":["post-209785","post","type-post","status-publish","format-standard","has-post-thumbnail","category-naglowki","tag-breaking-news","tag-breakingnews","tag-czad","tag-featured-news","tag-featurednews","tag-headlines","tag-latest-news","tag-latestnews","tag-naglowki","tag-najwazniejsze-artykuly","tag-nat_styl","tag-news","tag-omp","tag-pl","tag-poland","tag-polish","tag-polska","tag-polski","tag-screening_general","tag-smierc","tag-top-stories","tag-topstories","tag-wiadomosci","tag-zatrucie"],"share_on_mastodon":{"url":"https:\/\/pubeurope.com\/@pl\/115908949025775113","error":""},"_links":{"self":[{"href":"https:\/\/www.europesays.com\/pl\/wp-json\/wp\/v2\/posts\/209785","targetHints":{"allow":["GET"]}}],"collection":[{"href":"https:\/\/www.europesays.com\/pl\/wp-json\/wp\/v2\/posts"}],"about":[{"href":"https:\/\/www.europesays.com\/pl\/wp-json\/wp\/v2\/types\/post"}],"author":[{"embeddable":true,"href":"https:\/\/www.europesays.com\/pl\/wp-json\/wp\/v2\/users\/2"}],"replies":[{"embeddable":true,"href":"https:\/\/www.europesays.com\/pl\/wp-json\/wp\/v2\/comments?post=209785"}],"version-history":[{"count":0,"href":"https:\/\/www.europesays.com\/pl\/wp-json\/wp\/v2\/posts\/209785\/revisions"}],"wp:featuredmedia":[{"embeddable":true,"href":"https:\/\/www.europesays.com\/pl\/wp-json\/wp\/v2\/media\/209786"}],"wp:attachment":[{"href":"https:\/\/www.europesays.com\/pl\/wp-json\/wp\/v2\/media?parent=209785"}],"wp:term":[{"taxonomy":"category","embeddable":true,"href":"https:\/\/www.europesays.com\/pl\/wp-json\/wp\/v2\/categories?post=209785"},{"taxonomy":"post_tag","embeddable":true,"href":"https:\/\/www.europesays.com\/pl\/wp-json\/wp\/v2\/tags?post=209785"}],"curies":[{"name":"wp","href":"https:\/\/api.w.org\/{rel}","templated":true}]}}