{"id":209810,"date":"2026-01-17T06:28:07","date_gmt":"2026-01-17T06:28:07","guid":{"rendered":"https:\/\/www.europesays.com\/pl\/209810\/"},"modified":"2026-01-17T06:28:07","modified_gmt":"2026-01-17T06:28:07","slug":"spiecie-adwokata-ziobry-z-rzecznikiem-rzadu-za-ten-wpis-skonczy-pan-w-sadzie","status":"publish","type":"post","link":"https:\/\/www.europesays.com\/pl\/209810\/","title":{"rendered":"Spi\u0119cie adwokata Ziobry z rzecznikiem rz\u0105du. &#8222;Za ten wpis sko\u0144czy pan w s\u0105dzie&#8221;"},"content":{"rendered":"<p class=\"Paragraph_desktopParagraph__U31Gm\">W pi\u0105tkowy wiecz\u00f3r Adam Sz\u0142apka, kt\u00f3ry jest rzecznikiem rz\u0105du, opublikowa\u0142 na portalu X wpis, w kt\u00f3rym zaatakowa\u0142 kancelari\u0119 prawn\u0105, kt\u00f3r\u0105 reprezentuje Bartosz Lewandowski. Adwokat znany jest z reprezentowania m.in. Zbigniewa Ziobry oraz Marcina Romanowskiego.<\/p>\n<p class=\"Paragraph_desktopParagraph__U31Gm\">&#8222;Lista kancelarii prawnych przeznaczonych dla obywateli Rosji w Polsce zosta\u0142a opracowana przez Moskw\u0119 ju\u017c po barbarzy\u0144skiej napa\u015bci na Ukrain\u0119. Widnieje na niej \u00bbKHANZADYAN LEWANDOWSKI &amp; PARTNERS\u00ab. Ta sama kancelaria dzi\u015b broni Ziobry. Ka\u017cdy sam wyci\u0105gnie wnioski&#8221; \u2014 napisa\u0142 Sz\u0142apka, za\u0142\u0105czaj\u0105c do swojego wpisu zdj\u0119cie.<\/p>\n<ul class=\"OchatFollowUps_wrapper__1ry7X\">\n<li class=\"OchatFollowUps_item__Dhyly OchatFollowUps_itemDesktop__R6aBv\">Dlaczego Adam Sz\u0142apka zaatakowa\u0142 kancelari\u0119 prawn\u0105?<\/li>\n<li class=\"OchatFollowUps_item__Dhyly OchatFollowUps_itemDesktop__R6aBv\">Jak kancelaria Lewandowskiego znalaz\u0142a si\u0119 na li\u015bcie?<\/li>\n<li class=\"OchatFollowUps_item__Dhyly OchatFollowUps_itemDesktop__R6aBv\">Co odpowiedzia\u0142 Bartosz Lewandowski na wpis Sz\u0142apki?<\/li>\n<li class=\"OchatFollowUps_item__Dhyly OchatFollowUps_itemDesktop__R6aBv\">Jakie stanowisko zajmuje Zbigniew Ziobro w tej sprawie?<\/li>\n<\/ul>\n<p class=\"Paragraph_desktopParagraph__U31Gm\">Na jego s\u0142owa zareagowa\u0142 wywo\u0142any Bartosz Lewandowski, kt\u00f3ry ju\u017c na pocz\u0105tku zaznaczy\u0142, \u017ce &#8222;za ten wpis sko\u0144czy pan w s\u0105dzie&#8221;. &#8222;Ambasada bez pro\u015bby i wiedzy z naszej strony umie\u015bci\u0142a na stronie informacje o kancelariach, kt\u00f3rych prawnicy \u015bwiadcz\u0105 pomoc prawn\u0105 w j\u0119zyku rosyjskim (w przyt\u0142aczaj\u0105cej wi\u0119kszo\u015bci zg\u0142aszaj\u0105 si\u0119 do nas klienci w\u0142a\u015bnie z Ukrainy). Lista zawiera list\u0119 wielu adwokat\u00f3w, w tym bardzo profesjonalnych na rynku. To standardowa praktyka ambasad, \u017ce informuj\u0105 oni obywateli o dost\u0119pnej pomocy prawnej (w za\u0142\u0105czeniu ambasada USA). Dzisiaj si\u0119 o tym dowiedzieli\u015bmy i wyst\u0105pili\u015bmy o usuni\u0119cie kancelarii z listy&#8221; \u2014 napisa\u0142 Lewandowski.<\/p>\n<p class=\"Paragraph_desktopParagraph__U31Gm\">&#8222;Kiedy pan i pana koledzy oraz kole\u017canki \u00bbpajacowali\u00ab na granicy zak\u0142\u00f3caj\u0105c prac\u0119 polskich s\u0142u\u017cb w trakcie wojny hybrydowej, ja przyj\u0105\u0142em do swojego domu 5-osobow\u0105 rodzin\u0119 z Ukrainy. Akurat moj\u0105 dzia\u0142alno\u015b\u0107 w 2023 r. doceni\u0142o medalem Stowarzyszenie Prawnik\u00f3w Ukrai\u0144skich. Wi\u0119c zarzucanie nam prorosyjsko\u015b\u0107 mo\u017ce tylko rzecznik rz\u0105du s\u0142yn\u0105cy z k\u0142amstw, manipulacji i pom\u00f3wie\u0144. Ale b\u0119dzie pan m\u00f3g\u0142 udowodni\u0107 swoje k\u0142amstwa w s\u0105dzie, wi\u0119c prosz\u0119 odbiera\u0107 poczt\u0119&#8221; \u2014 doda\u0142 adwokat.<\/p>\n","protected":false},"excerpt":{"rendered":"W pi\u0105tkowy wiecz\u00f3r Adam Sz\u0142apka, kt\u00f3ry jest rzecznikiem rz\u0105du, opublikowa\u0142 na portalu X wpis, w kt\u00f3rym zaatakowa\u0142 kancelari\u0119&hellip;\n","protected":false},"author":2,"featured_media":209811,"comment_status":"","ping_status":"","sticky":false,"template":"","format":"standard","meta":{"footnotes":""},"categories":[12],"tags":[2063,1675,32,33,36,37,27,34,35,28,31,53,25,52,68,51,55,42,38,40,39,41,62,47,29,30,65,50,26,4070],"class_list":{"0":"post-209810","1":"post","2":"type-post","3":"status-publish","4":"format-standard","5":"has-post-thumbnail","7":"category-polska","8":"tag-adam_szlapka","9":"tag-bartosz_lewandowski","10":"tag-breaking-news","11":"tag-breakingnews","12":"tag-featured-news","13":"tag-featurednews","14":"tag-headlines","15":"tag-latest-news","16":"tag-latestnews","17":"tag-naglowki","18":"tag-najwazniejsze-artykuly","19":"tag-new_header","20":"tag-news","21":"tag-onet3","22":"tag-onet3d","23":"tag-onet3d_2i","24":"tag-phx","25":"tag-pl","26":"tag-poland","27":"tag-polish","28":"tag-polska","29":"tag-polski","30":"tag-rosja_kraj_rosjanin_rosjanie_rosjanka_rosjanki","31":"tag-screening_general","32":"tag-top-stories","33":"tag-topstories","34":"tag-update_me","35":"tag-v2021","36":"tag-wiadomosci","37":"tag-zbigniew_ziobro_polityk"},"share_on_mastodon":{"url":"https:\/\/pubeurope.com\/@pl\/115909027676706620","error":""},"_links":{"self":[{"href":"https:\/\/www.europesays.com\/pl\/wp-json\/wp\/v2\/posts\/209810","targetHints":{"allow":["GET"]}}],"collection":[{"href":"https:\/\/www.europesays.com\/pl\/wp-json\/wp\/v2\/posts"}],"about":[{"href":"https:\/\/www.europesays.com\/pl\/wp-json\/wp\/v2\/types\/post"}],"author":[{"embeddable":true,"href":"https:\/\/www.europesays.com\/pl\/wp-json\/wp\/v2\/users\/2"}],"replies":[{"embeddable":true,"href":"https:\/\/www.europesays.com\/pl\/wp-json\/wp\/v2\/comments?post=209810"}],"version-history":[{"count":0,"href":"https:\/\/www.europesays.com\/pl\/wp-json\/wp\/v2\/posts\/209810\/revisions"}],"wp:featuredmedia":[{"embeddable":true,"href":"https:\/\/www.europesays.com\/pl\/wp-json\/wp\/v2\/media\/209811"}],"wp:attachment":[{"href":"https:\/\/www.europesays.com\/pl\/wp-json\/wp\/v2\/media?parent=209810"}],"wp:term":[{"taxonomy":"category","embeddable":true,"href":"https:\/\/www.europesays.com\/pl\/wp-json\/wp\/v2\/categories?post=209810"},{"taxonomy":"post_tag","embeddable":true,"href":"https:\/\/www.europesays.com\/pl\/wp-json\/wp\/v2\/tags?post=209810"}],"curies":[{"name":"wp","href":"https:\/\/api.w.org\/{rel}","templated":true}]}}