{"id":209814,"date":"2026-01-17T06:30:06","date_gmt":"2026-01-17T06:30:06","guid":{"rendered":"https:\/\/www.europesays.com\/pl\/209814\/"},"modified":"2026-01-17T06:30:06","modified_gmt":"2026-01-17T06:30:06","slug":"kacper-tomasiak-pokazal-moc-przed-ps-w-sapporo-a-dawid-kubacki-dal-jasny-sygnal-przeglad-sportowy-onet","status":"publish","type":"post","link":"https:\/\/www.europesays.com\/pl\/209814\/","title":{"rendered":"Kacper Tomasiak pokaza\u0142 moc przed P\u015a w Sapporo! A Dawid Kubacki? Da\u0142 jasny sygna\u0142 &#8211; Przegl\u0105d Sportowy Onet"},"content":{"rendered":"<ol>\n<li><a href=\"https:\/\/news.google.com\/rss\/articles\/CBMi5wFBVV95cUxQZ3RfR1RiSmN0S0pPZkppM0I3dXpHR3dVdmFpT0EwV1ZrbURyRGQzdG9nMTB5STJzSS1TbUVod1pxWGFiaW91X1BPcGhtQUpFZUNmTEpJelppUnFQZUtGUWtTSHIyOHVUR09rQVdCOTlvR2JmelFsRDJCbmhoS1FqWmU0a25HMUU5cDhndDhLZGE1dHRTQVItdE02WW9uUlFwbTk4bFR3TExMaFN5RGpiMGtMclRsaGtmUThUOWN6S2ZxYXVETzdnc01BTVRzdFZHbzEtX1ZMd0UtRGRGT3l4TUFvUHZqdUk?oc=5\" target=\"_blank\" rel=\"nofollow noopener\">Kacper Tomasiak pokaza\u0142 moc przed P\u015a w Sapporo! A Dawid Kubacki? Da\u0142 jasny sygna\u0142<\/a>&nbsp;&nbsp;Przegl\u0105d Sportowy Onet<\/li>\n<li><a href=\"https:\/\/news.google.com\/rss\/articles\/CBMi2gFBVV95cUxPbk5mMXJSVk0yMG1nYnJFSnRwNE5FWFIwdkRVSDlia3ozb0NXYThkRDNzQ2xTMnZ2Z004Q2pSeW5FYWRaUnVUa2lGRWRDakZVMlhQNWw2bXZ4LWVYQmtPVWR5WTJLdFdBSllmSzl4ZWFIU2wycERfVDQtTzZiV3hJYUh0cFBjVjloU0dwS0lxUVJEbkVZY3E2MVBKNUdaN3dvNEZMVTVmczJQT0RVWVNGbXNSTy1yRWxJNGdfQWlQOW95dm5kSkpfb0NJSUxIcy12dDZzcFkyTWxIZw?oc=5\" target=\"_blank\" rel=\"nofollow noopener\">P\u015a w skokach \u2014 Sapporo: seria pr\u00f3bna i konkurs indywidualny [RELACJA NA \u017bYWO]<\/a>&nbsp;&nbsp;Przegl\u0105d Sportowy Onet<\/li>\n<li><a href=\"https:\/\/news.google.com\/rss\/articles\/CBMivgFBVV95cUxPaG05UUkwRFJfMlVwYlRiSG1GZXljX2xrR3dVOEd3c2tSVmNIdmZzdS0wMmUwMmVmZ284OWVmTEc5QUFqTmtwLUw4NTNTV3ZWMGhQYkJXR1FiNjNMdGh2N3MtODNXLXg4VEhPUDhGcEZlbzR6QjFGaktybF9lYm1WeVlnUXVxVkh2TV8zSG1FSjVyajRveThDUVdHdHBWLXN2WUJrUUhLU0NzbDFLOEkwNTA1VFp2VjZIeHdITkx3?oc=5\" target=\"_blank\" rel=\"nofollow noopener\">Tomasiak w elicie na Okurayamie, ale co zrobi\u0142 Kubacki? Tu\u017c przed konkursem w Sapporo<\/a>&nbsp;&nbsp;Sport w INTERIA.PL<\/li>\n<li><a href=\"https:\/\/news.google.com\/rss\/articles\/CBMiygFBVV95cUxPOW1OQWt1SENyRk90QzdEYTg3V1NLWWJ0b0RyMzJOTVFMZnhFSV9HNmJmc1Q2RzJvN0c5X3JIOXFSaklQdWtwRUZZMnFHN3BLWlF0dUFvbUVxc240RFQ0cnF2Y24xeUtoU1dqS1ZiWHU1MktjeE1hVGp0QTA3d0ppYVVvWGsybjltV2R5RTZtVzNSdjY1Qk94czRDRkVidWZiT1NENUhRUkZkcXptWXJERlUxWVZpZDU2N2dET3FSS3dEVFJOa2lCQ3lR?oc=5\" target=\"_blank\" rel=\"nofollow noopener\">18-latek zn\u00f3w odda\u0142 bardzo dobry skok. O reszcie Polak\u00f3w lepiej nie wspomina\u0107<\/a>&nbsp;&nbsp;SportoweFakty<\/li>\n<li><a href=\"https:\/\/news.google.com\/rss\/articles\/CBMikAFBVV95cUxPUFFhX0ZqcktFWWVqeGY2dllxZDU2UlItME42czNMZWQ4c1FyNnJFYzAtSWwyTVJHQW5TNDFtTUI4VVlTUE1nVG1IRFhUZk9JcVYwOWVkd3ZwcmVzTVlfbVJVVlpVcm5SMHd3VkxxZG45YlBQRlNWZ0kyUEs5QnBxdnd1a3pkV1lsdmRUUE55ZWLSAZYBQVVfeXFMUElsb01KUGZINVM4Y0VUVS1GQzQ2WDBuZnowVko5akNDS3ktNXZRU2p6dGZ0ZVQxZ25lM1djSi1lNkVpU2ZCaXl5c0piOTBXU3BYRkh2VjAxYnJkcXVkVFl0Q1oteGNlNVVwaFhfaUpUMEZucFN0ejVXbG9wRWhZMjllWmwxLUw2OU9OVXgxdWtlSk1VbkZR?oc=5\" target=\"_blank\" rel=\"nofollow noopener\">P\u015a w Sapporo: Seria pr\u00f3bna dla Domena Prevca<\/a>&nbsp;&nbsp;Skijumping<\/li>\n<\/ol>\n","protected":false},"excerpt":{"rendered":"Kacper Tomasiak pokaza\u0142 moc przed P\u015a w Sapporo! A Dawid Kubacki? Da\u0142 jasny sygna\u0142&nbsp;&nbsp;Przegl\u0105d Sportowy Onet P\u015a w&hellip;\n","protected":false},"author":2,"featured_media":209815,"comment_status":"","ping_status":"","sticky":false,"template":"","format":"standard","meta":{"footnotes":""},"categories":[24],"tags":[3516,67,15023,14478,42,38,40,39,41,136,128,24409,47,1874,127,135,126,130],"class_list":{"0":"post-209814","1":"post","2":"type-post","3":"status-publish","4":"format-standard","5":"has-post-thumbnail","7":"category-sport","8":"tag-dawid_kubacki","9":"tag-intextvideo_splayer","10":"tag-kacper_tomasiak","11":"tag-maciej_kot","12":"tag-pl","13":"tag-poland","14":"tag-polish","15":"tag-polska","16":"tag-polski","17":"tag-ps_detal_new","18":"tag-psv2","19":"tag-puchar_swiata","20":"tag-screening_general","21":"tag-skoki_narciarskie","22":"tag-sport","23":"tag-sport_sport","24":"tag-sports","25":"tag-wiadomosci_sportowe"},"share_on_mastodon":{"url":"https:\/\/pubeurope.com\/@pl\/115909035438318243","error":""},"_links":{"self":[{"href":"https:\/\/www.europesays.com\/pl\/wp-json\/wp\/v2\/posts\/209814","targetHints":{"allow":["GET"]}}],"collection":[{"href":"https:\/\/www.europesays.com\/pl\/wp-json\/wp\/v2\/posts"}],"about":[{"href":"https:\/\/www.europesays.com\/pl\/wp-json\/wp\/v2\/types\/post"}],"author":[{"embeddable":true,"href":"https:\/\/www.europesays.com\/pl\/wp-json\/wp\/v2\/users\/2"}],"replies":[{"embeddable":true,"href":"https:\/\/www.europesays.com\/pl\/wp-json\/wp\/v2\/comments?post=209814"}],"version-history":[{"count":0,"href":"https:\/\/www.europesays.com\/pl\/wp-json\/wp\/v2\/posts\/209814\/revisions"}],"wp:featuredmedia":[{"embeddable":true,"href":"https:\/\/www.europesays.com\/pl\/wp-json\/wp\/v2\/media\/209815"}],"wp:attachment":[{"href":"https:\/\/www.europesays.com\/pl\/wp-json\/wp\/v2\/media?parent=209814"}],"wp:term":[{"taxonomy":"category","embeddable":true,"href":"https:\/\/www.europesays.com\/pl\/wp-json\/wp\/v2\/categories?post=209814"},{"taxonomy":"post_tag","embeddable":true,"href":"https:\/\/www.europesays.com\/pl\/wp-json\/wp\/v2\/tags?post=209814"}],"curies":[{"name":"wp","href":"https:\/\/api.w.org\/{rel}","templated":true}]}}