{"id":210100,"date":"2026-01-17T09:58:07","date_gmt":"2026-01-17T09:58:07","guid":{"rendered":"https:\/\/www.europesays.com\/pl\/210100\/"},"modified":"2026-01-17T09:58:07","modified_gmt":"2026-01-17T09:58:07","slug":"spiecie-adwokata-ziobry-z-rzecznikiem-rzadu-za-ten-wpis-skonczy-pan-w-sadzie-2","status":"publish","type":"post","link":"https:\/\/www.europesays.com\/pl\/210100\/","title":{"rendered":"Spi\u0119cie adwokata Ziobry z rzecznikiem rz\u0105du. &#8222;Za ten wpis sko\u0144czy pan w s\u0105dzie&#8221;"},"content":{"rendered":"<p class=\"ods-c-paragraph \">W pi\u0105tkowy wiecz\u00f3r Adam Sz\u0142apka, kt\u00f3ry jest rzecznikiem rz\u0105du, opublikowa\u0142 na portalu X wpis, w kt\u00f3rym zaatakowa\u0142 kancelari\u0119 prawn\u0105, kt\u00f3r\u0105 reprezentuje Bartosz Lewandowski. Adwokat znany jest z reprezentowania m.in. Zbigniewa Ziobry oraz Marcina Romanowskiego.<\/p>\n<p> Kto zaatakowa\u0142 kancelari\u0119 prawn\u0105 Zbigniewa Ziobry? <\/p>\n<p> Jak kancelaria Lewandowskiego znalaz\u0142a si\u0119 na li\u015bcie? <\/p>\n<p> Jakie oskar\u017cenia wysun\u0105\u0142 Lewandowski wobec Sz\u0142apki? <\/p>\n<p> Co odpowiedzia\u0142 Sz\u0142apka na gro\u017ab\u0119 pozwu? <\/p>\n<p class=\"ods-c-paragraph \">&#8222;Lista kancelarii prawnych przeznaczonych dla obywateli Rosji w Polsce zosta\u0142a opracowana przez Moskw\u0119 ju\u017c po barbarzy\u0144skiej napa\u015bci na Ukrain\u0119. Widnieje na niej \u00bbKHANZADYAN LEWANDOWSKI &amp; PARTNERS\u00ab. Ta sama kancelaria dzi\u015b broni Ziobry. Ka\u017cdy sam wyci\u0105gnie wnioski&#8221; \u2014 napisa\u0142 Sz\u0142apka, za\u0142\u0105czaj\u0105c do swojego wpisu zdj\u0119cie.<\/p>\n<p class=\"ods-c-paragraph \">Na jego s\u0142owa zareagowa\u0142 wywo\u0142any Bartosz Lewandowski, kt\u00f3ry ju\u017c na pocz\u0105tku zaznaczy\u0142, \u017ce &#8222;za ten wpis sko\u0144czy pan w s\u0105dzie&#8221;. &#8222;Ambasada bez pro\u015bby i wiedzy z naszej strony umie\u015bci\u0142a na stronie informacje o kancelariach, kt\u00f3rych prawnicy \u015bwiadcz\u0105 pomoc prawn\u0105 w j\u0119zyku rosyjskim (w przyt\u0142aczaj\u0105cej wi\u0119kszo\u015bci zg\u0142aszaj\u0105 si\u0119 do nas klienci w\u0142a\u015bnie z Ukrainy). Lista zawiera list\u0119 wielu adwokat\u00f3w, w tym bardzo profesjonalnych na rynku. To standardowa praktyka ambasad, \u017ce informuj\u0105 oni obywateli o dost\u0119pnej pomocy prawnej (w za\u0142\u0105czeniu ambasada USA). Dzisiaj si\u0119 o tym dowiedzieli\u015bmy i wyst\u0105pili\u015bmy o usuni\u0119cie kancelarii z listy&#8221; \u2014 napisa\u0142 Lewandowski.<\/p>\n<p class=\"ods-c-paragraph \">&#8222;Kiedy pan i pana koledzy oraz kole\u017canki \u00bbpajacowali\u00ab na granicy zak\u0142\u00f3caj\u0105c prac\u0119 polskich s\u0142u\u017cb w trakcie wojny hybrydowej, ja przyj\u0105\u0142em do swojego domu 5-osobow\u0105 rodzin\u0119 z Ukrainy. Akurat moj\u0105 dzia\u0142alno\u015b\u0107 w 2023 r. doceni\u0142o medalem Stowarzyszenie Prawnik\u00f3w Ukrai\u0144skich. Wi\u0119c zarzucanie nam prorosyjsko\u015b\u0107 mo\u017ce tylko rzecznik rz\u0105du s\u0142yn\u0105cy z k\u0142amstw, manipulacji i pom\u00f3wie\u0144. Ale b\u0119dzie pan m\u00f3g\u0142 udowodni\u0107 swoje k\u0142amstwa w s\u0105dzie, wi\u0119c prosz\u0119 odbiera\u0107 poczt\u0119&#8221; \u2014 doda\u0142 adwokat.<\/p>\n<p class=\"ods-c-paragraph \">Na tym nie sko\u0144czy\u0142a si\u0119 dyskusja mi\u0119dzy Sz\u0142apk\u0105 a Lewandowskim. W sobot\u0119 rano rzecznik rz\u0105du zareagowa\u0142 na gro\u017ab\u0119 pozwu. &#8222;Co za przypadek. Akurat pana wpisali na pierwsze miejsce. Ca\u0142e szcz\u0119\u015bcie niezw\u0142ocznie pan zareagowa\u0142&#8221; \u2014 napisa\u0142 Sz\u0142apka.<\/p>\n<p class=\"ods-c-paragraph \">&#8222;Czy Donald Tusk kaza\u0142 Panu napisa\u0107 ten wpis podany natychmiast dalej przez oficjalne konto premiera? Czy Pan si\u0119 w og\u00f3le zastanowi\u0142 nad tym, co Pan pisze? A jaki ja mam wp\u0142yw na to, \u017ce kto\u015b nasz\u0105 kancelari\u0119 umie\u015bci\u0142 na takim, a nie innym miejscu bez naszej wiedzy? Pan swojej sytuacji nie polepsza, bo opr\u00f3cz pozwu dostanie Pan r\u00f3wnie\u017c prywatny akt oskar\u017cenia. Jak teraz Panu nie uchyl\u0105 immunitetu, to bieg terminu przedawnienia jest zawieszony i w kolejnej kadencji odpowie Pan tak\u017ce karnie za to co Pan zrobi\u0142 mnie, mojemu wsp\u00f3lnikowi i sp\u00f3\u0142ce. A w czasie kiedy ta lista powstawa\u0142a ja otrzyma\u0142em obraz w dow\u00f3d wdzi\u0119czno\u015bci za pomoc rodzinie uchod\u017ac\u00f3w z Ukrainy, kt\u00f3rym udost\u0119pni\u0142em sw\u00f3j dom&#8221; \u2014 odpar\u0142 mecenas Lewandowski.<\/p>\n","protected":false},"excerpt":{"rendered":"W pi\u0105tkowy wiecz\u00f3r Adam Sz\u0142apka, kt\u00f3ry jest rzecznikiem rz\u0105du, opublikowa\u0142 na portalu X wpis, w kt\u00f3rym zaatakowa\u0142 kancelari\u0119&hellip;\n","protected":false},"author":2,"featured_media":210101,"comment_status":"","ping_status":"","sticky":false,"template":"","format":"standard","meta":{"footnotes":"","_share_on_mastodon":"0"},"categories":[12],"tags":[2063,1675,32,33,36,37,27,49,34,35,28,31,48,25,46,42,38,40,39,41,87,47,29,30,26,2037],"class_list":["post-210100","post","type-post","status-publish","format-standard","has-post-thumbnail","category-polska","tag-adam_szlapka","tag-bartosz_lewandowski","tag-breaking-news","tag-breakingnews","tag-featured-news","tag-featurednews","tag-headlines","tag-kraj","tag-latest-news","tag-latestnews","tag-naglowki","tag-najwazniejsze-artykuly","tag-nat_styl","tag-news","tag-omp","tag-pl","tag-poland","tag-polish","tag-polska","tag-polski","tag-rosja","tag-screening_general","tag-top-stories","tag-topstories","tag-wiadomosci","tag-zbigniew_ziobro"],"share_on_mastodon":{"url":"https:\/\/pubeurope.com\/@pl\/115909853314667094","error":""},"_links":{"self":[{"href":"https:\/\/www.europesays.com\/pl\/wp-json\/wp\/v2\/posts\/210100","targetHints":{"allow":["GET"]}}],"collection":[{"href":"https:\/\/www.europesays.com\/pl\/wp-json\/wp\/v2\/posts"}],"about":[{"href":"https:\/\/www.europesays.com\/pl\/wp-json\/wp\/v2\/types\/post"}],"author":[{"embeddable":true,"href":"https:\/\/www.europesays.com\/pl\/wp-json\/wp\/v2\/users\/2"}],"replies":[{"embeddable":true,"href":"https:\/\/www.europesays.com\/pl\/wp-json\/wp\/v2\/comments?post=210100"}],"version-history":[{"count":0,"href":"https:\/\/www.europesays.com\/pl\/wp-json\/wp\/v2\/posts\/210100\/revisions"}],"wp:featuredmedia":[{"embeddable":true,"href":"https:\/\/www.europesays.com\/pl\/wp-json\/wp\/v2\/media\/210101"}],"wp:attachment":[{"href":"https:\/\/www.europesays.com\/pl\/wp-json\/wp\/v2\/media?parent=210100"}],"wp:term":[{"taxonomy":"category","embeddable":true,"href":"https:\/\/www.europesays.com\/pl\/wp-json\/wp\/v2\/categories?post=210100"},{"taxonomy":"post_tag","embeddable":true,"href":"https:\/\/www.europesays.com\/pl\/wp-json\/wp\/v2\/tags?post=210100"}],"curies":[{"name":"wp","href":"https:\/\/api.w.org\/{rel}","templated":true}]}}