{"id":210162,"date":"2026-01-17T10:53:07","date_gmt":"2026-01-17T10:53:07","guid":{"rendered":"https:\/\/www.europesays.com\/pl\/210162\/"},"modified":"2026-01-17T10:53:07","modified_gmt":"2026-01-17T10:53:07","slug":"zuchwala-kradziez-w-luwrze-nowe-informacje-francuskiej-prokuratury","status":"publish","type":"post","link":"https:\/\/www.europesays.com\/pl\/210162\/","title":{"rendered":"Zuchwa\u0142a kradzie\u017c w Luwrze. Nowe informacje francuskiej prokuratury"},"content":{"rendered":"<p>Prokuratura w\u00a0Pary\u017cu, pod przewodnictwem prokuratorki Laure Beccuau, wci\u0105\u017c bada spraw\u0119 kradzie\u017cy klejnot\u00f3w z\u00a0Luwru, mimo \u017ce przes\u0142uchania podejrzanych nie dostarczy\u0142y nowych informacji. Jak informuje PAP, \u015bledztwo jest uwa\u017cane za priorytetowe, a\u00a0g\u0142\u00f3wnym celem pozostaje odnalezienie kosztowno\u015bci.<\/p>\n<p>Podejrzani o\u00a0kradzie\u017c zostali zatrzymani w\u00a0listopadzie 2025 r., ale prokuratura nie posiada dowod\u00f3w na zorganizowan\u0105 przest\u0119pczo\u015b\u0107 w\u015br\u00f3d aresztowanych. Partnerka jednego z\u00a0m\u0119\u017cczyzn jest r\u00f3wnie\u017c przes\u0142uchiwana jako potencjalna wsp\u00f3lniczka.<\/p>\n<p>T\u0142umy przed Luwrem. Cztery dni po\u00a0kradzie\u017cy muzeum otwiera si\u0119 ponownie <\/p>\n<p>Zuchwa\u0142a kradzie\u017c mia\u0142a miejsce 19 pa\u017adziernika 2025 r., kiedy to dw\u00f3ch w\u0142amywaczy wesz\u0142o do Galerii Apolla w\u00a0Luwrze przez okno balkonowe. W trakcie ucieczki zgubili oni koron\u0119 cesarzowej Eugenii, jednak inne przedmioty pozostaj\u0105 zaginione.<\/p>\n<p>Prokuratorka Beccuau wyrazi\u0142a nadziej\u0119 na odzyskanie klejnot\u00f3w, sugeruj\u0105c, \u017ce tropy mog\u0105 pojawi\u0107 si\u0119 na poziomie krajowym. Mia\u0142a nadziej\u0119 na wsp\u00f3\u0142prac\u0119 ze \u015bwiatem sztuki oraz \u015bledztwa za granic\u0105, co mog\u0142oby pom\u00f3c w\u00a0zlokalizowaniu zrabowanych kosztowno\u015bci.<\/p>\n<p>Brak nowych informacji nie zniech\u0119ca \u015bledczych, kt\u00f3rzy pozostaj\u0105 zdeterminowani w\u00a0swoich dzia\u0142aniach. Wzmianek o\u00a0mo\u017cliwym &#8222;czynnym \u017calu&#8221; ze strony sprawc\u00f3w prokuratura nie wyklucza, co mog\u0142oby wp\u0142yn\u0105\u0107 na z\u0142agodzenie ewentualnych kar.<\/p>\n","protected":false},"excerpt":{"rendered":"Prokuratura w\u00a0Pary\u017cu, pod przewodnictwem prokuratorki Laure Beccuau, wci\u0105\u017c bada spraw\u0119 kradzie\u017cy klejnot\u00f3w z\u00a0Luwru, mimo \u017ce przes\u0142uchania podejrzanych nie&hellip;\n","protected":false},"author":2,"featured_media":210163,"comment_status":"","ping_status":"","sticky":false,"template":"","format":"standard","meta":{"footnotes":""},"categories":[14],"tags":[32,33,27,34,35,28,31,25,40,41,80,29,30,26,82,83,84],"class_list":{"0":"post-210162","1":"post","2":"type-post","3":"status-publish","4":"format-standard","5":"has-post-thumbnail","7":"category-swiat","8":"tag-breaking-news","9":"tag-breakingnews","10":"tag-headlines","11":"tag-latest-news","12":"tag-latestnews","13":"tag-naglowki","14":"tag-najwazniejsze-artykuly","15":"tag-news","16":"tag-polish","17":"tag-polski","18":"tag-swiat","19":"tag-top-stories","20":"tag-topstories","21":"tag-wiadomosci","22":"tag-world","23":"tag-world-news","24":"tag-worldnews"},"share_on_mastodon":{"url":"https:\/\/pubeurope.com\/@pl\/115910069630420641","error":""},"_links":{"self":[{"href":"https:\/\/www.europesays.com\/pl\/wp-json\/wp\/v2\/posts\/210162","targetHints":{"allow":["GET"]}}],"collection":[{"href":"https:\/\/www.europesays.com\/pl\/wp-json\/wp\/v2\/posts"}],"about":[{"href":"https:\/\/www.europesays.com\/pl\/wp-json\/wp\/v2\/types\/post"}],"author":[{"embeddable":true,"href":"https:\/\/www.europesays.com\/pl\/wp-json\/wp\/v2\/users\/2"}],"replies":[{"embeddable":true,"href":"https:\/\/www.europesays.com\/pl\/wp-json\/wp\/v2\/comments?post=210162"}],"version-history":[{"count":0,"href":"https:\/\/www.europesays.com\/pl\/wp-json\/wp\/v2\/posts\/210162\/revisions"}],"wp:featuredmedia":[{"embeddable":true,"href":"https:\/\/www.europesays.com\/pl\/wp-json\/wp\/v2\/media\/210163"}],"wp:attachment":[{"href":"https:\/\/www.europesays.com\/pl\/wp-json\/wp\/v2\/media?parent=210162"}],"wp:term":[{"taxonomy":"category","embeddable":true,"href":"https:\/\/www.europesays.com\/pl\/wp-json\/wp\/v2\/categories?post=210162"},{"taxonomy":"post_tag","embeddable":true,"href":"https:\/\/www.europesays.com\/pl\/wp-json\/wp\/v2\/tags?post=210162"}],"curies":[{"name":"wp","href":"https:\/\/api.w.org\/{rel}","templated":true}]}}