{"id":210172,"date":"2026-01-17T11:00:07","date_gmt":"2026-01-17T11:00:07","guid":{"rendered":"https:\/\/www.europesays.com\/pl\/210172\/"},"modified":"2026-01-17T11:00:07","modified_gmt":"2026-01-17T11:00:07","slug":"kuriozalna-scena-z-macronem-zwrocil-sie-z-prosba-ws-okularow","status":"publish","type":"post","link":"https:\/\/www.europesays.com\/pl\/210172\/","title":{"rendered":"Kuriozalna scena z Macronem. Zwr\u00f3ci\u0142 si\u0119 z pro\u015bb\u0105 ws. okular\u00f3w"},"content":{"rendered":"<p>Prezydent Francji Emmanuel Macron przyszed\u0142 na jedno z\u00a0ostatnich spotka\u0144 w\u00a0okularach przeciws\u0142onecznych. Dzie\u0144 wcze\u015bniej pojawi\u0142 si\u0119 publicznie z\u00a0przekrwionym okiem. Pa\u0142ac Elizejski uspokaja\u0142, \u017ce to efekt p\u0119kni\u0119tego naczynia krwiono\u015bnego. Macron \u017cartobliwie powiedzia\u0142, \u017ce teraz ma &#8222;wzrok tygrysa&#8221;.<\/p>\n<p>Macron mia\u0142 pro\u015bb\u0119 ws. swoich okular\u00f3w  <\/p>\n<p>&#8211; Prosz\u0119 wybaczy\u0107 nieestetyczny wygl\u0105d mojego oka. To oczywi\u015bcie co\u015b ca\u0142kowicie niegro\u017anego &#8211;\u00a0powiedzia\u0142, prosz\u0105c o\u00a0wyrozumia\u0142o\u015b\u0107 dla faktu, i\u017c ma za\u0142o\u017cone okulary.<\/p>\n<p>P\u0119kni\u0119te naczynie krwiono\u015bne w\u00a0oku to tzw. wybroczyna podspoj\u00f3wkowa. Wybroczyna pojawia si\u0119 jako czerwona lub bordowa plamka na bia\u0142ku oka i\u00a0cho\u0107 wygl\u0105da niepokoj\u0105co, najcz\u0119\u015bciej jest ca\u0142kowicie nieszkodliwa.<\/p>\n<p>Zwykle nie powoduje b\u00f3lu ani zaburze\u0144 widzenia i\u00a0samoistnie ust\u0119puje w\u00a0ci\u0105gu kilku dni do dw\u00f3ch tygodni.<\/p>\n<p>Do p\u0119kni\u0119cia naczynia mo\u017ce doj\u015b\u0107 w\u00a0wyniku nag\u0142ego wzrostu ci\u015bnienia w\u00a0naczyniach krwiono\u015bnych, w\u00a0tym m.in. podczas kaszlu, kichania, wymiot\u00f3w, wysi\u0142ku fizycznego lub podnoszenia ci\u0119\u017car\u00f3w. Inne czynniki to urazy oka, zm\u0119czenie czy nadci\u015bnienie t\u0119tnicze.<\/p>\n<p>Najcz\u0119\u015bciej nie jest konieczne \u017cadne leczenie. Mo\u017cna wspom\u00f3c gojenie poprzez odpoczynek dla oczu i\u00a0unikanie nadmiernego pocierania.<\/p>\n","protected":false},"excerpt":{"rendered":"Prezydent Francji Emmanuel Macron przyszed\u0142 na jedno z\u00a0ostatnich spotka\u0144 w\u00a0okularach przeciws\u0142onecznych. Dzie\u0144 wcze\u015bniej pojawi\u0142 si\u0119 publicznie z\u00a0przekrwionym okiem.&hellip;\n","protected":false},"author":2,"featured_media":210173,"comment_status":"","ping_status":"","sticky":false,"template":"","format":"standard","meta":{"footnotes":""},"categories":[14],"tags":[32,33,27,34,35,28,31,25,40,41,80,29,30,26,82,83,84],"class_list":{"0":"post-210172","1":"post","2":"type-post","3":"status-publish","4":"format-standard","5":"has-post-thumbnail","7":"category-swiat","8":"tag-breaking-news","9":"tag-breakingnews","10":"tag-headlines","11":"tag-latest-news","12":"tag-latestnews","13":"tag-naglowki","14":"tag-najwazniejsze-artykuly","15":"tag-news","16":"tag-polish","17":"tag-polski","18":"tag-swiat","19":"tag-top-stories","20":"tag-topstories","21":"tag-wiadomosci","22":"tag-world","23":"tag-world-news","24":"tag-worldnews"},"share_on_mastodon":{"url":"https:\/\/pubeurope.com\/@pl\/115910097169172851","error":""},"_links":{"self":[{"href":"https:\/\/www.europesays.com\/pl\/wp-json\/wp\/v2\/posts\/210172","targetHints":{"allow":["GET"]}}],"collection":[{"href":"https:\/\/www.europesays.com\/pl\/wp-json\/wp\/v2\/posts"}],"about":[{"href":"https:\/\/www.europesays.com\/pl\/wp-json\/wp\/v2\/types\/post"}],"author":[{"embeddable":true,"href":"https:\/\/www.europesays.com\/pl\/wp-json\/wp\/v2\/users\/2"}],"replies":[{"embeddable":true,"href":"https:\/\/www.europesays.com\/pl\/wp-json\/wp\/v2\/comments?post=210172"}],"version-history":[{"count":0,"href":"https:\/\/www.europesays.com\/pl\/wp-json\/wp\/v2\/posts\/210172\/revisions"}],"wp:featuredmedia":[{"embeddable":true,"href":"https:\/\/www.europesays.com\/pl\/wp-json\/wp\/v2\/media\/210173"}],"wp:attachment":[{"href":"https:\/\/www.europesays.com\/pl\/wp-json\/wp\/v2\/media?parent=210172"}],"wp:term":[{"taxonomy":"category","embeddable":true,"href":"https:\/\/www.europesays.com\/pl\/wp-json\/wp\/v2\/categories?post=210172"},{"taxonomy":"post_tag","embeddable":true,"href":"https:\/\/www.europesays.com\/pl\/wp-json\/wp\/v2\/tags?post=210172"}],"curies":[{"name":"wp","href":"https:\/\/api.w.org\/{rel}","templated":true}]}}