{"id":210444,"date":"2026-01-17T14:06:12","date_gmt":"2026-01-17T14:06:12","guid":{"rendered":"https:\/\/www.europesays.com\/pl\/210444\/"},"modified":"2026-01-17T14:06:12","modified_gmt":"2026-01-17T14:06:12","slug":"kierowca-forda-przejechal-rondo-na-wprost-w-gorzowie-byl-pod-wplywem-srodkow-odurzajacych","status":"publish","type":"post","link":"https:\/\/www.europesays.com\/pl\/210444\/","title":{"rendered":"Kierowca forda przejecha\u0142 rondo na wprost w Gorzowie. By\u0142 pod wp\u0142ywem \u015brodk\u00f3w odurzaj\u0105cych"},"content":{"rendered":"<p>     &#13;<br \/>\n        <img decoding=\"async\" src=\"https:\/\/www.europesays.com\/pl\/wp-content\/uploads\/2026\/01\/28380.jpg\" alt=\"\" loading=\"lazy\"\/>    <\/p>\n<p>fot. Wypadki Gorz\u00f3w<\/p>\n<p>Przejecha\u0142 przez rondo Szczeci\u0144skie na wprost, rozbi\u0142 auto i porzuci\u0142 je na \u015brodku ronda Europejskiego w Gorzowie. 47-letni kierowca forda zosta\u0142 zatrzymany. Jest pod wp\u0142ywem \u015brodk\u00f3w odurzaj\u0105cych.<\/p>\n<p data-end=\"450\" data-start=\"83\" style=\"text-align: justify;\">W sobot\u0119 17 stycznia po godz. 10 s\u0142u\u017cby otrzyma\u0142y zg\u0142oszenie o kierowcy, kt\u00f3ry jecha\u0142 ul. My\u015bliborsk\u0105 i przejecha\u0142 rondo Szczeci\u0144skie na wprost, a nast\u0119pnie uderzy\u0142 w kraw\u0119\u017cnik na rondzie Europejskim. M\u0119\u017cczyzna porzuci\u0142 uszkodzonego forda na \u015brodku ronda i uciek\u0142 pieszo. Na miejsce zosta\u0142 wys\u0142any jeden zast\u0119p stra\u017cy po\u017carnej i policja.<\/p>\n<p data-end=\"656\" data-start=\"452\" style=\"text-align: justify;\">Istnia\u0142o podejrzenie, \u017ce kieruj\u0105cy fordem jest pijany. Okaza\u0142o si\u0119 jednak, \u017ce jest pod wp\u0142ywem \u015brodk\u00f3w odurzaj\u0105cych. Na szcz\u0119\u015bcie podczas \u201erajdu\u201d na\u0107panego kierowcy nikomu nic si\u0119 nie sta\u0142o.<\/p>\n<p data-end=\"1229\" data-is-last-node=\"\" data-is-only-node=\"\" data-start=\"658\" style=\"text-align: justify;\">&#8211; Kieruj\u0105cy samochodem osobowym marki ford przejecha\u0142 na wprost przez wysepk\u0119 na rondzie Szczeci\u0144skim, nast\u0119pnie z uwagi na uszkodzenia auta zatrzyma\u0142 si\u0119 na rondzie Europejskim. M\u0119\u017cczyzna porzuci\u0142 auto i poszed\u0142 do pobliskiego sklepu. Kiedy wychodzi\u0142, zosta\u0142 zatrzymany przez policjant\u00f3w. 47-letni m\u0119\u017cczyzna by\u0142 trze\u017awy, jednak wszystko wskazuje na to, \u017ce jest pod wp\u0142ywem \u015brodk\u00f3w odurzaj\u0105cych. Zosta\u0142 zabrany do szpitala na badania\u00a0&#8211; m\u00f3wi w rozmowie z portalem gorzowianin.com Agnieszka Wi\u015bniewska z Komendy Miejskiej Policji w Gorzowie.<\/p>\n<p>Fotoreporta\u017c<\/p>\n<p>\t<\/p>\n","protected":false},"excerpt":{"rendered":"&#13; fot. Wypadki Gorz\u00f3w Przejecha\u0142 przez rondo Szczeci\u0144skie na wprost, rozbi\u0142 auto i porzuci\u0142 je na \u015brodku ronda&hellip;\n","protected":false},"author":2,"featured_media":210445,"comment_status":"","ping_status":"","sticky":false,"template":"","format":"standard","meta":{"footnotes":""},"categories":[22],"tags":[122,6312,16438,40018,40021,42,38,40020,40,39,41,40017,40016,123,40019,40022],"class_list":{"0":"post-210444","1":"post","2":"type-post","3":"status-publish","4":"format-standard","5":"has-post-thumbnail","7":"category-rozrywka","8":"tag-entertainment","9":"tag-ford","10":"tag-gorzow","11":"tag-kierowca-pod-wplywem","12":"tag-mysliborska","13":"tag-pl","14":"tag-poland","15":"tag-policja-gorzow","16":"tag-polish","17":"tag-polska","18":"tag-polski","19":"tag-rondo-europejskie","20":"tag-rondo-szczecinskie","21":"tag-rozrywka","22":"tag-srodki-odurzajace","23":"tag-zdarzenie-drogowe-gorzow"},"share_on_mastodon":{"url":"https:\/\/pubeurope.com\/@pl\/115910828640632565","error":""},"_links":{"self":[{"href":"https:\/\/www.europesays.com\/pl\/wp-json\/wp\/v2\/posts\/210444","targetHints":{"allow":["GET"]}}],"collection":[{"href":"https:\/\/www.europesays.com\/pl\/wp-json\/wp\/v2\/posts"}],"about":[{"href":"https:\/\/www.europesays.com\/pl\/wp-json\/wp\/v2\/types\/post"}],"author":[{"embeddable":true,"href":"https:\/\/www.europesays.com\/pl\/wp-json\/wp\/v2\/users\/2"}],"replies":[{"embeddable":true,"href":"https:\/\/www.europesays.com\/pl\/wp-json\/wp\/v2\/comments?post=210444"}],"version-history":[{"count":0,"href":"https:\/\/www.europesays.com\/pl\/wp-json\/wp\/v2\/posts\/210444\/revisions"}],"wp:featuredmedia":[{"embeddable":true,"href":"https:\/\/www.europesays.com\/pl\/wp-json\/wp\/v2\/media\/210445"}],"wp:attachment":[{"href":"https:\/\/www.europesays.com\/pl\/wp-json\/wp\/v2\/media?parent=210444"}],"wp:term":[{"taxonomy":"category","embeddable":true,"href":"https:\/\/www.europesays.com\/pl\/wp-json\/wp\/v2\/categories?post=210444"},{"taxonomy":"post_tag","embeddable":true,"href":"https:\/\/www.europesays.com\/pl\/wp-json\/wp\/v2\/tags?post=210444"}],"curies":[{"name":"wp","href":"https:\/\/api.w.org\/{rel}","templated":true}]}}